{"id":12505,"date":"2023-03-10T17:41:52","date_gmt":"2023-03-10T17:41:52","guid":{"rendered":"https:\/\/bojornal.pt\/?p=12505"},"modified":"2023-03-11T17:57:06","modified_gmt":"2023-03-11T17:57:06","slug":"equipa-da-emidio-garcia-soma-e-segue-em-juvenis-femininos","status":"publish","type":"post","link":"https:\/\/bojornal.pt\/?p=12505","title":{"rendered":"Equipa da Em\u00eddio Garcia soma e segue em juvenis femininos"},"content":{"rendered":"\n<p><em><strong>As nossas atletas somaram mais duas vit\u00f3rias, em Mogadouro.<\/strong><\/em><\/p>\n\n\n\n<figure class=\"wp-block-image size-large is-style-default\"><img loading=\"lazy\" decoding=\"async\" width=\"1024\" height=\"472\" src=\"https:\/\/bojornal.pt\/wp-content\/uploads\/2023\/03\/WhatsApp-Image-2023-03-10-at-22.59.29-1024x472.jpeg\" alt=\"\" class=\"wp-image-12506\" srcset=\"https:\/\/bojornal.pt\/wp-content\/uploads\/2023\/03\/WhatsApp-Image-2023-03-10-at-22.59.29-1024x472.jpeg 1024w, https:\/\/bojornal.pt\/wp-content\/uploads\/2023\/03\/WhatsApp-Image-2023-03-10-at-22.59.29-300x138.jpeg 300w, https:\/\/bojornal.pt\/wp-content\/uploads\/2023\/03\/WhatsApp-Image-2023-03-10-at-22.59.29-150x69.jpeg 150w, https:\/\/bojornal.pt\/wp-content\/uploads\/2023\/03\/WhatsApp-Image-2023-03-10-at-22.59.29-768x354.jpeg 768w, https:\/\/bojornal.pt\/wp-content\/uploads\/2023\/03\/WhatsApp-Image-2023-03-10-at-22.59.29-1536x708.jpeg 1536w, https:\/\/bojornal.pt\/wp-content\/uploads\/2023\/03\/WhatsApp-Image-2023-03-10-at-22.59.29.jpeg 1600w\" sizes=\"auto, (max-width: 1024px) 100vw, 1024px\" \/><\/figure>\n\n\n\n<p>A equipa de voleibol (juvenis feminino) garantiu mais duas vit\u00f3rias, em mais uma jornada do Desporto Escolar. Desta vez, as nossas alunas deslocaram-se a Mogadouro, na segunda jornada da prova, para defrontar a equipa da casa, \u00e0 qual venceram por 1&#215;2, o mesmo resultado imposto \u00e0 escola de Mirandela. <br \/><strong><em>Resultados<\/em> (10.03.2023):<\/strong><br \/>ES Mogadouro 1 x ES Em\u00eddio Garcia 2;<br \/>Mirandela 1 x ES Em\u00eddio Garcia 2.<br \/><br \/>A pr\u00f3xima jornada est\u00e1 agendada para dia 17 de mar\u00e7o, na Escola Secund\u00e1ria Abade Ba\u00e7al, em Bragan\u00e7a.<\/p>\n\n\n\n<div class=\"wp-block-columns is-layout-flex wp-container-core-columns-is-layout-9d6595d7 wp-block-columns-is-layout-flex\">\n<div class=\"wp-block-column is-layout-flow wp-block-column-is-layout-flow\">\n<figure class=\"wp-block-image size-large is-style-default\"><img loading=\"lazy\" decoding=\"async\" width=\"1024\" height=\"682\" src=\"https:\/\/bojornal.pt\/wp-content\/uploads\/2023\/03\/WhatsApp-Image-2023-03-10-at-23.00.29-1024x682.jpeg\" alt=\"\" class=\"wp-image-12507\" srcset=\"https:\/\/bojornal.pt\/wp-content\/uploads\/2023\/03\/WhatsApp-Image-2023-03-10-at-23.00.29-1024x682.jpeg 1024w, https:\/\/bojornal.pt\/wp-content\/uploads\/2023\/03\/WhatsApp-Image-2023-03-10-at-23.00.29-300x200.jpeg 300w, https:\/\/bojornal.pt\/wp-content\/uploads\/2023\/03\/WhatsApp-Image-2023-03-10-at-23.00.29-150x100.jpeg 150w, https:\/\/bojornal.pt\/wp-content\/uploads\/2023\/03\/WhatsApp-Image-2023-03-10-at-23.00.29-768x512.jpeg 768w, https:\/\/bojornal.pt\/wp-content\/uploads\/2023\/03\/WhatsApp-Image-2023-03-10-at-23.00.29-1536x1023.jpeg 1536w, https:\/\/bojornal.pt\/wp-content\/uploads\/2023\/03\/WhatsApp-Image-2023-03-10-at-23.00.29.jpeg 1600w\" sizes=\"auto, (max-width: 1024px) 100vw, 1024px\" \/><\/figure>\n<\/div>\n<\/div>\n","protected":false},"excerpt":{"rendered":"<p>As nossas atletas somaram mais duas vit\u00f3rias, em Mogadouro. A equipa de voleibol (juvenis feminino) garantiu mais duas vit\u00f3rias, em mais uma jornada do Desporto Escolar. Desta vez, as nossas alunas deslocaram-se a Mogadouro,&#46;&#46;&#46;<\/p>\n","protected":false},"author":2,"featured_media":12506,"comment_status":"closed","ping_status":"open","sticky":false,"template":"","format":"standard","meta":{"footnotes":""},"categories":[27,9,16],"tags":[],"class_list":["post-12505","post","type-post","status-publish","format-standard","has-post-thumbnail","hentry","category-aeeg","category-em-foco","category-escola-secundaria-emidio-garcia"],"_links":{"self":[{"href":"https:\/\/bojornal.pt\/index.php?rest_route=\/wp\/v2\/posts\/12505","targetHints":{"allow":["GET"]}}],"collection":[{"href":"https:\/\/bojornal.pt\/index.php?rest_route=\/wp\/v2\/posts"}],"about":[{"href":"https:\/\/bojornal.pt\/index.php?rest_route=\/wp\/v2\/types\/post"}],"author":[{"embeddable":true,"href":"https:\/\/bojornal.pt\/index.php?rest_route=\/wp\/v2\/users\/2"}],"replies":[{"embeddable":true,"href":"https:\/\/bojornal.pt\/index.php?rest_route=%2Fwp%2Fv2%2Fcomments&post=12505"}],"version-history":[{"count":0,"href":"https:\/\/bojornal.pt\/index.php?rest_route=\/wp\/v2\/posts\/12505\/revisions"}],"wp:featuredmedia":[{"embeddable":true,"href":"https:\/\/bojornal.pt\/index.php?rest_route=\/wp\/v2\/media\/12506"}],"wp:attachment":[{"href":"https:\/\/bojornal.pt\/index.php?rest_route=%2Fwp%2Fv2%2Fmedia&parent=12505"}],"wp:term":[{"taxonomy":"category","embeddable":true,"href":"https:\/\/bojornal.pt\/index.php?rest_route=%2Fwp%2Fv2%2Fcategories&post=12505"},{"taxonomy":"post_tag","embeddable":true,"href":"https:\/\/bojornal.pt\/index.php?rest_route=%2Fwp%2Fv2%2Ftags&post=12505"}],"curies":[{"name":"wp","href":"https:\/\/api.w.org\/{rel}","templated":true}]}}