{"id":12488,"date":"2023-03-11T09:58:36","date_gmt":"2023-03-11T09:58:36","guid":{"rendered":"https:\/\/bojornal.pt\/?p=12488"},"modified":"2023-03-11T10:09:00","modified_gmt":"2023-03-11T10:09:00","slug":"agrupamento-participou-na-fase-municipal-do-concurso-nacional-de-leitura","status":"publish","type":"post","link":"https:\/\/bojornal.pt\/?p=12488","title":{"rendered":"Agrupamento participou na fase municipal do Concurso Nacional de Leitura"},"content":{"rendered":"\n<figure class=\"wp-block-image size-large is-style-default\"><img loading=\"lazy\" decoding=\"async\" width=\"1024\" height=\"683\" src=\"https:\/\/bojornal.pt\/wp-content\/uploads\/2023\/03\/geral-1024x683.jpg\" alt=\"\" class=\"wp-image-12489\" srcset=\"https:\/\/bojornal.pt\/wp-content\/uploads\/2023\/03\/geral-1024x683.jpg 1024w, https:\/\/bojornal.pt\/wp-content\/uploads\/2023\/03\/geral-300x200.jpg 300w, https:\/\/bojornal.pt\/wp-content\/uploads\/2023\/03\/geral-150x100.jpg 150w, https:\/\/bojornal.pt\/wp-content\/uploads\/2023\/03\/geral-768x512.jpg 768w, https:\/\/bojornal.pt\/wp-content\/uploads\/2023\/03\/geral-1536x1024.jpg 1536w, https:\/\/bojornal.pt\/wp-content\/uploads\/2023\/03\/geral.jpg 2048w\" sizes=\"auto, (max-width: 1024px) 100vw, 1024px\" \/><\/figure>\n\n\n\n<div class=\"wp-block-columns is-layout-flex wp-container-core-columns-is-layout-9d6595d7 wp-block-columns-is-layout-flex\">\n<div class=\"wp-block-column is-layout-flow wp-block-column-is-layout-flow\">\n<figure class=\"wp-block-image size-large is-style-default\"><img loading=\"lazy\" decoding=\"async\" width=\"1024\" height=\"683\" src=\"https:\/\/bojornal.pt\/wp-content\/uploads\/2023\/03\/3ciclojpg-1024x683.jpg\" alt=\"\" class=\"wp-image-12490\" srcset=\"https:\/\/bojornal.pt\/wp-content\/uploads\/2023\/03\/3ciclojpg-1024x683.jpg 1024w, https:\/\/bojornal.pt\/wp-content\/uploads\/2023\/03\/3ciclojpg-300x200.jpg 300w, https:\/\/bojornal.pt\/wp-content\/uploads\/2023\/03\/3ciclojpg-150x100.jpg 150w, https:\/\/bojornal.pt\/wp-content\/uploads\/2023\/03\/3ciclojpg-768x512.jpg 768w, https:\/\/bojornal.pt\/wp-content\/uploads\/2023\/03\/3ciclojpg-1536x1024.jpg 1536w, https:\/\/bojornal.pt\/wp-content\/uploads\/2023\/03\/3ciclojpg.jpg 2048w\" sizes=\"auto, (max-width: 1024px) 100vw, 1024px\" \/><\/figure>\n<\/div>\n\n\n\n<div class=\"wp-block-column is-layout-flow wp-block-column-is-layout-flow\">\n<figure class=\"wp-block-image size-large is-style-default\"><img loading=\"lazy\" decoding=\"async\" width=\"1024\" height=\"768\" src=\"https:\/\/bojornal.pt\/wp-content\/uploads\/2023\/03\/P_20230308_094750-1024x768.jpg\" alt=\"\" class=\"wp-image-12491\" srcset=\"https:\/\/bojornal.pt\/wp-content\/uploads\/2023\/03\/P_20230308_094750-1024x768.jpg 1024w, https:\/\/bojornal.pt\/wp-content\/uploads\/2023\/03\/P_20230308_094750-300x225.jpg 300w, https:\/\/bojornal.pt\/wp-content\/uploads\/2023\/03\/P_20230308_094750-150x113.jpg 150w, https:\/\/bojornal.pt\/wp-content\/uploads\/2023\/03\/P_20230308_094750-768x576.jpg 768w, https:\/\/bojornal.pt\/wp-content\/uploads\/2023\/03\/P_20230308_094750-1536x1152.jpg 1536w, https:\/\/bojornal.pt\/wp-content\/uploads\/2023\/03\/P_20230308_094750-2048x1536.jpg 2048w\" sizes=\"auto, (max-width: 1024px) 100vw, 1024px\" \/><\/figure>\n<\/div>\n<\/div>\n\n\n\n<div class=\"wp-block-columns is-layout-flex wp-container-core-columns-is-layout-9d6595d7 wp-block-columns-is-layout-flex\">\n<div class=\"wp-block-column is-layout-flow wp-block-column-is-layout-flow\">\n<figure class=\"wp-block-image size-large is-style-default\"><img loading=\"lazy\" decoding=\"async\" width=\"1024\" height=\"683\" src=\"https:\/\/bojornal.pt\/wp-content\/uploads\/2023\/03\/sec-1024x683.jpg\" alt=\"\" class=\"wp-image-12492\" srcset=\"https:\/\/bojornal.pt\/wp-content\/uploads\/2023\/03\/sec-1024x683.jpg 1024w, https:\/\/bojornal.pt\/wp-content\/uploads\/2023\/03\/sec-300x200.jpg 300w, https:\/\/bojornal.pt\/wp-content\/uploads\/2023\/03\/sec-150x100.jpg 150w, https:\/\/bojornal.pt\/wp-content\/uploads\/2023\/03\/sec-768x512.jpg 768w, https:\/\/bojornal.pt\/wp-content\/uploads\/2023\/03\/sec-1536x1024.jpg 1536w, https:\/\/bojornal.pt\/wp-content\/uploads\/2023\/03\/sec.jpg 2048w\" sizes=\"auto, (max-width: 1024px) 100vw, 1024px\" \/><\/figure>\n<\/div>\n\n\n\n<div class=\"wp-block-column is-layout-flow wp-block-column-is-layout-flow\">\n<figure class=\"wp-block-image size-full is-style-default\"><img loading=\"lazy\" decoding=\"async\" width=\"720\" height=\"480\" src=\"https:\/\/bojornal.pt\/wp-content\/uploads\/2023\/03\/1678374547594.jpg\" alt=\"\" class=\"wp-image-12495\" srcset=\"https:\/\/bojornal.pt\/wp-content\/uploads\/2023\/03\/1678374547594.jpg 720w, https:\/\/bojornal.pt\/wp-content\/uploads\/2023\/03\/1678374547594-300x200.jpg 300w, https:\/\/bojornal.pt\/wp-content\/uploads\/2023\/03\/1678374547594-150x100.jpg 150w\" sizes=\"auto, (max-width: 720px) 100vw, 720px\" \/><\/figure>\n<\/div>\n<\/div>\n\n\n\n<p>O Agrupamento de Escolas Em\u00eddio Garcia participou, mais uma vez, no Concurso Nacional de Leitura. A Fase Municipal da 16.\u00aa edi\u00e7\u00e3o decorreu ao longo do dia 8 de mar\u00e7o e contou, no per\u00edodo da manh\u00e3, com uma prova escrita \u00a0<em>online<\/em> (nas bibliotecas escolares) que serviu de pr\u00e9-sele\u00e7\u00e3o, para cada n\u00edvel de ensino. Durante aa tarde e em ambiente de festa, realizou-se a prova oral, no Audit\u00f3rio Paulo Quintela. Os resultados das nossas participantes foram excelentes, tendo no 3.\u00ba Ciclo ficado apuradas as alunas Mariana Lhano Lopes e Clara Pita Pereira; no ensino Secund\u00e1rio, as alunas Ana Sofia Santos, Ana J\u00falia Pinto e Eduarda Silva Pereira; e no segundo ciclo, os alunos Maria Sarmento Santos (5\u00baG) e Martinho Fernandes Pires Quintas (6\u00baG).<\/p>\n\n\n\n<p>Est\u00e3o de parab\u00e9ns todos os participantes, principalmente, os selecionados, pois ir\u00e3o representar o Agrupamento na pr\u00f3xima etapa do CNL, a Fase Intermunicipal, este ano, organizada pela Biblioteca Municipal de Macedo de Cavaleiros. <\/p>\n\n\n\n<p>No dia 19 abril, realizar-se-\u00e1 a prova escrita\u00a0<em>online\u00a0<\/em>e no 21 de abril, a modalidade da prova oral.\u00a0<\/p>\n\n\n\n<p>J\u00e1 s\u00e3o conhecidas as obras selecionadas para esta fase:<\/p>\n\n\n\n<p><strong>2\u00baCiclo<\/strong> &#8211; <em>O sil\u00eancio da \u00e1gua<\/em>, de Jos\u00e9 Saramago.<\/p>\n\n\n\n<p><strong>3.\u00ba Ciclo<\/strong>&nbsp;\u2013&nbsp;<em>O homem que plantava \u00e1rvores,<\/em>&nbsp;de Jean Giono<\/p>\n\n\n\n<p><strong>Ensino secund\u00e1rio<\/strong>\u00a0\u2013\u00a0<em>O Diabo Veio ao Enterro,\u00a0<\/em>de A. M. Pires Cabral<\/p>\n\n\n\n<p><\/p>\n\n\n\n<p><\/p>\n","protected":false},"excerpt":{"rendered":"<p>O Agrupamento de Escolas Em\u00eddio Garcia participou, mais uma vez, no Concurso Nacional de Leitura. A Fase Municipal da 16.\u00aa edi\u00e7\u00e3o decorreu ao longo do dia 8 de mar\u00e7o e contou, no per\u00edodo da&#46;&#46;&#46;<\/p>\n","protected":false},"author":2,"featured_media":12489,"comment_status":"closed","ping_status":"open","sticky":false,"template":"","format":"standard","meta":{"footnotes":""},"categories":[27,9,13,16],"tags":[],"class_list":["post-12488","post","type-post","status-publish","format-standard","has-post-thumbnail","hentry","category-aeeg","category-em-foco","category-escola-paulo-quintela","category-escola-secundaria-emidio-garcia"],"_links":{"self":[{"href":"https:\/\/bojornal.pt\/index.php?rest_route=\/wp\/v2\/posts\/12488","targetHints":{"allow":["GET"]}}],"collection":[{"href":"https:\/\/bojornal.pt\/index.php?rest_route=\/wp\/v2\/posts"}],"about":[{"href":"https:\/\/bojornal.pt\/index.php?rest_route=\/wp\/v2\/types\/post"}],"author":[{"embeddable":true,"href":"https:\/\/bojornal.pt\/index.php?rest_route=\/wp\/v2\/users\/2"}],"replies":[{"embeddable":true,"href":"https:\/\/bojornal.pt\/index.php?rest_route=%2Fwp%2Fv2%2Fcomments&post=12488"}],"version-history":[{"count":0,"href":"https:\/\/bojornal.pt\/index.php?rest_route=\/wp\/v2\/posts\/12488\/revisions"}],"wp:featuredmedia":[{"embeddable":true,"href":"https:\/\/bojornal.pt\/index.php?rest_route=\/wp\/v2\/media\/12489"}],"wp:attachment":[{"href":"https:\/\/bojornal.pt\/index.php?rest_route=%2Fwp%2Fv2%2Fmedia&parent=12488"}],"wp:term":[{"taxonomy":"category","embeddable":true,"href":"https:\/\/bojornal.pt\/index.php?rest_route=%2Fwp%2Fv2%2Fcategories&post=12488"},{"taxonomy":"post_tag","embeddable":true,"href":"https:\/\/bojornal.pt\/index.php?rest_route=%2Fwp%2Fv2%2Ftags&post=12488"}],"curies":[{"name":"wp","href":"https:\/\/api.w.org\/{rel}","templated":true}]}}