{"id":12476,"date":"2023-03-09T09:56:07","date_gmt":"2023-03-09T09:56:07","guid":{"rendered":"https:\/\/bojornal.pt\/?p=12476"},"modified":"2023-03-09T09:56:09","modified_gmt":"2023-03-09T09:56:09","slug":"tenis-de-mesa-em-moncorvo","status":"publish","type":"post","link":"https:\/\/bojornal.pt\/?p=12476","title":{"rendered":"T\u00e9nis de mesa em Moncorvo"},"content":{"rendered":"\n<p><strong><em>Alunos participam na terceira concentra\u00e7\u00e3o da modalidade, no Desporto Escolar<\/em><\/strong><\/p>\n\n\n\n<figure class=\"wp-block-image size-large is-style-default\"><img loading=\"lazy\" decoding=\"async\" width=\"1024\" height=\"768\" src=\"https:\/\/bojornal.pt\/wp-content\/uploads\/2023\/03\/WhatsApp-Image-2023-03-08-at-18.33.34-2-1024x768.jpeg\" alt=\"\" class=\"wp-image-12477\" srcset=\"https:\/\/bojornal.pt\/wp-content\/uploads\/2023\/03\/WhatsApp-Image-2023-03-08-at-18.33.34-2-1024x768.jpeg 1024w, https:\/\/bojornal.pt\/wp-content\/uploads\/2023\/03\/WhatsApp-Image-2023-03-08-at-18.33.34-2-300x225.jpeg 300w, https:\/\/bojornal.pt\/wp-content\/uploads\/2023\/03\/WhatsApp-Image-2023-03-08-at-18.33.34-2-150x113.jpeg 150w, https:\/\/bojornal.pt\/wp-content\/uploads\/2023\/03\/WhatsApp-Image-2023-03-08-at-18.33.34-2-768x576.jpeg 768w, https:\/\/bojornal.pt\/wp-content\/uploads\/2023\/03\/WhatsApp-Image-2023-03-08-at-18.33.34-2-1536x1152.jpeg 1536w, https:\/\/bojornal.pt\/wp-content\/uploads\/2023\/03\/WhatsApp-Image-2023-03-08-at-18.33.34-2.jpeg 2040w\" sizes=\"auto, (max-width: 1024px) 100vw, 1024px\" \/><\/figure>\n\n\n\n<div class=\"wp-block-columns is-layout-flex wp-container-core-columns-is-layout-9d6595d7 wp-block-columns-is-layout-flex\">\n<div class=\"wp-block-column is-layout-flow wp-block-column-is-layout-flow\">\n<figure class=\"wp-block-image size-large is-style-default\"><img loading=\"lazy\" decoding=\"async\" width=\"1024\" height=\"768\" src=\"https:\/\/bojornal.pt\/wp-content\/uploads\/2023\/03\/WhatsApp-Image-2023-03-08-at-18.33.34-1-1024x768.jpeg\" alt=\"\" class=\"wp-image-12478\" srcset=\"https:\/\/bojornal.pt\/wp-content\/uploads\/2023\/03\/WhatsApp-Image-2023-03-08-at-18.33.34-1-1024x768.jpeg 1024w, https:\/\/bojornal.pt\/wp-content\/uploads\/2023\/03\/WhatsApp-Image-2023-03-08-at-18.33.34-1-300x225.jpeg 300w, https:\/\/bojornal.pt\/wp-content\/uploads\/2023\/03\/WhatsApp-Image-2023-03-08-at-18.33.34-1-150x113.jpeg 150w, https:\/\/bojornal.pt\/wp-content\/uploads\/2023\/03\/WhatsApp-Image-2023-03-08-at-18.33.34-1-768x576.jpeg 768w, https:\/\/bojornal.pt\/wp-content\/uploads\/2023\/03\/WhatsApp-Image-2023-03-08-at-18.33.34-1-1536x1152.jpeg 1536w, https:\/\/bojornal.pt\/wp-content\/uploads\/2023\/03\/WhatsApp-Image-2023-03-08-at-18.33.34-1.jpeg 2040w\" sizes=\"auto, (max-width: 1024px) 100vw, 1024px\" \/><\/figure>\n<\/div>\n\n\n\n<div class=\"wp-block-column is-layout-flow wp-block-column-is-layout-flow\">\n<figure class=\"wp-block-image size-large is-style-default\"><img loading=\"lazy\" decoding=\"async\" width=\"1024\" height=\"768\" src=\"https:\/\/bojornal.pt\/wp-content\/uploads\/2023\/03\/WhatsApp-Image-2023-03-08-at-18.33.36-1024x768.jpeg\" alt=\"\" class=\"wp-image-12479\" srcset=\"https:\/\/bojornal.pt\/wp-content\/uploads\/2023\/03\/WhatsApp-Image-2023-03-08-at-18.33.36-1024x768.jpeg 1024w, https:\/\/bojornal.pt\/wp-content\/uploads\/2023\/03\/WhatsApp-Image-2023-03-08-at-18.33.36-300x225.jpeg 300w, https:\/\/bojornal.pt\/wp-content\/uploads\/2023\/03\/WhatsApp-Image-2023-03-08-at-18.33.36-150x113.jpeg 150w, https:\/\/bojornal.pt\/wp-content\/uploads\/2023\/03\/WhatsApp-Image-2023-03-08-at-18.33.36-768x576.jpeg 768w, https:\/\/bojornal.pt\/wp-content\/uploads\/2023\/03\/WhatsApp-Image-2023-03-08-at-18.33.36-1536x1152.jpeg 1536w, https:\/\/bojornal.pt\/wp-content\/uploads\/2023\/03\/WhatsApp-Image-2023-03-08-at-18.33.36.jpeg 2040w\" sizes=\"auto, (max-width: 1024px) 100vw, 1024px\" \/><\/figure>\n<\/div>\n<\/div>\n\n\n\n<div class=\"wp-block-columns is-layout-flex wp-container-core-columns-is-layout-9d6595d7 wp-block-columns-is-layout-flex\">\n<div class=\"wp-block-column is-layout-flow wp-block-column-is-layout-flow\">\n<div class=\"wp-block-columns is-layout-flex wp-container-core-columns-is-layout-9d6595d7 wp-block-columns-is-layout-flex\">\n<div class=\"wp-block-column is-layout-flow wp-block-column-is-layout-flow\">\n<figure class=\"wp-block-image size-large is-style-default\"><img loading=\"lazy\" decoding=\"async\" width=\"1024\" height=\"768\" src=\"https:\/\/bojornal.pt\/wp-content\/uploads\/2023\/03\/WhatsApp-Image-2023-03-08-at-18.33.36-1-1024x768.jpeg\" alt=\"\" class=\"wp-image-12480\" srcset=\"https:\/\/bojornal.pt\/wp-content\/uploads\/2023\/03\/WhatsApp-Image-2023-03-08-at-18.33.36-1-1024x768.jpeg 1024w, https:\/\/bojornal.pt\/wp-content\/uploads\/2023\/03\/WhatsApp-Image-2023-03-08-at-18.33.36-1-300x225.jpeg 300w, https:\/\/bojornal.pt\/wp-content\/uploads\/2023\/03\/WhatsApp-Image-2023-03-08-at-18.33.36-1-150x113.jpeg 150w, https:\/\/bojornal.pt\/wp-content\/uploads\/2023\/03\/WhatsApp-Image-2023-03-08-at-18.33.36-1-768x576.jpeg 768w, https:\/\/bojornal.pt\/wp-content\/uploads\/2023\/03\/WhatsApp-Image-2023-03-08-at-18.33.36-1-1536x1152.jpeg 1536w, https:\/\/bojornal.pt\/wp-content\/uploads\/2023\/03\/WhatsApp-Image-2023-03-08-at-18.33.36-1.jpeg 2040w\" sizes=\"auto, (max-width: 1024px) 100vw, 1024px\" \/><\/figure>\n<\/div>\n<\/div>\n<\/div>\n\n\n\n<div class=\"wp-block-column is-layout-flow wp-block-column-is-layout-flow\">\n<figure class=\"wp-block-image size-large is-style-default\"><img loading=\"lazy\" decoding=\"async\" width=\"1024\" height=\"768\" src=\"https:\/\/bojornal.pt\/wp-content\/uploads\/2023\/03\/WhatsApp-Image-2023-03-08-at-18.33.34-1024x768.jpeg\" alt=\"\" class=\"wp-image-12481\" srcset=\"https:\/\/bojornal.pt\/wp-content\/uploads\/2023\/03\/WhatsApp-Image-2023-03-08-at-18.33.34-1024x768.jpeg 1024w, https:\/\/bojornal.pt\/wp-content\/uploads\/2023\/03\/WhatsApp-Image-2023-03-08-at-18.33.34-300x225.jpeg 300w, https:\/\/bojornal.pt\/wp-content\/uploads\/2023\/03\/WhatsApp-Image-2023-03-08-at-18.33.34-150x113.jpeg 150w, https:\/\/bojornal.pt\/wp-content\/uploads\/2023\/03\/WhatsApp-Image-2023-03-08-at-18.33.34-768x576.jpeg 768w, https:\/\/bojornal.pt\/wp-content\/uploads\/2023\/03\/WhatsApp-Image-2023-03-08-at-18.33.34-1536x1152.jpeg 1536w, https:\/\/bojornal.pt\/wp-content\/uploads\/2023\/03\/WhatsApp-Image-2023-03-08-at-18.33.34.jpeg 2040w\" sizes=\"auto, (max-width: 1024px) 100vw, 1024px\" \/><\/figure>\n<\/div>\n<\/div>\n\n\n\n<p>Os alunos do Agrupamento de Escolas Em\u00eddio Garcia participaram na terceira concentra\u00e7\u00e3o de T\u00e9nis de Mesa, realizada na Escola EB\/S de Torre de Moncorvo. Numa tarde de muito desporto, os nossos alunos participaram na competi\u00e7\u00e3o, por equipas, no escal\u00e3o de Infantis B masculinos e Iniciados Masculinos. Na competi\u00e7\u00e3o Individual, o agrupamento participou  no escal\u00e3o de Infantis B Femininos, onde obteve o primeiro lugar da classifica\u00e7\u00e3o, conquistado pela aluna Maria Martinelle.<\/p>\n","protected":false},"excerpt":{"rendered":"<p>Alunos participam na terceira concentra\u00e7\u00e3o da modalidade, no Desporto Escolar Os alunos do Agrupamento de Escolas Em\u00eddio Garcia participaram na terceira concentra\u00e7\u00e3o de T\u00e9nis de Mesa, realizada na Escola EB\/S de Torre de Moncorvo.&#46;&#46;&#46;<\/p>\n","protected":false},"author":2,"featured_media":12477,"comment_status":"closed","ping_status":"open","sticky":false,"template":"","format":"standard","meta":{"footnotes":""},"categories":[2,13,16],"tags":[],"class_list":["post-12476","post","type-post","status-publish","format-standard","has-post-thumbnail","hentry","category-atualidade","category-escola-paulo-quintela","category-escola-secundaria-emidio-garcia"],"_links":{"self":[{"href":"https:\/\/bojornal.pt\/index.php?rest_route=\/wp\/v2\/posts\/12476","targetHints":{"allow":["GET"]}}],"collection":[{"href":"https:\/\/bojornal.pt\/index.php?rest_route=\/wp\/v2\/posts"}],"about":[{"href":"https:\/\/bojornal.pt\/index.php?rest_route=\/wp\/v2\/types\/post"}],"author":[{"embeddable":true,"href":"https:\/\/bojornal.pt\/index.php?rest_route=\/wp\/v2\/users\/2"}],"replies":[{"embeddable":true,"href":"https:\/\/bojornal.pt\/index.php?rest_route=%2Fwp%2Fv2%2Fcomments&post=12476"}],"version-history":[{"count":0,"href":"https:\/\/bojornal.pt\/index.php?rest_route=\/wp\/v2\/posts\/12476\/revisions"}],"wp:featuredmedia":[{"embeddable":true,"href":"https:\/\/bojornal.pt\/index.php?rest_route=\/wp\/v2\/media\/12477"}],"wp:attachment":[{"href":"https:\/\/bojornal.pt\/index.php?rest_route=%2Fwp%2Fv2%2Fmedia&parent=12476"}],"wp:term":[{"taxonomy":"category","embeddable":true,"href":"https:\/\/bojornal.pt\/index.php?rest_route=%2Fwp%2Fv2%2Fcategories&post=12476"},{"taxonomy":"post_tag","embeddable":true,"href":"https:\/\/bojornal.pt\/index.php?rest_route=%2Fwp%2Fv2%2Ftags&post=12476"}],"curies":[{"name":"wp","href":"https:\/\/api.w.org\/{rel}","templated":true}]}}