{"id":12454,"date":"2023-03-07T12:15:47","date_gmt":"2023-03-07T12:15:47","guid":{"rendered":"https:\/\/bojornal.pt\/?p=12454"},"modified":"2023-03-08T10:37:48","modified_gmt":"2023-03-08T10:37:48","slug":"bruna-ferreira-apurada-para-a-final-das-olimpiadas-de-matematica","status":"publish","type":"post","link":"https:\/\/bojornal.pt\/?p=12454","title":{"rendered":"Bruna Ferreira apurada para a final das Olimp\u00edadas de Matem\u00e1tica"},"content":{"rendered":"\n<p><strong><em>Evento realiza-se entre 30 de mar\u00e7o e 02 de abril, em Faro<\/em><\/strong><\/p>\n\n\n\n<figure class=\"wp-block-image size-large is-style-default\"><img loading=\"lazy\" decoding=\"async\" width=\"1024\" height=\"576\" src=\"https:\/\/bojornal.pt\/wp-content\/uploads\/2023\/03\/Final-1024x576.jpg\" alt=\"\" class=\"wp-image-12460\" srcset=\"https:\/\/bojornal.pt\/wp-content\/uploads\/2023\/03\/Final-1024x576.jpg 1024w, https:\/\/bojornal.pt\/wp-content\/uploads\/2023\/03\/Final-300x169.jpg 300w, https:\/\/bojornal.pt\/wp-content\/uploads\/2023\/03\/Final-150x84.jpg 150w, https:\/\/bojornal.pt\/wp-content\/uploads\/2023\/03\/Final-768x432.jpg 768w, https:\/\/bojornal.pt\/wp-content\/uploads\/2023\/03\/Final-1536x864.jpg 1536w, https:\/\/bojornal.pt\/wp-content\/uploads\/2023\/03\/Final.jpg 1920w\" sizes=\"auto, (max-width: 1024px) 100vw, 1024px\" \/><\/figure>\n\n\n\n<p>Se para muitos a Matem\u00e1tica \u00e9 uma dor de cabe\u00e7a, para outras nem tanto. Que o diga a nossa aluna do 9\u00ba A, Bruna Ferreira que teve um excelente desempenho, apurando-se para a final da <em>Final Nacional das XLI Olimp\u00edadas Portuguesas de Matem\u00e1tica<\/em>, agendada para os dia 30 de mar\u00e7o a 2 de abril, no Agrupamento de Escolas Tom\u00e1s Cabreira, em Faro.<\/p>\n\n\n\n<p>O Bjornal felicita a aluna e professores envolvidos e deseja os maiores sucessos para esta \u00faltima etapa. <\/p>\n","protected":false},"excerpt":{"rendered":"<p>Evento realiza-se entre 30 de mar\u00e7o e 02 de abril, em Faro Se para muitos a Matem\u00e1tica \u00e9 uma dor de cabe\u00e7a, para outras nem tanto. Que o diga a nossa aluna do 9\u00ba&#46;&#46;&#46;<\/p>\n","protected":false},"author":2,"featured_media":12460,"comment_status":"closed","ping_status":"open","sticky":false,"template":"","format":"standard","meta":{"footnotes":""},"categories":[27,9,16],"tags":[],"class_list":["post-12454","post","type-post","status-publish","format-standard","has-post-thumbnail","hentry","category-aeeg","category-em-foco","category-escola-secundaria-emidio-garcia"],"_links":{"self":[{"href":"https:\/\/bojornal.pt\/index.php?rest_route=\/wp\/v2\/posts\/12454","targetHints":{"allow":["GET"]}}],"collection":[{"href":"https:\/\/bojornal.pt\/index.php?rest_route=\/wp\/v2\/posts"}],"about":[{"href":"https:\/\/bojornal.pt\/index.php?rest_route=\/wp\/v2\/types\/post"}],"author":[{"embeddable":true,"href":"https:\/\/bojornal.pt\/index.php?rest_route=\/wp\/v2\/users\/2"}],"replies":[{"embeddable":true,"href":"https:\/\/bojornal.pt\/index.php?rest_route=%2Fwp%2Fv2%2Fcomments&post=12454"}],"version-history":[{"count":0,"href":"https:\/\/bojornal.pt\/index.php?rest_route=\/wp\/v2\/posts\/12454\/revisions"}],"wp:featuredmedia":[{"embeddable":true,"href":"https:\/\/bojornal.pt\/index.php?rest_route=\/wp\/v2\/media\/12460"}],"wp:attachment":[{"href":"https:\/\/bojornal.pt\/index.php?rest_route=%2Fwp%2Fv2%2Fmedia&parent=12454"}],"wp:term":[{"taxonomy":"category","embeddable":true,"href":"https:\/\/bojornal.pt\/index.php?rest_route=%2Fwp%2Fv2%2Fcategories&post=12454"},{"taxonomy":"post_tag","embeddable":true,"href":"https:\/\/bojornal.pt\/index.php?rest_route=%2Fwp%2Fv2%2Ftags&post=12454"}],"curies":[{"name":"wp","href":"https:\/\/api.w.org\/{rel}","templated":true}]}}