{"id":12424,"date":"2023-03-03T11:54:00","date_gmt":"2023-03-03T11:54:00","guid":{"rendered":"https:\/\/bojornal.pt\/?p=12424"},"modified":"2023-03-05T12:13:18","modified_gmt":"2023-03-05T12:13:18","slug":"com-as-maos-nas-particulas","status":"publish","type":"post","link":"https:\/\/bojornal.pt\/?p=12424","title":{"rendered":"<strong>Com as m\u00e3os nas part\u00edculas\u2026<\/strong>"},"content":{"rendered":"\n<p><strong><em>Alunos foram cientistas por um dia<\/em><\/strong><\/p>\n\n\n\n<div class=\"wp-block-columns is-layout-flex wp-container-core-columns-is-layout-9d6595d7 wp-block-columns-is-layout-flex\">\n<div class=\"wp-block-column is-layout-flow wp-block-column-is-layout-flow\">\n<figure class=\"wp-block-image size-large is-style-default\"><img loading=\"lazy\" decoding=\"async\" width=\"768\" height=\"1024\" src=\"https:\/\/bojornal.pt\/wp-content\/uploads\/2023\/03\/Masterclasses_Particulas-7-768x1024.jpeg\" alt=\"\" class=\"wp-image-12425\" srcset=\"https:\/\/bojornal.pt\/wp-content\/uploads\/2023\/03\/Masterclasses_Particulas-7-768x1024.jpeg 768w, https:\/\/bojornal.pt\/wp-content\/uploads\/2023\/03\/Masterclasses_Particulas-7-225x300.jpeg 225w, https:\/\/bojornal.pt\/wp-content\/uploads\/2023\/03\/Masterclasses_Particulas-7-113x150.jpeg 113w, https:\/\/bojornal.pt\/wp-content\/uploads\/2023\/03\/Masterclasses_Particulas-7-1152x1536.jpeg 1152w, https:\/\/bojornal.pt\/wp-content\/uploads\/2023\/03\/Masterclasses_Particulas-7.jpeg 1440w\" sizes=\"auto, (max-width: 768px) 100vw, 768px\" \/><\/figure>\n<\/div>\n\n\n\n<div class=\"wp-block-column is-layout-flow wp-block-column-is-layout-flow\">\n<figure class=\"wp-block-image size-large is-style-default\"><img loading=\"lazy\" decoding=\"async\" width=\"768\" height=\"1024\" src=\"https:\/\/bojornal.pt\/wp-content\/uploads\/2023\/03\/Masterclasses_Particulas-8-768x1024.jpeg\" alt=\"\" class=\"wp-image-12426\" srcset=\"https:\/\/bojornal.pt\/wp-content\/uploads\/2023\/03\/Masterclasses_Particulas-8-768x1024.jpeg 768w, https:\/\/bojornal.pt\/wp-content\/uploads\/2023\/03\/Masterclasses_Particulas-8-225x300.jpeg 225w, https:\/\/bojornal.pt\/wp-content\/uploads\/2023\/03\/Masterclasses_Particulas-8-113x150.jpeg 113w, https:\/\/bojornal.pt\/wp-content\/uploads\/2023\/03\/Masterclasses_Particulas-8-1152x1536.jpeg 1152w, https:\/\/bojornal.pt\/wp-content\/uploads\/2023\/03\/Masterclasses_Particulas-8.jpeg 1440w\" sizes=\"auto, (max-width: 768px) 100vw, 768px\" \/><\/figure>\n<\/div>\n<\/div>\n\n\n\n<p>Os alunos de F\u00edsica do 12.\u00ba ano e do 11.\u00baC tiveram a oportunidade de ser cientistas por um dia, metendo as m\u00e3os nas part\u00edculas. A iniciativa \u201cMasterclassses \u2013 Com as m\u00e3os nas part\u00edculas 2023\u201d, realizada no passado dia 28 de fevereiro, no Instituto Polit\u00e9cnico de Bragan\u00e7a (IPB), permitiu aos participantes um conjunto de experi\u00eancias que, certamente, se tornaram inesquec\u00edveis. De entre as diversas atividades destacaram-se: \u00a0o \u201ccurso de treino\u201d sobre os fundamentos da F\u00edsica de Part\u00edculas e Astropart\u00edculas, aplicado pelo professor e investigador Pedro Abreu (LIP e IST); a sess\u00e3o de esclarecimento sobre t\u00e9cnicas b\u00e1sicas usadas na an\u00e1lise de acontecimentos, orientada pela investigadora Helena Santos (LIP); uma sess\u00e3o experimental de an\u00e1lise de dados, de um conjunto de imagens de acontecimentos reais adquiridos na experi\u00eancia ATLAS, instalada em LHC (Large Hadron Collider) no CERN, por pares de alunos; e a apresenta\u00e7\u00e3o e discuss\u00e3o dos resultados em videoconfer\u00eancia com os outros grupos de escolas estrangeiras aderentes ao evento nesse dia, moderada por cientistas no CERN.<\/p>\n\n\n\n<div class=\"wp-block-columns is-layout-flex wp-container-core-columns-is-layout-9d6595d7 wp-block-columns-is-layout-flex\">\n<div class=\"wp-block-column is-layout-flow wp-block-column-is-layout-flow\">\n<figure class=\"wp-block-image size-large is-style-default\"><img loading=\"lazy\" decoding=\"async\" width=\"768\" height=\"1024\" src=\"https:\/\/bojornal.pt\/wp-content\/uploads\/2023\/03\/Masterclasses_Particulas-1-768x1024.jpeg\" alt=\"\" class=\"wp-image-12427\" srcset=\"https:\/\/bojornal.pt\/wp-content\/uploads\/2023\/03\/Masterclasses_Particulas-1-768x1024.jpeg 768w, https:\/\/bojornal.pt\/wp-content\/uploads\/2023\/03\/Masterclasses_Particulas-1-225x300.jpeg 225w, https:\/\/bojornal.pt\/wp-content\/uploads\/2023\/03\/Masterclasses_Particulas-1-113x150.jpeg 113w, https:\/\/bojornal.pt\/wp-content\/uploads\/2023\/03\/Masterclasses_Particulas-1-1152x1536.jpeg 1152w, https:\/\/bojornal.pt\/wp-content\/uploads\/2023\/03\/Masterclasses_Particulas-1.jpeg 1536w\" sizes=\"auto, (max-width: 768px) 100vw, 768px\" \/><\/figure>\n<\/div>\n\n\n\n<div class=\"wp-block-column is-layout-flow wp-block-column-is-layout-flow\">\n<figure class=\"wp-block-image size-large is-style-default\"><img loading=\"lazy\" decoding=\"async\" width=\"768\" height=\"1024\" src=\"https:\/\/bojornal.pt\/wp-content\/uploads\/2023\/03\/Masterclasses_Particulas-2-768x1024.jpeg\" alt=\"\" class=\"wp-image-12428\" srcset=\"https:\/\/bojornal.pt\/wp-content\/uploads\/2023\/03\/Masterclasses_Particulas-2-768x1024.jpeg 768w, https:\/\/bojornal.pt\/wp-content\/uploads\/2023\/03\/Masterclasses_Particulas-2-225x300.jpeg 225w, https:\/\/bojornal.pt\/wp-content\/uploads\/2023\/03\/Masterclasses_Particulas-2-113x150.jpeg 113w, https:\/\/bojornal.pt\/wp-content\/uploads\/2023\/03\/Masterclasses_Particulas-2-1152x1536.jpeg 1152w, https:\/\/bojornal.pt\/wp-content\/uploads\/2023\/03\/Masterclasses_Particulas-2.jpeg 1536w\" sizes=\"auto, (max-width: 768px) 100vw, 768px\" \/><\/figure>\n<\/div>\n\n\n\n<div class=\"wp-block-column is-layout-flow wp-block-column-is-layout-flow\">\n<figure class=\"wp-block-image size-large is-style-default\"><img loading=\"lazy\" decoding=\"async\" width=\"768\" height=\"1024\" src=\"https:\/\/bojornal.pt\/wp-content\/uploads\/2023\/03\/Masterclasses_Particulas-3-768x1024.jpeg\" alt=\"\" class=\"wp-image-12429\" srcset=\"https:\/\/bojornal.pt\/wp-content\/uploads\/2023\/03\/Masterclasses_Particulas-3-768x1024.jpeg 768w, https:\/\/bojornal.pt\/wp-content\/uploads\/2023\/03\/Masterclasses_Particulas-3-225x300.jpeg 225w, https:\/\/bojornal.pt\/wp-content\/uploads\/2023\/03\/Masterclasses_Particulas-3-113x150.jpeg 113w, https:\/\/bojornal.pt\/wp-content\/uploads\/2023\/03\/Masterclasses_Particulas-3-1152x1536.jpeg 1152w, https:\/\/bojornal.pt\/wp-content\/uploads\/2023\/03\/Masterclasses_Particulas-3.jpeg 1440w\" sizes=\"auto, (max-width: 768px) 100vw, 768px\" \/><\/figure>\n<\/div>\n<\/div>\n\n\n\n<div class=\"wp-block-columns is-layout-flex wp-container-core-columns-is-layout-9d6595d7 wp-block-columns-is-layout-flex\">\n<div class=\"wp-block-column is-layout-flow wp-block-column-is-layout-flow\">\n<figure class=\"wp-block-image size-large is-style-default\"><img loading=\"lazy\" decoding=\"async\" width=\"1024\" height=\"768\" src=\"https:\/\/bojornal.pt\/wp-content\/uploads\/2023\/03\/Masterclasses_Particulas-5-1024x768.jpeg\" alt=\"\" class=\"wp-image-12430\" srcset=\"https:\/\/bojornal.pt\/wp-content\/uploads\/2023\/03\/Masterclasses_Particulas-5-1024x768.jpeg 1024w, https:\/\/bojornal.pt\/wp-content\/uploads\/2023\/03\/Masterclasses_Particulas-5-300x225.jpeg 300w, https:\/\/bojornal.pt\/wp-content\/uploads\/2023\/03\/Masterclasses_Particulas-5-150x113.jpeg 150w, https:\/\/bojornal.pt\/wp-content\/uploads\/2023\/03\/Masterclasses_Particulas-5-768x576.jpeg 768w, https:\/\/bojornal.pt\/wp-content\/uploads\/2023\/03\/Masterclasses_Particulas-5-1536x1152.jpeg 1536w, https:\/\/bojornal.pt\/wp-content\/uploads\/2023\/03\/Masterclasses_Particulas-5.jpeg 1920w\" sizes=\"auto, (max-width: 1024px) 100vw, 1024px\" \/><\/figure>\n<\/div>\n\n\n\n<div class=\"wp-block-column is-layout-flow wp-block-column-is-layout-flow\">\n<figure class=\"wp-block-image size-large is-style-default\"><img loading=\"lazy\" decoding=\"async\" width=\"1024\" height=\"768\" src=\"https:\/\/bojornal.pt\/wp-content\/uploads\/2023\/03\/Masterclasses_Particulas-6-1024x768.jpeg\" alt=\"\" class=\"wp-image-12431\" srcset=\"https:\/\/bojornal.pt\/wp-content\/uploads\/2023\/03\/Masterclasses_Particulas-6-1024x768.jpeg 1024w, https:\/\/bojornal.pt\/wp-content\/uploads\/2023\/03\/Masterclasses_Particulas-6-300x225.jpeg 300w, https:\/\/bojornal.pt\/wp-content\/uploads\/2023\/03\/Masterclasses_Particulas-6-150x113.jpeg 150w, https:\/\/bojornal.pt\/wp-content\/uploads\/2023\/03\/Masterclasses_Particulas-6-768x576.jpeg 768w, https:\/\/bojornal.pt\/wp-content\/uploads\/2023\/03\/Masterclasses_Particulas-6-1536x1152.jpeg 1536w, https:\/\/bojornal.pt\/wp-content\/uploads\/2023\/03\/Masterclasses_Particulas-6.jpeg 1920w\" sizes=\"auto, (max-width: 1024px) 100vw, 1024px\" \/><\/figure>\n<\/div>\n<\/div>\n","protected":false},"excerpt":{"rendered":"<p>Alunos foram cientistas por um dia Os alunos de F\u00edsica do 12.\u00ba ano e do 11.\u00baC tiveram a oportunidade de ser cientistas por um dia, metendo as m\u00e3os nas part\u00edculas. A iniciativa \u201cMasterclassses \u2013&#46;&#46;&#46;<\/p>\n","protected":false},"author":2,"featured_media":12431,"comment_status":"closed","ping_status":"open","sticky":false,"template":"","format":"standard","meta":{"footnotes":""},"categories":[27,9,16],"tags":[],"class_list":["post-12424","post","type-post","status-publish","format-standard","has-post-thumbnail","hentry","category-aeeg","category-em-foco","category-escola-secundaria-emidio-garcia"],"_links":{"self":[{"href":"https:\/\/bojornal.pt\/index.php?rest_route=\/wp\/v2\/posts\/12424","targetHints":{"allow":["GET"]}}],"collection":[{"href":"https:\/\/bojornal.pt\/index.php?rest_route=\/wp\/v2\/posts"}],"about":[{"href":"https:\/\/bojornal.pt\/index.php?rest_route=\/wp\/v2\/types\/post"}],"author":[{"embeddable":true,"href":"https:\/\/bojornal.pt\/index.php?rest_route=\/wp\/v2\/users\/2"}],"replies":[{"embeddable":true,"href":"https:\/\/bojornal.pt\/index.php?rest_route=%2Fwp%2Fv2%2Fcomments&post=12424"}],"version-history":[{"count":0,"href":"https:\/\/bojornal.pt\/index.php?rest_route=\/wp\/v2\/posts\/12424\/revisions"}],"wp:featuredmedia":[{"embeddable":true,"href":"https:\/\/bojornal.pt\/index.php?rest_route=\/wp\/v2\/media\/12431"}],"wp:attachment":[{"href":"https:\/\/bojornal.pt\/index.php?rest_route=%2Fwp%2Fv2%2Fmedia&parent=12424"}],"wp:term":[{"taxonomy":"category","embeddable":true,"href":"https:\/\/bojornal.pt\/index.php?rest_route=%2Fwp%2Fv2%2Fcategories&post=12424"},{"taxonomy":"post_tag","embeddable":true,"href":"https:\/\/bojornal.pt\/index.php?rest_route=%2Fwp%2Fv2%2Ftags&post=12424"}],"curies":[{"name":"wp","href":"https:\/\/api.w.org\/{rel}","templated":true}]}}