{"id":12407,"date":"2023-03-01T20:37:58","date_gmt":"2023-03-01T20:37:58","guid":{"rendered":"https:\/\/bojornal.pt\/?p=12407"},"modified":"2023-03-02T18:18:38","modified_gmt":"2023-03-02T18:18:38","slug":"alunos-visitam-sea-life-e-alfandega-no-porto","status":"publish","type":"post","link":"https:\/\/bojornal.pt\/?p=12407","title":{"rendered":"Alunos visitam Sea Life e Alf\u00e2ndega, no Porto"},"content":{"rendered":"\n<p><strong><em>Estudantes de 5\u00baano de EMRC  visitaram a Cidade Invicta<\/em><\/strong> <\/p>\n\n\n\n<figure class=\"wp-block-image size-large is-style-default\"><img loading=\"lazy\" decoding=\"async\" width=\"1024\" height=\"461\" src=\"https:\/\/bojornal.pt\/wp-content\/uploads\/2023\/03\/Visita-5anoEMRC-PORTO-6-1024x461.jpeg\" alt=\"\" class=\"wp-image-12408\" srcset=\"https:\/\/bojornal.pt\/wp-content\/uploads\/2023\/03\/Visita-5anoEMRC-PORTO-6-1024x461.jpeg 1024w, https:\/\/bojornal.pt\/wp-content\/uploads\/2023\/03\/Visita-5anoEMRC-PORTO-6-300x135.jpeg 300w, https:\/\/bojornal.pt\/wp-content\/uploads\/2023\/03\/Visita-5anoEMRC-PORTO-6-150x67.jpeg 150w, https:\/\/bojornal.pt\/wp-content\/uploads\/2023\/03\/Visita-5anoEMRC-PORTO-6-768x345.jpeg 768w, https:\/\/bojornal.pt\/wp-content\/uploads\/2023\/03\/Visita-5anoEMRC-PORTO-6-1536x691.jpeg 1536w, https:\/\/bojornal.pt\/wp-content\/uploads\/2023\/03\/Visita-5anoEMRC-PORTO-6.jpeg 2048w\" sizes=\"auto, (max-width: 1024px) 100vw, 1024px\" \/><\/figure>\n\n\n\n<p>Os alunos de Educa\u00e7\u00e3o Moral e Religiosa Cat\u00f3lica visitaram o Porto, naquela que j\u00e1 \u00e9 a tradicional visita de estudo do ano. Os 95 alunos, acompanhados pelos seus professores, tiveram a oportunidade de participar na visita guiada ao Edif\u00edcio da Alf\u00e2ndega do Porto e \u00e0 Exposi\u00e7\u00e3o <em><strong>O Motor da Rep\u00fablica &#8211; os carros dos presidentes<\/strong><\/em>. Nesta atividade, os pequenos curiosos tiveram a oportunidade de refor\u00e7ar os seus conhecimentos hist\u00f3ricos sobre a Rep\u00fablica, a partir das viaturas presidenciais. Depois do passeio junto \u00e0 foz e de um excelente almo\u00e7o no sempre lindo <em>Parque da Cidade<\/em>, o grupo visitou o <em>Sea Life<\/em>, onde contactaram com as diferentes esp\u00e9cies e refletiram sobre a nossa responsabilidade perante o ambiente. <\/p>\n\n\n\n<div class=\"wp-block-columns is-layout-flex wp-container-core-columns-is-layout-9d6595d7 wp-block-columns-is-layout-flex\">\n<div class=\"wp-block-column is-layout-flow wp-block-column-is-layout-flow\">\n<figure class=\"wp-block-image size-large is-style-default\"><img loading=\"lazy\" decoding=\"async\" width=\"1024\" height=\"461\" src=\"https:\/\/bojornal.pt\/wp-content\/uploads\/2023\/03\/Visita-5anoEMRC-PORTO-8-1024x461.jpeg\" alt=\"\" class=\"wp-image-12410\" srcset=\"https:\/\/bojornal.pt\/wp-content\/uploads\/2023\/03\/Visita-5anoEMRC-PORTO-8-1024x461.jpeg 1024w, https:\/\/bojornal.pt\/wp-content\/uploads\/2023\/03\/Visita-5anoEMRC-PORTO-8-300x135.jpeg 300w, https:\/\/bojornal.pt\/wp-content\/uploads\/2023\/03\/Visita-5anoEMRC-PORTO-8-150x68.jpeg 150w, https:\/\/bojornal.pt\/wp-content\/uploads\/2023\/03\/Visita-5anoEMRC-PORTO-8-768x346.jpeg 768w, https:\/\/bojornal.pt\/wp-content\/uploads\/2023\/03\/Visita-5anoEMRC-PORTO-8-1536x691.jpeg 1536w, https:\/\/bojornal.pt\/wp-content\/uploads\/2023\/03\/Visita-5anoEMRC-PORTO-8.jpeg 1600w\" sizes=\"auto, (max-width: 1024px) 100vw, 1024px\" \/><\/figure>\n<\/div>\n\n\n\n<div class=\"wp-block-column is-layout-flow wp-block-column-is-layout-flow\">\n<figure class=\"wp-block-image size-large is-style-default\"><img loading=\"lazy\" decoding=\"async\" width=\"1024\" height=\"461\" src=\"https:\/\/bojornal.pt\/wp-content\/uploads\/2023\/03\/Visita-5anoEMRC-PORTO-12-1024x461.jpeg\" alt=\"\" class=\"wp-image-12411\" srcset=\"https:\/\/bojornal.pt\/wp-content\/uploads\/2023\/03\/Visita-5anoEMRC-PORTO-12-1024x461.jpeg 1024w, https:\/\/bojornal.pt\/wp-content\/uploads\/2023\/03\/Visita-5anoEMRC-PORTO-12-300x135.jpeg 300w, https:\/\/bojornal.pt\/wp-content\/uploads\/2023\/03\/Visita-5anoEMRC-PORTO-12-150x67.jpeg 150w, https:\/\/bojornal.pt\/wp-content\/uploads\/2023\/03\/Visita-5anoEMRC-PORTO-12-768x345.jpeg 768w, https:\/\/bojornal.pt\/wp-content\/uploads\/2023\/03\/Visita-5anoEMRC-PORTO-12-1536x691.jpeg 1536w, https:\/\/bojornal.pt\/wp-content\/uploads\/2023\/03\/Visita-5anoEMRC-PORTO-12.jpeg 2048w\" sizes=\"auto, (max-width: 1024px) 100vw, 1024px\" \/><\/figure>\n<\/div>\n<\/div>\n\n\n\n<div class=\"wp-block-columns is-layout-flex wp-container-core-columns-is-layout-9d6595d7 wp-block-columns-is-layout-flex\">\n<div class=\"wp-block-column is-layout-flow wp-block-column-is-layout-flow\">\n<figure class=\"wp-block-image size-large is-style-default\"><img loading=\"lazy\" decoding=\"async\" width=\"1024\" height=\"461\" src=\"https:\/\/bojornal.pt\/wp-content\/uploads\/2023\/03\/Visita-5anoEMRC-PORTO-16-1024x461.jpeg\" alt=\"\" class=\"wp-image-12412\" srcset=\"https:\/\/bojornal.pt\/wp-content\/uploads\/2023\/03\/Visita-5anoEMRC-PORTO-16-1024x461.jpeg 1024w, https:\/\/bojornal.pt\/wp-content\/uploads\/2023\/03\/Visita-5anoEMRC-PORTO-16-300x135.jpeg 300w, https:\/\/bojornal.pt\/wp-content\/uploads\/2023\/03\/Visita-5anoEMRC-PORTO-16-150x67.jpeg 150w, https:\/\/bojornal.pt\/wp-content\/uploads\/2023\/03\/Visita-5anoEMRC-PORTO-16-768x345.jpeg 768w, https:\/\/bojornal.pt\/wp-content\/uploads\/2023\/03\/Visita-5anoEMRC-PORTO-16-1536x691.jpeg 1536w, https:\/\/bojornal.pt\/wp-content\/uploads\/2023\/03\/Visita-5anoEMRC-PORTO-16.jpeg 2048w\" sizes=\"auto, (max-width: 1024px) 100vw, 1024px\" \/><\/figure>\n<\/div>\n\n\n\n<div class=\"wp-block-column is-layout-flow wp-block-column-is-layout-flow\">\n<figure class=\"wp-block-image size-large is-style-default\"><img loading=\"lazy\" decoding=\"async\" width=\"1024\" height=\"461\" src=\"https:\/\/bojornal.pt\/wp-content\/uploads\/2023\/03\/Visita-5anoEMRC-PORTO-5-1024x461.jpeg\" alt=\"\" class=\"wp-image-12413\" srcset=\"https:\/\/bojornal.pt\/wp-content\/uploads\/2023\/03\/Visita-5anoEMRC-PORTO-5-1024x461.jpeg 1024w, https:\/\/bojornal.pt\/wp-content\/uploads\/2023\/03\/Visita-5anoEMRC-PORTO-5-300x135.jpeg 300w, https:\/\/bojornal.pt\/wp-content\/uploads\/2023\/03\/Visita-5anoEMRC-PORTO-5-150x67.jpeg 150w, https:\/\/bojornal.pt\/wp-content\/uploads\/2023\/03\/Visita-5anoEMRC-PORTO-5-768x345.jpeg 768w, https:\/\/bojornal.pt\/wp-content\/uploads\/2023\/03\/Visita-5anoEMRC-PORTO-5-1536x691.jpeg 1536w, https:\/\/bojornal.pt\/wp-content\/uploads\/2023\/03\/Visita-5anoEMRC-PORTO-5.jpeg 2048w\" sizes=\"auto, (max-width: 1024px) 100vw, 1024px\" \/><\/figure>\n<\/div>\n<\/div>\n\n\n\n<figure class=\"wp-block-image size-large is-style-default\"><img loading=\"lazy\" decoding=\"async\" width=\"1024\" height=\"461\" src=\"https:\/\/bojornal.pt\/wp-content\/uploads\/2023\/03\/Visita-5anoEMRC-PORTO-1-1024x461.jpeg\" alt=\"\" class=\"wp-image-12414\" srcset=\"https:\/\/bojornal.pt\/wp-content\/uploads\/2023\/03\/Visita-5anoEMRC-PORTO-1-1024x461.jpeg 1024w, https:\/\/bojornal.pt\/wp-content\/uploads\/2023\/03\/Visita-5anoEMRC-PORTO-1-300x135.jpeg 300w, https:\/\/bojornal.pt\/wp-content\/uploads\/2023\/03\/Visita-5anoEMRC-PORTO-1-150x67.jpeg 150w, https:\/\/bojornal.pt\/wp-content\/uploads\/2023\/03\/Visita-5anoEMRC-PORTO-1-768x345.jpeg 768w, https:\/\/bojornal.pt\/wp-content\/uploads\/2023\/03\/Visita-5anoEMRC-PORTO-1-1536x691.jpeg 1536w, https:\/\/bojornal.pt\/wp-content\/uploads\/2023\/03\/Visita-5anoEMRC-PORTO-1.jpeg 2048w\" sizes=\"auto, (max-width: 1024px) 100vw, 1024px\" \/><\/figure>\n\n\n\n<div class=\"wp-block-columns is-layout-flex wp-container-core-columns-is-layout-9d6595d7 wp-block-columns-is-layout-flex\">\n<div class=\"wp-block-column is-layout-flow wp-block-column-is-layout-flow\">\n<figure class=\"wp-block-image size-large is-style-default\"><img loading=\"lazy\" decoding=\"async\" width=\"1024\" height=\"461\" src=\"https:\/\/bojornal.pt\/wp-content\/uploads\/2023\/03\/Visita-5anoEMRC-PORTO-20-1024x461.jpeg\" alt=\"\" class=\"wp-image-12417\" srcset=\"https:\/\/bojornal.pt\/wp-content\/uploads\/2023\/03\/Visita-5anoEMRC-PORTO-20-1024x461.jpeg 1024w, https:\/\/bojornal.pt\/wp-content\/uploads\/2023\/03\/Visita-5anoEMRC-PORTO-20-300x135.jpeg 300w, https:\/\/bojornal.pt\/wp-content\/uploads\/2023\/03\/Visita-5anoEMRC-PORTO-20-150x67.jpeg 150w, https:\/\/bojornal.pt\/wp-content\/uploads\/2023\/03\/Visita-5anoEMRC-PORTO-20-768x345.jpeg 768w, https:\/\/bojornal.pt\/wp-content\/uploads\/2023\/03\/Visita-5anoEMRC-PORTO-20-1536x691.jpeg 1536w, https:\/\/bojornal.pt\/wp-content\/uploads\/2023\/03\/Visita-5anoEMRC-PORTO-20.jpeg 2048w\" sizes=\"auto, (max-width: 1024px) 100vw, 1024px\" \/><\/figure>\n<\/div>\n\n\n\n<div class=\"wp-block-column is-layout-flow wp-block-column-is-layout-flow\">\n<figure class=\"wp-block-image size-large is-style-default\"><img loading=\"lazy\" decoding=\"async\" width=\"1024\" height=\"461\" src=\"https:\/\/bojornal.pt\/wp-content\/uploads\/2023\/03\/visita-de-estudo-de-5oano_porto-25-1024x461.jpeg\" alt=\"\" class=\"wp-image-12418\" srcset=\"https:\/\/bojornal.pt\/wp-content\/uploads\/2023\/03\/visita-de-estudo-de-5oano_porto-25-1024x461.jpeg 1024w, https:\/\/bojornal.pt\/wp-content\/uploads\/2023\/03\/visita-de-estudo-de-5oano_porto-25-300x135.jpeg 300w, https:\/\/bojornal.pt\/wp-content\/uploads\/2023\/03\/visita-de-estudo-de-5oano_porto-25-150x68.jpeg 150w, https:\/\/bojornal.pt\/wp-content\/uploads\/2023\/03\/visita-de-estudo-de-5oano_porto-25-768x346.jpeg 768w, https:\/\/bojornal.pt\/wp-content\/uploads\/2023\/03\/visita-de-estudo-de-5oano_porto-25-1536x691.jpeg 1536w, https:\/\/bojornal.pt\/wp-content\/uploads\/2023\/03\/visita-de-estudo-de-5oano_porto-25.jpeg 1600w\" sizes=\"auto, (max-width: 1024px) 100vw, 1024px\" \/><\/figure>\n<\/div>\n<\/div>\n\n\n\n<div class=\"wp-block-columns is-layout-flex wp-container-core-columns-is-layout-9d6595d7 wp-block-columns-is-layout-flex\">\n<div class=\"wp-block-column is-layout-flow wp-block-column-is-layout-flow\">\n<figure class=\"wp-block-image size-large is-style-default\"><img loading=\"lazy\" decoding=\"async\" width=\"1024\" height=\"461\" src=\"https:\/\/bojornal.pt\/wp-content\/uploads\/2023\/03\/Visita-5anoEMRC-PORTO-19-1024x461.jpeg\" alt=\"\" class=\"wp-image-12419\" srcset=\"https:\/\/bojornal.pt\/wp-content\/uploads\/2023\/03\/Visita-5anoEMRC-PORTO-19-1024x461.jpeg 1024w, https:\/\/bojornal.pt\/wp-content\/uploads\/2023\/03\/Visita-5anoEMRC-PORTO-19-300x135.jpeg 300w, https:\/\/bojornal.pt\/wp-content\/uploads\/2023\/03\/Visita-5anoEMRC-PORTO-19-150x68.jpeg 150w, https:\/\/bojornal.pt\/wp-content\/uploads\/2023\/03\/Visita-5anoEMRC-PORTO-19-768x346.jpeg 768w, https:\/\/bojornal.pt\/wp-content\/uploads\/2023\/03\/Visita-5anoEMRC-PORTO-19-1536x691.jpeg 1536w, https:\/\/bojornal.pt\/wp-content\/uploads\/2023\/03\/Visita-5anoEMRC-PORTO-19.jpeg 1600w\" sizes=\"auto, (max-width: 1024px) 100vw, 1024px\" \/><\/figure>\n<\/div>\n\n\n\n<div class=\"wp-block-column is-layout-flow wp-block-column-is-layout-flow\">\n<figure class=\"wp-block-image size-large is-style-default\"><img loading=\"lazy\" decoding=\"async\" width=\"1024\" height=\"461\" src=\"https:\/\/bojornal.pt\/wp-content\/uploads\/2023\/03\/visita-de-estudo-de-5oano_porto-1-1024x461.jpeg\" alt=\"\" class=\"wp-image-12421\" srcset=\"https:\/\/bojornal.pt\/wp-content\/uploads\/2023\/03\/visita-de-estudo-de-5oano_porto-1-1024x461.jpeg 1024w, https:\/\/bojornal.pt\/wp-content\/uploads\/2023\/03\/visita-de-estudo-de-5oano_porto-1-300x135.jpeg 300w, https:\/\/bojornal.pt\/wp-content\/uploads\/2023\/03\/visita-de-estudo-de-5oano_porto-1-150x68.jpeg 150w, https:\/\/bojornal.pt\/wp-content\/uploads\/2023\/03\/visita-de-estudo-de-5oano_porto-1-768x346.jpeg 768w, https:\/\/bojornal.pt\/wp-content\/uploads\/2023\/03\/visita-de-estudo-de-5oano_porto-1-1536x691.jpeg 1536w, https:\/\/bojornal.pt\/wp-content\/uploads\/2023\/03\/visita-de-estudo-de-5oano_porto-1.jpeg 1600w\" sizes=\"auto, (max-width: 1024px) 100vw, 1024px\" \/><\/figure>\n<\/div>\n<\/div>\n\n\n\n<figure class=\"wp-block-image size-large is-style-default\"><img loading=\"lazy\" decoding=\"async\" width=\"1024\" height=\"461\" src=\"https:\/\/bojornal.pt\/wp-content\/uploads\/2023\/03\/visita-de-estudo-de-5oano_porto-21-1024x461.jpeg\" alt=\"\" class=\"wp-image-12422\" srcset=\"https:\/\/bojornal.pt\/wp-content\/uploads\/2023\/03\/visita-de-estudo-de-5oano_porto-21-1024x461.jpeg 1024w, https:\/\/bojornal.pt\/wp-content\/uploads\/2023\/03\/visita-de-estudo-de-5oano_porto-21-300x135.jpeg 300w, https:\/\/bojornal.pt\/wp-content\/uploads\/2023\/03\/visita-de-estudo-de-5oano_porto-21-150x68.jpeg 150w, https:\/\/bojornal.pt\/wp-content\/uploads\/2023\/03\/visita-de-estudo-de-5oano_porto-21-768x346.jpeg 768w, https:\/\/bojornal.pt\/wp-content\/uploads\/2023\/03\/visita-de-estudo-de-5oano_porto-21-1536x691.jpeg 1536w, https:\/\/bojornal.pt\/wp-content\/uploads\/2023\/03\/visita-de-estudo-de-5oano_porto-21.jpeg 2000w\" sizes=\"auto, (max-width: 1024px) 100vw, 1024px\" \/><\/figure>\n","protected":false},"excerpt":{"rendered":"<p>Estudantes de 5\u00baano de EMRC visitaram a Cidade Invicta Os alunos de Educa\u00e7\u00e3o Moral e Religiosa Cat\u00f3lica visitaram o Porto, naquela que j\u00e1 \u00e9 a tradicional visita de estudo do ano. Os 95 alunos,&#46;&#46;&#46;<\/p>\n","protected":false},"author":2,"featured_media":12408,"comment_status":"closed","ping_status":"open","sticky":false,"template":"","format":"standard","meta":{"footnotes":""},"categories":[27,9,13],"tags":[],"class_list":["post-12407","post","type-post","status-publish","format-standard","has-post-thumbnail","hentry","category-aeeg","category-em-foco","category-escola-paulo-quintela"],"_links":{"self":[{"href":"https:\/\/bojornal.pt\/index.php?rest_route=\/wp\/v2\/posts\/12407","targetHints":{"allow":["GET"]}}],"collection":[{"href":"https:\/\/bojornal.pt\/index.php?rest_route=\/wp\/v2\/posts"}],"about":[{"href":"https:\/\/bojornal.pt\/index.php?rest_route=\/wp\/v2\/types\/post"}],"author":[{"embeddable":true,"href":"https:\/\/bojornal.pt\/index.php?rest_route=\/wp\/v2\/users\/2"}],"replies":[{"embeddable":true,"href":"https:\/\/bojornal.pt\/index.php?rest_route=%2Fwp%2Fv2%2Fcomments&post=12407"}],"version-history":[{"count":0,"href":"https:\/\/bojornal.pt\/index.php?rest_route=\/wp\/v2\/posts\/12407\/revisions"}],"wp:featuredmedia":[{"embeddable":true,"href":"https:\/\/bojornal.pt\/index.php?rest_route=\/wp\/v2\/media\/12408"}],"wp:attachment":[{"href":"https:\/\/bojornal.pt\/index.php?rest_route=%2Fwp%2Fv2%2Fmedia&parent=12407"}],"wp:term":[{"taxonomy":"category","embeddable":true,"href":"https:\/\/bojornal.pt\/index.php?rest_route=%2Fwp%2Fv2%2Fcategories&post=12407"},{"taxonomy":"post_tag","embeddable":true,"href":"https:\/\/bojornal.pt\/index.php?rest_route=%2Fwp%2Fv2%2Ftags&post=12407"}],"curies":[{"name":"wp","href":"https:\/\/api.w.org\/{rel}","templated":true}]}}