{"id":12396,"date":"2023-03-01T20:22:34","date_gmt":"2023-03-01T20:22:34","guid":{"rendered":"https:\/\/bojornal.pt\/?p=12396"},"modified":"2023-03-01T20:24:07","modified_gmt":"2023-03-01T20:24:07","slug":"semana-de-muito-desporto","status":"publish","type":"post","link":"https:\/\/bojornal.pt\/?p=12396","title":{"rendered":"Semana de muito desporto"},"content":{"rendered":"\n<p><strong><em>Futsal, badminton, basquetebol, t\u00e9nis-de-mesa marcaram agenda desportiva do agrupamento<\/em><\/strong><\/p>\n\n\n\n<p><\/p>\n\n\n\n<p><\/p>\n\n\n\n<div class=\"wp-block-columns is-layout-flex wp-container-core-columns-is-layout-9d6595d7 wp-block-columns-is-layout-flex\">\n<div class=\"wp-block-column is-layout-flow wp-block-column-is-layout-flow\">\n<figure class=\"wp-block-image size-large is-style-default\"><img loading=\"lazy\" decoding=\"async\" width=\"1024\" height=\"768\" src=\"https:\/\/bojornal.pt\/wp-content\/uploads\/2023\/03\/WhatsApp-Image-2023-03-01-at-16.45.49-1024x768.jpeg\" alt=\"\" class=\"wp-image-12397\" srcset=\"https:\/\/bojornal.pt\/wp-content\/uploads\/2023\/03\/WhatsApp-Image-2023-03-01-at-16.45.49-1024x768.jpeg 1024w, https:\/\/bojornal.pt\/wp-content\/uploads\/2023\/03\/WhatsApp-Image-2023-03-01-at-16.45.49-300x225.jpeg 300w, https:\/\/bojornal.pt\/wp-content\/uploads\/2023\/03\/WhatsApp-Image-2023-03-01-at-16.45.49-150x113.jpeg 150w, https:\/\/bojornal.pt\/wp-content\/uploads\/2023\/03\/WhatsApp-Image-2023-03-01-at-16.45.49-768x576.jpeg 768w, https:\/\/bojornal.pt\/wp-content\/uploads\/2023\/03\/WhatsApp-Image-2023-03-01-at-16.45.49-1536x1152.jpeg 1536w, https:\/\/bojornal.pt\/wp-content\/uploads\/2023\/03\/WhatsApp-Image-2023-03-01-at-16.45.49.jpeg 1600w\" sizes=\"auto, (max-width: 1024px) 100vw, 1024px\" \/><\/figure>\n<\/div>\n\n\n\n<div class=\"wp-block-column is-layout-flow wp-block-column-is-layout-flow\">\n<figure class=\"wp-block-image size-full is-style-default\"><img loading=\"lazy\" decoding=\"async\" width=\"1024\" height=\"768\" src=\"https:\/\/bojornal.pt\/wp-content\/uploads\/2023\/03\/badminton-3.jpeg\" alt=\"\" class=\"wp-image-12398\" srcset=\"https:\/\/bojornal.pt\/wp-content\/uploads\/2023\/03\/badminton-3.jpeg 1024w, https:\/\/bojornal.pt\/wp-content\/uploads\/2023\/03\/badminton-3-300x225.jpeg 300w, https:\/\/bojornal.pt\/wp-content\/uploads\/2023\/03\/badminton-3-150x113.jpeg 150w, https:\/\/bojornal.pt\/wp-content\/uploads\/2023\/03\/badminton-3-768x576.jpeg 768w\" sizes=\"auto, (max-width: 1024px) 100vw, 1024px\" \/><\/figure>\n\n\n\n<p><\/p>\n<\/div>\n<\/div>\n\n\n\n<div class=\"wp-block-columns is-layout-flex wp-container-core-columns-is-layout-9d6595d7 wp-block-columns-is-layout-flex\">\n<div class=\"wp-block-column is-layout-flow wp-block-column-is-layout-flow\">\n<figure class=\"wp-block-image size-large is-style-default\"><img loading=\"lazy\" decoding=\"async\" width=\"1024\" height=\"768\" src=\"https:\/\/bojornal.pt\/wp-content\/uploads\/2023\/03\/Tenis-mesa-6-1024x768.jpeg\" alt=\"\" class=\"wp-image-12401\" srcset=\"https:\/\/bojornal.pt\/wp-content\/uploads\/2023\/03\/Tenis-mesa-6-1024x768.jpeg 1024w, https:\/\/bojornal.pt\/wp-content\/uploads\/2023\/03\/Tenis-mesa-6-300x225.jpeg 300w, https:\/\/bojornal.pt\/wp-content\/uploads\/2023\/03\/Tenis-mesa-6-150x113.jpeg 150w, https:\/\/bojornal.pt\/wp-content\/uploads\/2023\/03\/Tenis-mesa-6-768x576.jpeg 768w, https:\/\/bojornal.pt\/wp-content\/uploads\/2023\/03\/Tenis-mesa-6-1536x1152.jpeg 1536w, https:\/\/bojornal.pt\/wp-content\/uploads\/2023\/03\/Tenis-mesa-6.jpeg 2048w\" sizes=\"auto, (max-width: 1024px) 100vw, 1024px\" \/><\/figure>\n<\/div>\n\n\n\n<div class=\"wp-block-column is-layout-flow wp-block-column-is-layout-flow\">\n<figure class=\"wp-block-image size-large is-style-default\"><img loading=\"lazy\" decoding=\"async\" width=\"1024\" height=\"768\" src=\"https:\/\/bojornal.pt\/wp-content\/uploads\/2023\/03\/Tenis-mesa-5-1024x768.jpeg\" alt=\"\" class=\"wp-image-12400\" srcset=\"https:\/\/bojornal.pt\/wp-content\/uploads\/2023\/03\/Tenis-mesa-5-1024x768.jpeg 1024w, https:\/\/bojornal.pt\/wp-content\/uploads\/2023\/03\/Tenis-mesa-5-300x225.jpeg 300w, https:\/\/bojornal.pt\/wp-content\/uploads\/2023\/03\/Tenis-mesa-5-150x113.jpeg 150w, https:\/\/bojornal.pt\/wp-content\/uploads\/2023\/03\/Tenis-mesa-5-768x576.jpeg 768w, https:\/\/bojornal.pt\/wp-content\/uploads\/2023\/03\/Tenis-mesa-5-1536x1152.jpeg 1536w, https:\/\/bojornal.pt\/wp-content\/uploads\/2023\/03\/Tenis-mesa-5.jpeg 1600w\" sizes=\"auto, (max-width: 1024px) 100vw, 1024px\" \/><\/figure>\n<\/div>\n<\/div>\n\n\n\n<div class=\"wp-block-columns is-layout-flex wp-container-core-columns-is-layout-9d6595d7 wp-block-columns-is-layout-flex\">\n<div class=\"wp-block-column is-layout-flow wp-block-column-is-layout-flow\">\n<figure class=\"wp-block-image size-large is-style-default\"><img loading=\"lazy\" decoding=\"async\" width=\"1024\" height=\"576\" src=\"https:\/\/bojornal.pt\/wp-content\/uploads\/2023\/03\/WhatsApp-Image-2023-03-01-at-19.08.55-1024x576.jpeg\" alt=\"\" class=\"wp-image-12402\" srcset=\"https:\/\/bojornal.pt\/wp-content\/uploads\/2023\/03\/WhatsApp-Image-2023-03-01-at-19.08.55-1024x576.jpeg 1024w, https:\/\/bojornal.pt\/wp-content\/uploads\/2023\/03\/WhatsApp-Image-2023-03-01-at-19.08.55-300x169.jpeg 300w, https:\/\/bojornal.pt\/wp-content\/uploads\/2023\/03\/WhatsApp-Image-2023-03-01-at-19.08.55-150x84.jpeg 150w, https:\/\/bojornal.pt\/wp-content\/uploads\/2023\/03\/WhatsApp-Image-2023-03-01-at-19.08.55-768x432.jpeg 768w, https:\/\/bojornal.pt\/wp-content\/uploads\/2023\/03\/WhatsApp-Image-2023-03-01-at-19.08.55-1536x864.jpeg 1536w, https:\/\/bojornal.pt\/wp-content\/uploads\/2023\/03\/WhatsApp-Image-2023-03-01-at-19.08.55.jpeg 1600w\" sizes=\"auto, (max-width: 1024px) 100vw, 1024px\" \/><\/figure>\n<\/div>\n\n\n\n<div class=\"wp-block-column is-layout-flow wp-block-column-is-layout-flow\">\n<figure class=\"wp-block-image size-full is-style-default\"><img loading=\"lazy\" decoding=\"async\" width=\"768\" height=\"1024\" src=\"https:\/\/bojornal.pt\/wp-content\/uploads\/2023\/03\/badminton-2-1.jpeg\" alt=\"\" class=\"wp-image-12403\" srcset=\"https:\/\/bojornal.pt\/wp-content\/uploads\/2023\/03\/badminton-2-1.jpeg 768w, https:\/\/bojornal.pt\/wp-content\/uploads\/2023\/03\/badminton-2-1-225x300.jpeg 225w, https:\/\/bojornal.pt\/wp-content\/uploads\/2023\/03\/badminton-2-1-113x150.jpeg 113w\" sizes=\"auto, (max-width: 768px) 100vw, 768px\" \/><\/figure>\n<\/div>\n<\/div>\n\n\n\n<p>Esta foi uma semana desportiva em cheio. Os nossos alunos de diversos escal\u00f5es tiveram a oportunidade de participar nas diversas modalidades promovidas pelo Desporto Escolar. Na passada  sexta-feira, a Escola Em\u00eddio Garcia acolheu o encontro de t\u00e9nis de mesa, com participa\u00e7\u00e3o dos alunos da Escola Paula Quintela e Em\u00eddio Garcia. <\/p>\n\n\n\n<p>Hoje, a Escola Paulo Quintela acolheu o encontro de basquetebol que colocou frente a frente, os nossos alunos com a Escola Luciano Cordeiro de  Mirandela e de Macedo de Cavaleiros.<\/p>\n\n\n\n<p>No futsal, realizou-se a terceira jornada de iniciados masculinos. As partidas decorreram na Escola Abade de Ba\u00e7al com a nossa equipa a fazer o pleno, ap\u00f3s as vitorias: 7-2 sobre a Abade de Ba\u00e7al e 9-1 frente a Mirandela. A equipa do Liceu terminou l\u00edder, na primeira fase do grupo B.<\/p>\n\n\n\n<p>No badminton, decorreu hoje, no Pavilh\u00e3o da Escola Em\u00eddio Garcia, o II Encontro de  Infantis A e B.  Mais uma vez os alunos do agrupamento alcan\u00e7aram os lugares do p\u00f3dio. Destaque para os alunos, da Escola Paulo Quintela, Rodrigo Dias (1\u00baclassificado) e Henrique Afonso (3\u00baclassificado). Em Infantis B, masculino e feminino, os alunos do agrupamento conquistaram todos os lugares do p\u00f3dio: Ivo Ferreira (1\u00ba), F\u00e1bio Martins (2\u00ba), Tom\u00e1s Alves (3\u00ba); Matilde Afonso (1.\u00ba); Rafaela Santos (2.\u00ba) e Leonor Lino (3.\u00ba). <\/p>\n","protected":false},"excerpt":{"rendered":"<p>Futsal, badminton, basquetebol, t\u00e9nis-de-mesa marcaram agenda desportiva do agrupamento Esta foi uma semana desportiva em cheio. Os nossos alunos de diversos escal\u00f5es tiveram a oportunidade de participar nas diversas modalidades promovidas pelo Desporto Escolar.&#46;&#46;&#46;<\/p>\n","protected":false},"author":2,"featured_media":12397,"comment_status":"closed","ping_status":"open","sticky":false,"template":"","format":"standard","meta":{"footnotes":""},"categories":[2,9,13,16],"tags":[],"class_list":["post-12396","post","type-post","status-publish","format-standard","has-post-thumbnail","hentry","category-atualidade","category-em-foco","category-escola-paulo-quintela","category-escola-secundaria-emidio-garcia"],"_links":{"self":[{"href":"https:\/\/bojornal.pt\/index.php?rest_route=\/wp\/v2\/posts\/12396","targetHints":{"allow":["GET"]}}],"collection":[{"href":"https:\/\/bojornal.pt\/index.php?rest_route=\/wp\/v2\/posts"}],"about":[{"href":"https:\/\/bojornal.pt\/index.php?rest_route=\/wp\/v2\/types\/post"}],"author":[{"embeddable":true,"href":"https:\/\/bojornal.pt\/index.php?rest_route=\/wp\/v2\/users\/2"}],"replies":[{"embeddable":true,"href":"https:\/\/bojornal.pt\/index.php?rest_route=%2Fwp%2Fv2%2Fcomments&post=12396"}],"version-history":[{"count":0,"href":"https:\/\/bojornal.pt\/index.php?rest_route=\/wp\/v2\/posts\/12396\/revisions"}],"wp:featuredmedia":[{"embeddable":true,"href":"https:\/\/bojornal.pt\/index.php?rest_route=\/wp\/v2\/media\/12397"}],"wp:attachment":[{"href":"https:\/\/bojornal.pt\/index.php?rest_route=%2Fwp%2Fv2%2Fmedia&parent=12396"}],"wp:term":[{"taxonomy":"category","embeddable":true,"href":"https:\/\/bojornal.pt\/index.php?rest_route=%2Fwp%2Fv2%2Fcategories&post=12396"},{"taxonomy":"post_tag","embeddable":true,"href":"https:\/\/bojornal.pt\/index.php?rest_route=%2Fwp%2Fv2%2Ftags&post=12396"}],"curies":[{"name":"wp","href":"https:\/\/api.w.org\/{rel}","templated":true}]}}