{"id":12388,"date":"2023-02-27T22:21:23","date_gmt":"2023-02-27T22:21:23","guid":{"rendered":"https:\/\/bojornal.pt\/?p=12388"},"modified":"2023-02-27T22:21:25","modified_gmt":"2023-02-27T22:21:25","slug":"vigilia-pela-paz","status":"publish","type":"post","link":"https:\/\/bojornal.pt\/?p=12388","title":{"rendered":"Vig\u00edlia pela paz"},"content":{"rendered":"\n<p><strong><em>Associa\u00e7\u00e3o de Pais do Agrupamento Em\u00eddio Garcia dinamizou a iniciativa solid\u00e1ria<\/em><\/strong><\/p>\n\n\n\n<div class=\"wp-block-columns is-layout-flex wp-container-core-columns-is-layout-9d6595d7 wp-block-columns-is-layout-flex\">\n<div class=\"wp-block-column is-layout-flow wp-block-column-is-layout-flow\">\n<figure class=\"wp-block-image size-large is-style-default\"><img loading=\"lazy\" decoding=\"async\" width=\"1024\" height=\"461\" src=\"https:\/\/bojornal.pt\/wp-content\/uploads\/2023\/02\/vigilia-pela-paz-7-1024x461.jpeg\" alt=\"\" class=\"wp-image-12389\" srcset=\"https:\/\/bojornal.pt\/wp-content\/uploads\/2023\/02\/vigilia-pela-paz-7-1024x461.jpeg 1024w, https:\/\/bojornal.pt\/wp-content\/uploads\/2023\/02\/vigilia-pela-paz-7-300x135.jpeg 300w, https:\/\/bojornal.pt\/wp-content\/uploads\/2023\/02\/vigilia-pela-paz-7-150x68.jpeg 150w, https:\/\/bojornal.pt\/wp-content\/uploads\/2023\/02\/vigilia-pela-paz-7-768x346.jpeg 768w, https:\/\/bojornal.pt\/wp-content\/uploads\/2023\/02\/vigilia-pela-paz-7-1536x691.jpeg 1536w, https:\/\/bojornal.pt\/wp-content\/uploads\/2023\/02\/vigilia-pela-paz-7.jpeg 2000w\" sizes=\"auto, (max-width: 1024px) 100vw, 1024px\" \/><\/figure>\n<\/div>\n<\/div>\n\n\n\n<p>Um ano ap\u00f3s o primeiro ataque da R\u00fassia sobre a Ucr\u00e2nia, a nossa comunidade escolar n\u00e3o ficou indiferente e reuniu-se, na Pra\u00e7a da S\u00e9, em <em>Vig\u00edlia pela Paz<\/em>. Esta iniciativa, realizada na passada noite de 24 de fevereiro, foi dinamizada pela Associa\u00e7\u00e3o de Pais do Agrupamento de Escolas Em\u00eddio Garcia, \u00e0 qual se reuniu a comunidade ucraniana de Bragan\u00e7a. As velas iluminaram a escurid\u00e3o desta noite gelada, aquecida apenas pelo calor daqueles que marcaram presen\u00e7a, fizeram uns breves minutos de sil\u00eancio e, com emo\u00e7\u00e3o, refletiram num poema declamado em portugu\u00eas e ucraniano. <\/p>\n\n\n\n<p>Passado um ano, a guerra continua mas o sentimento da nossa comunidade mant\u00e9m-se&#8230; Sempre junto de todos aqueles que sofrem!<\/p>\n\n\n\n<div class=\"wp-block-columns is-layout-flex wp-container-core-columns-is-layout-9d6595d7 wp-block-columns-is-layout-flex\">\n<div class=\"wp-block-column is-layout-flow wp-block-column-is-layout-flow\">\n<figure class=\"wp-block-image size-large is-style-default\"><img loading=\"lazy\" decoding=\"async\" width=\"1024\" height=\"461\" src=\"https:\/\/bojornal.pt\/wp-content\/uploads\/2023\/02\/vigilia-pela-paz-2-1024x461.jpeg\" alt=\"\" class=\"wp-image-12390\" srcset=\"https:\/\/bojornal.pt\/wp-content\/uploads\/2023\/02\/vigilia-pela-paz-2-1024x461.jpeg 1024w, https:\/\/bojornal.pt\/wp-content\/uploads\/2023\/02\/vigilia-pela-paz-2-300x135.jpeg 300w, https:\/\/bojornal.pt\/wp-content\/uploads\/2023\/02\/vigilia-pela-paz-2-150x68.jpeg 150w, https:\/\/bojornal.pt\/wp-content\/uploads\/2023\/02\/vigilia-pela-paz-2-768x346.jpeg 768w, https:\/\/bojornal.pt\/wp-content\/uploads\/2023\/02\/vigilia-pela-paz-2-1536x691.jpeg 1536w, https:\/\/bojornal.pt\/wp-content\/uploads\/2023\/02\/vigilia-pela-paz-2.jpeg 2000w\" sizes=\"auto, (max-width: 1024px) 100vw, 1024px\" \/><\/figure>\n<\/div>\n\n\n\n<div class=\"wp-block-column is-layout-flow wp-block-column-is-layout-flow\">\n<figure class=\"wp-block-image size-large is-style-default\"><img loading=\"lazy\" decoding=\"async\" width=\"1024\" height=\"461\" src=\"https:\/\/bojornal.pt\/wp-content\/uploads\/2023\/02\/vigilia-pela-paz-1-1024x461.jpeg\" alt=\"\" class=\"wp-image-12392\" srcset=\"https:\/\/bojornal.pt\/wp-content\/uploads\/2023\/02\/vigilia-pela-paz-1-1024x461.jpeg 1024w, https:\/\/bojornal.pt\/wp-content\/uploads\/2023\/02\/vigilia-pela-paz-1-300x135.jpeg 300w, https:\/\/bojornal.pt\/wp-content\/uploads\/2023\/02\/vigilia-pela-paz-1-150x68.jpeg 150w, https:\/\/bojornal.pt\/wp-content\/uploads\/2023\/02\/vigilia-pela-paz-1-768x346.jpeg 768w, https:\/\/bojornal.pt\/wp-content\/uploads\/2023\/02\/vigilia-pela-paz-1-1536x691.jpeg 1536w, https:\/\/bojornal.pt\/wp-content\/uploads\/2023\/02\/vigilia-pela-paz-1.jpeg 2000w\" sizes=\"auto, (max-width: 1024px) 100vw, 1024px\" \/><\/figure>\n<\/div>\n<\/div>\n\n\n\n<figure class=\"wp-block-image size-large is-style-default\"><img loading=\"lazy\" decoding=\"async\" width=\"461\" height=\"1024\" src=\"https:\/\/bojornal.pt\/wp-content\/uploads\/2023\/02\/vigilia-pela-paz-4-1-461x1024.jpeg\" alt=\"\" class=\"wp-image-12393\" srcset=\"https:\/\/bojornal.pt\/wp-content\/uploads\/2023\/02\/vigilia-pela-paz-4-1-461x1024.jpeg 461w, https:\/\/bojornal.pt\/wp-content\/uploads\/2023\/02\/vigilia-pela-paz-4-1-135x300.jpeg 135w, https:\/\/bojornal.pt\/wp-content\/uploads\/2023\/02\/vigilia-pela-paz-4-1-68x150.jpeg 68w, https:\/\/bojornal.pt\/wp-content\/uploads\/2023\/02\/vigilia-pela-paz-4-1-768x1707.jpeg 768w, https:\/\/bojornal.pt\/wp-content\/uploads\/2023\/02\/vigilia-pela-paz-4-1-691x1536.jpeg 691w, https:\/\/bojornal.pt\/wp-content\/uploads\/2023\/02\/vigilia-pela-paz-4-1.jpeg 900w\" sizes=\"auto, (max-width: 461px) 100vw, 461px\" \/><\/figure>\n","protected":false},"excerpt":{"rendered":"<p>Associa\u00e7\u00e3o de Pais do Agrupamento Em\u00eddio Garcia dinamizou a iniciativa solid\u00e1ria Um ano ap\u00f3s o primeiro ataque da R\u00fassia sobre a Ucr\u00e2nia, a nossa comunidade escolar n\u00e3o ficou indiferente e reuniu-se, na Pra\u00e7a da&#46;&#46;&#46;<\/p>\n","protected":false},"author":2,"featured_media":12389,"comment_status":"closed","ping_status":"open","sticky":false,"template":"","format":"standard","meta":{"footnotes":""},"categories":[27,2,9],"tags":[],"class_list":["post-12388","post","type-post","status-publish","format-standard","has-post-thumbnail","hentry","category-aeeg","category-atualidade","category-em-foco"],"_links":{"self":[{"href":"https:\/\/bojornal.pt\/index.php?rest_route=\/wp\/v2\/posts\/12388","targetHints":{"allow":["GET"]}}],"collection":[{"href":"https:\/\/bojornal.pt\/index.php?rest_route=\/wp\/v2\/posts"}],"about":[{"href":"https:\/\/bojornal.pt\/index.php?rest_route=\/wp\/v2\/types\/post"}],"author":[{"embeddable":true,"href":"https:\/\/bojornal.pt\/index.php?rest_route=\/wp\/v2\/users\/2"}],"replies":[{"embeddable":true,"href":"https:\/\/bojornal.pt\/index.php?rest_route=%2Fwp%2Fv2%2Fcomments&post=12388"}],"version-history":[{"count":0,"href":"https:\/\/bojornal.pt\/index.php?rest_route=\/wp\/v2\/posts\/12388\/revisions"}],"wp:featuredmedia":[{"embeddable":true,"href":"https:\/\/bojornal.pt\/index.php?rest_route=\/wp\/v2\/media\/12389"}],"wp:attachment":[{"href":"https:\/\/bojornal.pt\/index.php?rest_route=%2Fwp%2Fv2%2Fmedia&parent=12388"}],"wp:term":[{"taxonomy":"category","embeddable":true,"href":"https:\/\/bojornal.pt\/index.php?rest_route=%2Fwp%2Fv2%2Fcategories&post=12388"},{"taxonomy":"post_tag","embeddable":true,"href":"https:\/\/bojornal.pt\/index.php?rest_route=%2Fwp%2Fv2%2Ftags&post=12388"}],"curies":[{"name":"wp","href":"https:\/\/api.w.org\/{rel}","templated":true}]}}