{"id":12374,"date":"2023-02-23T12:58:13","date_gmt":"2023-02-23T12:58:13","guid":{"rendered":"https:\/\/bojornal.pt\/?p=12374"},"modified":"2023-02-23T12:58:15","modified_gmt":"2023-02-23T12:58:15","slug":"workshop-lencos-dos-namorados","status":"publish","type":"post","link":"https:\/\/bojornal.pt\/?p=12374","title":{"rendered":"Workshop \u201cLen\u00e7os dos namorados\u201d"},"content":{"rendered":"\n<div class=\"wp-block-columns is-layout-flex wp-container-core-columns-is-layout-9d6595d7 wp-block-columns-is-layout-flex\">\n<div class=\"wp-block-column is-layout-flow wp-block-column-is-layout-flow\" style=\"flex-basis:25%\">\n<figure class=\"wp-block-image size-large is-style-default\"><img loading=\"lazy\" decoding=\"async\" width=\"1024\" height=\"766\" src=\"https:\/\/bojornal.pt\/wp-content\/uploads\/2023\/02\/1677147687069-1024x766.jpg\" alt=\"\" class=\"wp-image-12375\" srcset=\"https:\/\/bojornal.pt\/wp-content\/uploads\/2023\/02\/1677147687069-1024x766.jpg 1024w, https:\/\/bojornal.pt\/wp-content\/uploads\/2023\/02\/1677147687069-300x224.jpg 300w, https:\/\/bojornal.pt\/wp-content\/uploads\/2023\/02\/1677147687069-150x112.jpg 150w, https:\/\/bojornal.pt\/wp-content\/uploads\/2023\/02\/1677147687069-768x574.jpg 768w, https:\/\/bojornal.pt\/wp-content\/uploads\/2023\/02\/1677147687069-1536x1149.jpg 1536w, https:\/\/bojornal.pt\/wp-content\/uploads\/2023\/02\/1677147687069-2048x1532.jpg 2048w\" sizes=\"auto, (max-width: 1024px) 100vw, 1024px\" \/><\/figure>\n<\/div>\n\n\n\n<div class=\"wp-block-column is-layout-flow wp-block-column-is-layout-flow\" style=\"flex-basis:50%\">\n<figure class=\"wp-block-image size-large is-style-default\"><img loading=\"lazy\" decoding=\"async\" width=\"766\" height=\"1024\" src=\"https:\/\/bojornal.pt\/wp-content\/uploads\/2023\/02\/1677147687030-766x1024.jpg\" alt=\"\" class=\"wp-image-12376\" srcset=\"https:\/\/bojornal.pt\/wp-content\/uploads\/2023\/02\/1677147687030-766x1024.jpg 766w, https:\/\/bojornal.pt\/wp-content\/uploads\/2023\/02\/1677147687030-224x300.jpg 224w, https:\/\/bojornal.pt\/wp-content\/uploads\/2023\/02\/1677147687030-112x150.jpg 112w, https:\/\/bojornal.pt\/wp-content\/uploads\/2023\/02\/1677147687030-768x1027.jpg 768w, https:\/\/bojornal.pt\/wp-content\/uploads\/2023\/02\/1677147687030-1149x1536.jpg 1149w, https:\/\/bojornal.pt\/wp-content\/uploads\/2023\/02\/1677147687030-1532x2048.jpg 1532w, https:\/\/bojornal.pt\/wp-content\/uploads\/2023\/02\/1677147687030-scaled.jpg 1915w\" sizes=\"auto, (max-width: 766px) 100vw, 766px\" \/><\/figure>\n<\/div>\n\n\n\n<div class=\"wp-block-column is-layout-flow wp-block-column-is-layout-flow\" style=\"flex-basis:25%\">\n<figure class=\"wp-block-image size-large is-style-default\"><img loading=\"lazy\" decoding=\"async\" width=\"1024\" height=\"766\" src=\"https:\/\/bojornal.pt\/wp-content\/uploads\/2023\/02\/1677147687052-1024x766.jpg\" alt=\"\" class=\"wp-image-12377\" srcset=\"https:\/\/bojornal.pt\/wp-content\/uploads\/2023\/02\/1677147687052-1024x766.jpg 1024w, https:\/\/bojornal.pt\/wp-content\/uploads\/2023\/02\/1677147687052-300x224.jpg 300w, https:\/\/bojornal.pt\/wp-content\/uploads\/2023\/02\/1677147687052-150x112.jpg 150w, https:\/\/bojornal.pt\/wp-content\/uploads\/2023\/02\/1677147687052-768x574.jpg 768w, https:\/\/bojornal.pt\/wp-content\/uploads\/2023\/02\/1677147687052-1536x1149.jpg 1536w, https:\/\/bojornal.pt\/wp-content\/uploads\/2023\/02\/1677147687052-2048x1532.jpg 2048w\" sizes=\"auto, (max-width: 1024px) 100vw, 1024px\" \/><\/figure>\n<\/div>\n<\/div>\n\n\n\n<p>De 13 a 17 de fevereiro a Biblioteca \u00c1lvaro Gomes festejou o afeto e<br \/>as diferentes formas de o traduzirmos. Nesse \u00e2mbito, a professora Carla<br \/>Lopes, com o apoio da equipa da BAG, organizou um workshop sobre a<br \/>tradi\u00e7\u00e3o dos Len\u00e7os dos namorados. Professoras e alunas aprenderam que<br \/>esta \u00e9 uma tradi\u00e7\u00e3o do Minho, mas que todos j\u00e1 adotamos como nossa.<br \/>Na impossibilidade de bordarmos os len\u00e7os, a professora Carla<br \/>disponibilizou alguns exemplares pintados com motivos que<br \/>habitualmente decoram esses len\u00e7os e as \u201calunas\u201d, a partir desses<br \/>exemplos, puseram m\u00e3os \u00e0 obra e cada uma pintou o seu len\u00e7o. <\/p>\n\n\n\n<p>O resultado foi extraordin\u00e1rio!<\/p>\n","protected":false},"excerpt":{"rendered":"<p>De 13 a 17 de fevereiro a Biblioteca \u00c1lvaro Gomes festejou o afeto eas diferentes formas de o traduzirmos. Nesse \u00e2mbito, a professora CarlaLopes, com o apoio da equipa da BAG, organizou um workshop&#46;&#46;&#46;<\/p>\n","protected":false},"author":2,"featured_media":12376,"comment_status":"closed","ping_status":"open","sticky":false,"template":"","format":"standard","meta":{"footnotes":""},"categories":[27,13],"tags":[],"class_list":["post-12374","post","type-post","status-publish","format-standard","has-post-thumbnail","hentry","category-aeeg","category-escola-paulo-quintela"],"_links":{"self":[{"href":"https:\/\/bojornal.pt\/index.php?rest_route=\/wp\/v2\/posts\/12374","targetHints":{"allow":["GET"]}}],"collection":[{"href":"https:\/\/bojornal.pt\/index.php?rest_route=\/wp\/v2\/posts"}],"about":[{"href":"https:\/\/bojornal.pt\/index.php?rest_route=\/wp\/v2\/types\/post"}],"author":[{"embeddable":true,"href":"https:\/\/bojornal.pt\/index.php?rest_route=\/wp\/v2\/users\/2"}],"replies":[{"embeddable":true,"href":"https:\/\/bojornal.pt\/index.php?rest_route=%2Fwp%2Fv2%2Fcomments&post=12374"}],"version-history":[{"count":0,"href":"https:\/\/bojornal.pt\/index.php?rest_route=\/wp\/v2\/posts\/12374\/revisions"}],"wp:featuredmedia":[{"embeddable":true,"href":"https:\/\/bojornal.pt\/index.php?rest_route=\/wp\/v2\/media\/12376"}],"wp:attachment":[{"href":"https:\/\/bojornal.pt\/index.php?rest_route=%2Fwp%2Fv2%2Fmedia&parent=12374"}],"wp:term":[{"taxonomy":"category","embeddable":true,"href":"https:\/\/bojornal.pt\/index.php?rest_route=%2Fwp%2Fv2%2Fcategories&post=12374"},{"taxonomy":"post_tag","embeddable":true,"href":"https:\/\/bojornal.pt\/index.php?rest_route=%2Fwp%2Fv2%2Ftags&post=12374"}],"curies":[{"name":"wp","href":"https:\/\/api.w.org\/{rel}","templated":true}]}}