{"id":12365,"date":"2023-02-19T00:48:00","date_gmt":"2023-02-19T00:48:00","guid":{"rendered":"https:\/\/bojornal.pt\/?p=12365"},"modified":"2023-02-21T00:54:22","modified_gmt":"2023-02-21T00:54:22","slug":"carnaval-no-agrupamento","status":"publish","type":"post","link":"https:\/\/bojornal.pt\/?p=12365","title":{"rendered":"Carnaval no Agrupamento"},"content":{"rendered":"\n<div class=\"wp-block-columns is-layout-flex wp-container-core-columns-is-layout-9d6595d7 wp-block-columns-is-layout-flex\">\n<div class=\"wp-block-column is-layout-flow wp-block-column-is-layout-flow\">\n<figure class=\"wp-block-image size-large is-style-default\"><img loading=\"lazy\" decoding=\"async\" width=\"1024\" height=\"461\" src=\"https:\/\/bojornal.pt\/wp-content\/uploads\/2023\/02\/Carnaval_Beatas-2-1024x461.jpeg\" alt=\"\" class=\"wp-image-12366\" srcset=\"https:\/\/bojornal.pt\/wp-content\/uploads\/2023\/02\/Carnaval_Beatas-2-1024x461.jpeg 1024w, https:\/\/bojornal.pt\/wp-content\/uploads\/2023\/02\/Carnaval_Beatas-2-300x135.jpeg 300w, https:\/\/bojornal.pt\/wp-content\/uploads\/2023\/02\/Carnaval_Beatas-2-150x68.jpeg 150w, https:\/\/bojornal.pt\/wp-content\/uploads\/2023\/02\/Carnaval_Beatas-2-768x346.jpeg 768w, https:\/\/bojornal.pt\/wp-content\/uploads\/2023\/02\/Carnaval_Beatas-2-1536x691.jpeg 1536w, https:\/\/bojornal.pt\/wp-content\/uploads\/2023\/02\/Carnaval_Beatas-2.jpeg 1600w\" sizes=\"auto, (max-width: 1024px) 100vw, 1024px\" \/><\/figure>\n<\/div>\n\n\n\n<div class=\"wp-block-column is-layout-flow wp-block-column-is-layout-flow\">\n<figure class=\"wp-block-image size-large is-style-default\"><img loading=\"lazy\" decoding=\"async\" width=\"1024\" height=\"461\" src=\"https:\/\/bojornal.pt\/wp-content\/uploads\/2023\/02\/Carnaval_Beatas-3-1024x461.jpeg\" alt=\"\" class=\"wp-image-12367\" srcset=\"https:\/\/bojornal.pt\/wp-content\/uploads\/2023\/02\/Carnaval_Beatas-3-1024x461.jpeg 1024w, https:\/\/bojornal.pt\/wp-content\/uploads\/2023\/02\/Carnaval_Beatas-3-300x135.jpeg 300w, https:\/\/bojornal.pt\/wp-content\/uploads\/2023\/02\/Carnaval_Beatas-3-150x68.jpeg 150w, https:\/\/bojornal.pt\/wp-content\/uploads\/2023\/02\/Carnaval_Beatas-3-768x346.jpeg 768w, https:\/\/bojornal.pt\/wp-content\/uploads\/2023\/02\/Carnaval_Beatas-3-1536x691.jpeg 1536w, https:\/\/bojornal.pt\/wp-content\/uploads\/2023\/02\/Carnaval_Beatas-3.jpeg 1600w\" sizes=\"auto, (max-width: 1024px) 100vw, 1024px\" \/><\/figure>\n<\/div>\n\n\n\n<div class=\"wp-block-column is-layout-flow wp-block-column-is-layout-flow\">\n<figure class=\"wp-block-image size-large is-style-default\"><img loading=\"lazy\" decoding=\"async\" width=\"1024\" height=\"461\" src=\"https:\/\/bojornal.pt\/wp-content\/uploads\/2023\/02\/Carnaval_Beatas-8-1024x461.jpeg\" alt=\"\" class=\"wp-image-12368\" srcset=\"https:\/\/bojornal.pt\/wp-content\/uploads\/2023\/02\/Carnaval_Beatas-8-1024x461.jpeg 1024w, https:\/\/bojornal.pt\/wp-content\/uploads\/2023\/02\/Carnaval_Beatas-8-300x135.jpeg 300w, https:\/\/bojornal.pt\/wp-content\/uploads\/2023\/02\/Carnaval_Beatas-8-150x68.jpeg 150w, https:\/\/bojornal.pt\/wp-content\/uploads\/2023\/02\/Carnaval_Beatas-8-768x346.jpeg 768w, https:\/\/bojornal.pt\/wp-content\/uploads\/2023\/02\/Carnaval_Beatas-8-1536x691.jpeg 1536w, https:\/\/bojornal.pt\/wp-content\/uploads\/2023\/02\/Carnaval_Beatas-8.jpeg 1600w\" sizes=\"auto, (max-width: 1024px) 100vw, 1024px\" \/><\/figure>\n<\/div>\n<\/div>\n\n\n\n<p>Os nossos alunos n\u00e3o deixaram passar despercebida a efem\u00e9ride do Carnaval. Apesar de antecipada, a folia fez parte do \u00faltimo dia de aulas, antes da pausa carnavalesca. Nas diversas escolas do agrupamento, a cor e alegria desfilaram pelos corredores. Foram muitas as personagens: os pol\u00edcias, sempre presentes, tal como os super-her\u00f3is, as princesas, os caretos e os bispos. Houve m\u00e1scaras para todos os gostos&#8230;<\/p>\n\n\n\n<div class=\"wp-block-columns is-layout-flex wp-container-core-columns-is-layout-9d6595d7 wp-block-columns-is-layout-flex\">\n<div class=\"wp-block-column is-layout-flow wp-block-column-is-layout-flow\" style=\"flex-basis:25%\">\n<figure class=\"wp-block-image size-large is-style-default\"><img loading=\"lazy\" decoding=\"async\" width=\"768\" height=\"1024\" src=\"https:\/\/bojornal.pt\/wp-content\/uploads\/2023\/02\/Carnaval_Se-6-768x1024.jpg\" alt=\"\" class=\"wp-image-12369\" srcset=\"https:\/\/bojornal.pt\/wp-content\/uploads\/2023\/02\/Carnaval_Se-6-768x1024.jpg 768w, https:\/\/bojornal.pt\/wp-content\/uploads\/2023\/02\/Carnaval_Se-6-225x300.jpg 225w, https:\/\/bojornal.pt\/wp-content\/uploads\/2023\/02\/Carnaval_Se-6-113x150.jpg 113w, https:\/\/bojornal.pt\/wp-content\/uploads\/2023\/02\/Carnaval_Se-6-1152x1536.jpg 1152w, https:\/\/bojornal.pt\/wp-content\/uploads\/2023\/02\/Carnaval_Se-6.jpg 1536w\" sizes=\"auto, (max-width: 768px) 100vw, 768px\" \/><\/figure>\n<\/div>\n\n\n\n<div class=\"wp-block-column is-layout-flow wp-block-column-is-layout-flow\" style=\"flex-basis:50%\">\n<figure class=\"wp-block-image size-large is-style-default\"><img loading=\"lazy\" decoding=\"async\" width=\"1024\" height=\"768\" src=\"https:\/\/bojornal.pt\/wp-content\/uploads\/2023\/02\/Carnaval_Se-7-1024x768.jpg\" alt=\"\" class=\"wp-image-12370\" srcset=\"https:\/\/bojornal.pt\/wp-content\/uploads\/2023\/02\/Carnaval_Se-7-1024x768.jpg 1024w, https:\/\/bojornal.pt\/wp-content\/uploads\/2023\/02\/Carnaval_Se-7-300x225.jpg 300w, https:\/\/bojornal.pt\/wp-content\/uploads\/2023\/02\/Carnaval_Se-7-150x113.jpg 150w, https:\/\/bojornal.pt\/wp-content\/uploads\/2023\/02\/Carnaval_Se-7-768x576.jpg 768w, https:\/\/bojornal.pt\/wp-content\/uploads\/2023\/02\/Carnaval_Se-7-1536x1152.jpg 1536w, https:\/\/bojornal.pt\/wp-content\/uploads\/2023\/02\/Carnaval_Se-7.jpg 2048w\" sizes=\"auto, (max-width: 1024px) 100vw, 1024px\" \/><\/figure>\n<\/div>\n\n\n\n<div class=\"wp-block-column is-layout-flow wp-block-column-is-layout-flow\" style=\"flex-basis:25%\">\n<figure class=\"wp-block-image size-large is-style-default\"><img loading=\"lazy\" decoding=\"async\" width=\"1024\" height=\"768\" src=\"https:\/\/bojornal.pt\/wp-content\/uploads\/2023\/02\/Carnaval_Se-4-1024x768.jpg\" alt=\"\" class=\"wp-image-12371\" srcset=\"https:\/\/bojornal.pt\/wp-content\/uploads\/2023\/02\/Carnaval_Se-4-1024x768.jpg 1024w, https:\/\/bojornal.pt\/wp-content\/uploads\/2023\/02\/Carnaval_Se-4-300x225.jpg 300w, https:\/\/bojornal.pt\/wp-content\/uploads\/2023\/02\/Carnaval_Se-4-150x113.jpg 150w, https:\/\/bojornal.pt\/wp-content\/uploads\/2023\/02\/Carnaval_Se-4-768x576.jpg 768w, https:\/\/bojornal.pt\/wp-content\/uploads\/2023\/02\/Carnaval_Se-4-1536x1152.jpg 1536w, https:\/\/bojornal.pt\/wp-content\/uploads\/2023\/02\/Carnaval_Se-4.jpg 2048w\" sizes=\"auto, (max-width: 1024px) 100vw, 1024px\" \/><\/figure>\n<\/div>\n<\/div>\n\n\n\n<figure class=\"wp-block-image size-large is-style-default\"><img loading=\"lazy\" decoding=\"async\" width=\"1024\" height=\"461\" src=\"https:\/\/bojornal.pt\/wp-content\/uploads\/2023\/02\/Carnaval_Beatas-6-1024x461.jpeg\" alt=\"\" class=\"wp-image-12372\" srcset=\"https:\/\/bojornal.pt\/wp-content\/uploads\/2023\/02\/Carnaval_Beatas-6-1024x461.jpeg 1024w, https:\/\/bojornal.pt\/wp-content\/uploads\/2023\/02\/Carnaval_Beatas-6-300x135.jpeg 300w, https:\/\/bojornal.pt\/wp-content\/uploads\/2023\/02\/Carnaval_Beatas-6-150x68.jpeg 150w, https:\/\/bojornal.pt\/wp-content\/uploads\/2023\/02\/Carnaval_Beatas-6-768x346.jpeg 768w, https:\/\/bojornal.pt\/wp-content\/uploads\/2023\/02\/Carnaval_Beatas-6-1536x691.jpeg 1536w, https:\/\/bojornal.pt\/wp-content\/uploads\/2023\/02\/Carnaval_Beatas-6.jpeg 1600w\" sizes=\"auto, (max-width: 1024px) 100vw, 1024px\" \/><\/figure>\n","protected":false},"excerpt":{"rendered":"<p>Os nossos alunos n\u00e3o deixaram passar despercebida a efem\u00e9ride do Carnaval. Apesar de antecipada, a folia fez parte do \u00faltimo dia de aulas, antes da pausa carnavalesca. Nas diversas escolas do agrupamento, a cor&#46;&#46;&#46;<\/p>\n","protected":false},"author":2,"featured_media":12371,"comment_status":"closed","ping_status":"open","sticky":false,"template":"","format":"standard","meta":{"footnotes":""},"categories":[14,27,9],"tags":[],"class_list":["post-12365","post","type-post","status-publish","format-standard","has-post-thumbnail","hentry","category-1o-ciclo","category-aeeg","category-em-foco"],"_links":{"self":[{"href":"https:\/\/bojornal.pt\/index.php?rest_route=\/wp\/v2\/posts\/12365","targetHints":{"allow":["GET"]}}],"collection":[{"href":"https:\/\/bojornal.pt\/index.php?rest_route=\/wp\/v2\/posts"}],"about":[{"href":"https:\/\/bojornal.pt\/index.php?rest_route=\/wp\/v2\/types\/post"}],"author":[{"embeddable":true,"href":"https:\/\/bojornal.pt\/index.php?rest_route=\/wp\/v2\/users\/2"}],"replies":[{"embeddable":true,"href":"https:\/\/bojornal.pt\/index.php?rest_route=%2Fwp%2Fv2%2Fcomments&post=12365"}],"version-history":[{"count":0,"href":"https:\/\/bojornal.pt\/index.php?rest_route=\/wp\/v2\/posts\/12365\/revisions"}],"wp:featuredmedia":[{"embeddable":true,"href":"https:\/\/bojornal.pt\/index.php?rest_route=\/wp\/v2\/media\/12371"}],"wp:attachment":[{"href":"https:\/\/bojornal.pt\/index.php?rest_route=%2Fwp%2Fv2%2Fmedia&parent=12365"}],"wp:term":[{"taxonomy":"category","embeddable":true,"href":"https:\/\/bojornal.pt\/index.php?rest_route=%2Fwp%2Fv2%2Fcategories&post=12365"},{"taxonomy":"post_tag","embeddable":true,"href":"https:\/\/bojornal.pt\/index.php?rest_route=%2Fwp%2Fv2%2Ftags&post=12365"}],"curies":[{"name":"wp","href":"https:\/\/api.w.org\/{rel}","templated":true}]}}