{"id":12360,"date":"2023-02-21T00:28:54","date_gmt":"2023-02-21T00:28:54","guid":{"rendered":"https:\/\/bojornal.pt\/?p=12360"},"modified":"2023-02-21T00:28:55","modified_gmt":"2023-02-21T00:28:55","slug":"agrupamento-presente-no-559o-aniversario-de-braganca","status":"publish","type":"post","link":"https:\/\/bojornal.pt\/?p=12360","title":{"rendered":"Agrupamento presente no 559\u00ba anivers\u00e1rio de Bragan\u00e7a"},"content":{"rendered":"\n<p><strong><em>Alunos participaram em momentos de dan\u00e7a e m\u00fasica<\/em><\/strong><\/p>\n\n\n\n<figure class=\"wp-block-image size-large is-style-default\"><img loading=\"lazy\" decoding=\"async\" width=\"1024\" height=\"683\" src=\"https:\/\/bojornal.pt\/wp-content\/uploads\/2023\/02\/Aniversario-da-cidade-de-Braganca_3XL-1024x683.jpg\" alt=\"\" class=\"wp-image-12361\" srcset=\"https:\/\/bojornal.pt\/wp-content\/uploads\/2023\/02\/Aniversario-da-cidade-de-Braganca_3XL-1024x683.jpg 1024w, https:\/\/bojornal.pt\/wp-content\/uploads\/2023\/02\/Aniversario-da-cidade-de-Braganca_3XL-300x200.jpg 300w, https:\/\/bojornal.pt\/wp-content\/uploads\/2023\/02\/Aniversario-da-cidade-de-Braganca_3XL-150x100.jpg 150w, https:\/\/bojornal.pt\/wp-content\/uploads\/2023\/02\/Aniversario-da-cidade-de-Braganca_3XL-768x512.jpg 768w, https:\/\/bojornal.pt\/wp-content\/uploads\/2023\/02\/Aniversario-da-cidade-de-Braganca_3XL-1536x1024.jpg 1536w, https:\/\/bojornal.pt\/wp-content\/uploads\/2023\/02\/Aniversario-da-cidade-de-Braganca_3XL.jpg 2048w\" sizes=\"auto, (max-width: 1024px) 100vw, 1024px\" \/><\/figure>\n\n\n\n<p>O Agrupamento de Escolas de Bragan\u00e7a participou no anivers\u00e1rio da cidade Bragan\u00e7a, no seu 559\u00ba ano. O evento dinamizado pelo Munic\u00edpio e realizado, no passado dia 19 de fevereiro, na Pra\u00e7a Cam\u00f5es, esteve repleto de m\u00fasica e dan\u00e7a proporcionado pelas diversas institui\u00e7\u00f5es de Bragan\u00e7a. <\/p>\n\n\n\n<p>Os nossos alunos participaram atrav\u00e9s do canto, pelos alunos de Classe de Conjunto do Ensino Articulado de M\u00fasica e da dan\u00e7a, pela atua\u00e7\u00e3o do Grupo 3XL.  <\/p>\n\n\n\n<figure class=\"wp-block-image size-large is-style-default\"><img loading=\"lazy\" decoding=\"async\" width=\"1024\" height=\"683\" src=\"https:\/\/bojornal.pt\/wp-content\/uploads\/2023\/02\/Aniversario-da-cidade-de-Braganca_Coro1-1024x683.jpg\" alt=\"\" class=\"wp-image-12362\" srcset=\"https:\/\/bojornal.pt\/wp-content\/uploads\/2023\/02\/Aniversario-da-cidade-de-Braganca_Coro1-1024x683.jpg 1024w, https:\/\/bojornal.pt\/wp-content\/uploads\/2023\/02\/Aniversario-da-cidade-de-Braganca_Coro1-300x200.jpg 300w, https:\/\/bojornal.pt\/wp-content\/uploads\/2023\/02\/Aniversario-da-cidade-de-Braganca_Coro1-150x100.jpg 150w, https:\/\/bojornal.pt\/wp-content\/uploads\/2023\/02\/Aniversario-da-cidade-de-Braganca_Coro1-768x512.jpg 768w, https:\/\/bojornal.pt\/wp-content\/uploads\/2023\/02\/Aniversario-da-cidade-de-Braganca_Coro1-1536x1024.jpg 1536w, https:\/\/bojornal.pt\/wp-content\/uploads\/2023\/02\/Aniversario-da-cidade-de-Braganca_Coro1.jpg 2048w\" sizes=\"auto, (max-width: 1024px) 100vw, 1024px\" \/><\/figure>\n","protected":false},"excerpt":{"rendered":"<p>Alunos participaram em momentos de dan\u00e7a e m\u00fasica O Agrupamento de Escolas de Bragan\u00e7a participou no anivers\u00e1rio da cidade Bragan\u00e7a, no seu 559\u00ba ano. O evento dinamizado pelo Munic\u00edpio e realizado, no passado dia&#46;&#46;&#46;<\/p>\n","protected":false},"author":2,"featured_media":12361,"comment_status":"closed","ping_status":"open","sticky":false,"template":"","format":"standard","meta":{"footnotes":""},"categories":[27,9,13,16],"tags":[],"class_list":["post-12360","post","type-post","status-publish","format-standard","has-post-thumbnail","hentry","category-aeeg","category-em-foco","category-escola-paulo-quintela","category-escola-secundaria-emidio-garcia"],"_links":{"self":[{"href":"https:\/\/bojornal.pt\/index.php?rest_route=\/wp\/v2\/posts\/12360","targetHints":{"allow":["GET"]}}],"collection":[{"href":"https:\/\/bojornal.pt\/index.php?rest_route=\/wp\/v2\/posts"}],"about":[{"href":"https:\/\/bojornal.pt\/index.php?rest_route=\/wp\/v2\/types\/post"}],"author":[{"embeddable":true,"href":"https:\/\/bojornal.pt\/index.php?rest_route=\/wp\/v2\/users\/2"}],"replies":[{"embeddable":true,"href":"https:\/\/bojornal.pt\/index.php?rest_route=%2Fwp%2Fv2%2Fcomments&post=12360"}],"version-history":[{"count":0,"href":"https:\/\/bojornal.pt\/index.php?rest_route=\/wp\/v2\/posts\/12360\/revisions"}],"wp:featuredmedia":[{"embeddable":true,"href":"https:\/\/bojornal.pt\/index.php?rest_route=\/wp\/v2\/media\/12361"}],"wp:attachment":[{"href":"https:\/\/bojornal.pt\/index.php?rest_route=%2Fwp%2Fv2%2Fmedia&parent=12360"}],"wp:term":[{"taxonomy":"category","embeddable":true,"href":"https:\/\/bojornal.pt\/index.php?rest_route=%2Fwp%2Fv2%2Fcategories&post=12360"},{"taxonomy":"post_tag","embeddable":true,"href":"https:\/\/bojornal.pt\/index.php?rest_route=%2Fwp%2Fv2%2Ftags&post=12360"}],"curies":[{"name":"wp","href":"https:\/\/api.w.org\/{rel}","templated":true}]}}