{"id":12343,"date":"2023-02-15T23:23:47","date_gmt":"2023-02-15T23:23:47","guid":{"rendered":"https:\/\/bojornal.pt\/?p=12343"},"modified":"2023-02-15T23:23:49","modified_gmt":"2023-02-15T23:23:49","slug":"emidio-garcia-lider-em-futsal","status":"publish","type":"post","link":"https:\/\/bojornal.pt\/?p=12343","title":{"rendered":"Em\u00eddio Garcia l\u00edder, em futsal"},"content":{"rendered":"\n<p><strong><em>Estudantes do Liceu s\u00e3o primeiros classificados, em iniciados masculinos<\/em><\/strong><\/p>\n\n\n\n<figure class=\"wp-block-image size-large is-style-default\"><img loading=\"lazy\" decoding=\"async\" width=\"1024\" height=\"768\" src=\"https:\/\/bojornal.pt\/wp-content\/uploads\/2023\/02\/WhatsApp-Image-2023-02-15-at-19.17.13-1-1024x768.jpeg\" alt=\"\" class=\"wp-image-12344\" srcset=\"https:\/\/bojornal.pt\/wp-content\/uploads\/2023\/02\/WhatsApp-Image-2023-02-15-at-19.17.13-1-1024x768.jpeg 1024w, https:\/\/bojornal.pt\/wp-content\/uploads\/2023\/02\/WhatsApp-Image-2023-02-15-at-19.17.13-1-300x225.jpeg 300w, https:\/\/bojornal.pt\/wp-content\/uploads\/2023\/02\/WhatsApp-Image-2023-02-15-at-19.17.13-1-150x113.jpeg 150w, https:\/\/bojornal.pt\/wp-content\/uploads\/2023\/02\/WhatsApp-Image-2023-02-15-at-19.17.13-1-768x576.jpeg 768w, https:\/\/bojornal.pt\/wp-content\/uploads\/2023\/02\/WhatsApp-Image-2023-02-15-at-19.17.13-1-1536x1152.jpeg 1536w, https:\/\/bojornal.pt\/wp-content\/uploads\/2023\/02\/WhatsApp-Image-2023-02-15-at-19.17.13-1.jpeg 2040w\" sizes=\"auto, (max-width: 1024px) 100vw, 1024px\" \/><\/figure>\n\n\n\n<p>Finda a segunda jornada de Futsal de iniciados masculinos, do Desporto Escolar, a Escola Em\u00eddio Garcia continua a liderar a competi\u00e7\u00e3o. Nesta ronda, realizada hoje, os nossos estudantes deslocaram-se a Mirandela para defrontar a equipa da casa, vencendo por 3-0 e perder com a Abade de Ba\u00e7al, por 2-3 . A equipa do Liceu continua na primeira posi\u00e7\u00e3o do Grupo C, com 10 pontos, seguida pela Escola Abade Ba\u00e7al, com 9 pontos, e Mirandela, com 5.<\/p>\n","protected":false},"excerpt":{"rendered":"<p>Estudantes do Liceu s\u00e3o primeiros classificados, em iniciados masculinos Finda a segunda jornada de Futsal de iniciados masculinos, do Desporto Escolar, a Escola Em\u00eddio Garcia continua a liderar a competi\u00e7\u00e3o. Nesta ronda, realizada hoje,&#46;&#46;&#46;<\/p>\n","protected":false},"author":2,"featured_media":12344,"comment_status":"closed","ping_status":"open","sticky":false,"template":"","format":"standard","meta":{"footnotes":""},"categories":[27,2,16],"tags":[],"class_list":["post-12343","post","type-post","status-publish","format-standard","has-post-thumbnail","hentry","category-aeeg","category-atualidade","category-escola-secundaria-emidio-garcia"],"_links":{"self":[{"href":"https:\/\/bojornal.pt\/index.php?rest_route=\/wp\/v2\/posts\/12343","targetHints":{"allow":["GET"]}}],"collection":[{"href":"https:\/\/bojornal.pt\/index.php?rest_route=\/wp\/v2\/posts"}],"about":[{"href":"https:\/\/bojornal.pt\/index.php?rest_route=\/wp\/v2\/types\/post"}],"author":[{"embeddable":true,"href":"https:\/\/bojornal.pt\/index.php?rest_route=\/wp\/v2\/users\/2"}],"replies":[{"embeddable":true,"href":"https:\/\/bojornal.pt\/index.php?rest_route=%2Fwp%2Fv2%2Fcomments&post=12343"}],"version-history":[{"count":0,"href":"https:\/\/bojornal.pt\/index.php?rest_route=\/wp\/v2\/posts\/12343\/revisions"}],"wp:featuredmedia":[{"embeddable":true,"href":"https:\/\/bojornal.pt\/index.php?rest_route=\/wp\/v2\/media\/12344"}],"wp:attachment":[{"href":"https:\/\/bojornal.pt\/index.php?rest_route=%2Fwp%2Fv2%2Fmedia&parent=12343"}],"wp:term":[{"taxonomy":"category","embeddable":true,"href":"https:\/\/bojornal.pt\/index.php?rest_route=%2Fwp%2Fv2%2Fcategories&post=12343"},{"taxonomy":"post_tag","embeddable":true,"href":"https:\/\/bojornal.pt\/index.php?rest_route=%2Fwp%2Fv2%2Ftags&post=12343"}],"curies":[{"name":"wp","href":"https:\/\/api.w.org\/{rel}","templated":true}]}}