{"id":12323,"date":"2023-02-12T08:39:00","date_gmt":"2023-02-12T08:39:00","guid":{"rendered":"https:\/\/bojornal.pt\/?p=12323"},"modified":"2023-02-14T08:56:57","modified_gmt":"2023-02-14T08:56:57","slug":"biblioteca-do-centro-escola-da-se-em-acao","status":"publish","type":"post","link":"https:\/\/bojornal.pt\/?p=12323","title":{"rendered":"Biblioteca do Centro Escola da S\u00e9 em a\u00e7\u00e3o"},"content":{"rendered":"\n<figure class=\"wp-block-image size-full is-style-default\"><img loading=\"lazy\" decoding=\"async\" width=\"338\" height=\"221\" src=\"https:\/\/bojornal.pt\/wp-content\/uploads\/2023\/02\/biblio.jpg\" alt=\"\" class=\"wp-image-12324\" srcset=\"https:\/\/bojornal.pt\/wp-content\/uploads\/2023\/02\/biblio.jpg 338w, https:\/\/bojornal.pt\/wp-content\/uploads\/2023\/02\/biblio-300x196.jpg 300w, https:\/\/bojornal.pt\/wp-content\/uploads\/2023\/02\/biblio-150x98.jpg 150w\" sizes=\"auto, (max-width: 338px) 100vw, 338px\" \/><\/figure>\n\n\n\n<p><strong><em>A rece\u00e7\u00e3o aos alunos de 1o ano no Centro Escolar da S\u00e9<\/em><\/strong><br \/>O ano letivo come\u00e7ou com grande entusiasmo e anima\u00e7\u00e3o no Centro Escolar da S\u00e9. A equipa da Biblioteca Escolar de 1o ciclo e pr\u00e9-escolar rapidamente colocou o tapete vermelho para os novos alunos do Centro Escolar da S\u00e9 serem recebidos com grande \u201cglamour\u201d. Foram momentos de grande emo\u00e7\u00e3o para os novos estudantes e de alguma ansiedade para os pais.<\/p>\n\n\n\n<div class=\"wp-block-columns is-layout-flex wp-container-core-columns-is-layout-9d6595d7 wp-block-columns-is-layout-flex\">\n<div class=\"wp-block-column is-layout-flow wp-block-column-is-layout-flow\">\n<figure class=\"wp-block-image size-full is-style-default\"><img loading=\"lazy\" decoding=\"async\" width=\"309\" height=\"231\" src=\"https:\/\/bojornal.pt\/wp-content\/uploads\/2023\/02\/biblio2-1.jpg\" alt=\"\" class=\"wp-image-12326\" srcset=\"https:\/\/bojornal.pt\/wp-content\/uploads\/2023\/02\/biblio2-1.jpg 309w, https:\/\/bojornal.pt\/wp-content\/uploads\/2023\/02\/biblio2-1-300x224.jpg 300w, https:\/\/bojornal.pt\/wp-content\/uploads\/2023\/02\/biblio2-1-150x112.jpg 150w\" sizes=\"auto, (max-width: 309px) 100vw, 309px\" \/><\/figure>\n<\/div>\n\n\n\n<div class=\"wp-block-column is-layout-flow wp-block-column-is-layout-flow\">\n<figure class=\"wp-block-image size-full is-style-default\"><img loading=\"lazy\" decoding=\"async\" width=\"275\" height=\"196\" src=\"https:\/\/bojornal.pt\/wp-content\/uploads\/2023\/02\/biblio3.jpg\" alt=\"\" class=\"wp-image-12327\" srcset=\"https:\/\/bojornal.pt\/wp-content\/uploads\/2023\/02\/biblio3.jpg 275w, https:\/\/bojornal.pt\/wp-content\/uploads\/2023\/02\/biblio3-150x107.jpg 150w\" sizes=\"auto, (max-width: 275px) 100vw, 275px\" \/><\/figure>\n<\/div>\n<\/div>\n\n\n\n<p><strong><em>Simulacro de inc\u00eandio<\/em><\/strong><br \/>Para que tudo corresse bem e para termos a certeza de que o Centro Escolar da S\u00e9 est\u00e1<br \/>preparado para a eventualidade de acontecer um inc\u00eandio, sensibilizaram-se e preparam-se<br \/>os alunos, professores e assistentes operacionais para uma situa\u00e7\u00e3o de<br \/>emerg\u00eancia. Todos estavam preparados e no dia em que a campainha tocou o sinal de<br \/>alarme e os bombeiros chegaram n\u00e3o houve lugar para p\u00e2nicos ou atropelos e todos<br \/>abandonaram o edif\u00edcio ordeiramente em dire\u00e7\u00e3o ao ponto de encontro. Para finalizar,<br \/>os mais pequenos ainda foram agraciados com o toque ruidoso das sirene dos bombeiros.<\/p>\n\n\n\n<figure class=\"wp-block-image size-full is-style-default\"><img loading=\"lazy\" decoding=\"async\" width=\"424\" height=\"240\" src=\"https:\/\/bojornal.pt\/wp-content\/uploads\/2023\/02\/biblio4.jpg\" alt=\"\" class=\"wp-image-12328\" srcset=\"https:\/\/bojornal.pt\/wp-content\/uploads\/2023\/02\/biblio4.jpg 424w, https:\/\/bojornal.pt\/wp-content\/uploads\/2023\/02\/biblio4-300x170.jpg 300w, https:\/\/bojornal.pt\/wp-content\/uploads\/2023\/02\/biblio4-150x85.jpg 150w\" sizes=\"auto, (max-width: 424px) 100vw, 424px\" \/><\/figure>\n\n\n\n<p><strong><em>M\u00eas Internacional da Biblioteca Escolar<\/em><\/strong><br \/>O m\u00eas de outubro chegou, e trouxe as comemora\u00e7\u00f5es habituais do M\u00eas Internacional da Biblioteca<br \/>Escolar (MIBE), sob o lema &#8220;Ler para a paz e harmonia globais&#8221; Para assinalar a data, a equipa da<br \/>BE dinamizou sess\u00f5es de forma\u00e7\u00e3o de utilizadores \u00e0s turmas de 1o ano. Para que todos os alunos de<br \/>pr\u00e9-escolar e 1o ciclo pudessem participar nas celebra\u00e7\u00f5es do MIBE foi dinamizada a hist\u00f3ria &#8220;Os<br \/>esquilos que n\u00e3o sabiam partilhar&#8221; de Rachel Bright.<\/p>\n\n\n\n<p>As escolas das Beatas, Campo Redondo, Rebord\u00e3os e Jardim de Santiago foram visitadas pela equipa da BE com a dinamiza\u00e7\u00e3o da fant\u00e1stica hist\u00f3ria dos esquilos que afinal aprenderam que a vida \u00e9 muito mais rica quando aprendemos a partilhar.<br \/>Foram sess\u00f5es muito enriquecedoras onde trabalh\u00e1mos o valor da partilha, da ajuda, da<br \/>colabora\u00e7\u00e3o, da generosidade, imprescind\u00edveis para a constru\u00e7\u00e3o da paz e da harmonia.<\/p>\n\n\n\n<p><strong><em>O escritor vai \u00e0 escola \u2013 alunos das escolas do Campo Redondo, Beatas e Centro Escolar da S\u00e9 descobrem os livros de Marco Taylor<\/em><\/strong><br \/><\/p>\n\n\n\n<figure class=\"wp-block-image size-full is-style-default\"><img loading=\"lazy\" decoding=\"async\" width=\"348\" height=\"181\" src=\"https:\/\/bojornal.pt\/wp-content\/uploads\/2023\/02\/biblio5.jpg\" alt=\"\" class=\"wp-image-12329\" srcset=\"https:\/\/bojornal.pt\/wp-content\/uploads\/2023\/02\/biblio5.jpg 348w, https:\/\/bojornal.pt\/wp-content\/uploads\/2023\/02\/biblio5-300x156.jpg 300w, https:\/\/bojornal.pt\/wp-content\/uploads\/2023\/02\/biblio5-150x78.jpg 150w\" sizes=\"auto, (max-width: 348px) 100vw, 348px\" \/><\/figure>\n\n\n\n<p>Com o m\u00eas de novembro chegou a habitual iniciativa, em articula\u00e7\u00e3o com o munic\u00edpio, &#8220;O escritor vai<br \/>\u00e0 escola&#8221; com o escritor Marco Taylor. Os alunos de 3o e 4o anos do Centro Escolar da S\u00e9, da EB1<br \/>das Beatas e da EB1 do Campo Redondo puderam assistir, com muito interesse, \u00e0 apresenta\u00e7\u00e3o das<br \/>diferentes tipologias de livros da autoria deste escritor\/ilustrador.<\/p>\n\n\n\n<p><strong><em>\u201cO escritor vai \u00e0 escola\u201d &#8211; Andr\u00e9 Madaleno vai ao JI de Santiago apresentar o \u201cLivro com fome\u201d a alunos das escolas das Beatas, Campo Redondo e JI Santiago.<\/em><\/strong><\/p>\n\n\n\n<figure class=\"wp-block-image size-full is-style-default\"><img loading=\"lazy\" decoding=\"async\" width=\"409\" height=\"231\" src=\"https:\/\/bojornal.pt\/wp-content\/uploads\/2023\/02\/biblio6.jpg\" alt=\"\" class=\"wp-image-12330\" srcset=\"https:\/\/bojornal.pt\/wp-content\/uploads\/2023\/02\/biblio6.jpg 409w, https:\/\/bojornal.pt\/wp-content\/uploads\/2023\/02\/biblio6-300x169.jpg 300w, https:\/\/bojornal.pt\/wp-content\/uploads\/2023\/02\/biblio6-150x85.jpg 150w\" sizes=\"auto, (max-width: 409px) 100vw, 409px\" \/><\/figure>\n\n\n\n<p>Com a aproxima\u00e7\u00e3o do Natal chegou mais uma vez a iniciativa &#8220;O escritor vai \u00e0 escola&#8221; com Andr\u00e9 Madaleno. O encontro teve lugar no Jardim de Inf\u00e2ncia de Santiago, onde, num ambiente\u00a0de muita alegria, partilha e amizade, os alunos de 1\u00ba ano da EB1 do Campo Redondo e da EB1 das Beatas foram amavelmente recebidos pelas crian\u00e7as, educadoras e assistentes operacionais deste JI. Assistiram a uma fant\u00e1stica apresenta\u00e7\u00e3o da\u00a0obra &#8220;O livro com fome&#8221; feita pelo autor do livro e fant\u00e1stico\u00a0contador de hist\u00f3rias Andr\u00e9 Madaleno.<\/p>\n\n\n\n<figure class=\"wp-block-image size-full is-style-default\"><img loading=\"lazy\" decoding=\"async\" width=\"668\" height=\"376\" src=\"https:\/\/bojornal.pt\/wp-content\/uploads\/2023\/02\/biblio7.jpg\" alt=\"\" class=\"wp-image-12331\" srcset=\"https:\/\/bojornal.pt\/wp-content\/uploads\/2023\/02\/biblio7.jpg 668w, https:\/\/bojornal.pt\/wp-content\/uploads\/2023\/02\/biblio7-300x169.jpg 300w, https:\/\/bojornal.pt\/wp-content\/uploads\/2023\/02\/biblio7-150x84.jpg 150w\" sizes=\"auto, (max-width: 668px) 100vw, 668px\" \/><\/figure>\n\n\n\n<p><strong>A \u00e1rvore de Natal sustent\u00e1vel do Centro Escolar da S\u00e9<\/strong><\/p>\n\n\n\n<p>Imbu\u00eddos&nbsp;pelo esp\u00edrito de natal, lan\u00e7\u00e1mos m\u00e3os \u00e0 decora\u00e7\u00e3o do Centro Escolar da S\u00e9 e prepar\u00e1mo-nos&nbsp;para fazer a \u00e1rvore de Natal quando um presente de Natal foi deixado na nossa porta: uma \u00e1rvore de natal sustent\u00e1vel.&nbsp;Uma \u00e1rvore de natal que passado o natal poder\u00e1 ser plantada no nosso espa\u00e7o exterior.<\/p>\n\n\n\n<p>T\u00ednhamos que enviar a mensagem a todos os alunos do Centro Escolar da S\u00e9: este ano, mais do que nunca, ter\u00edamos que pensar no ambiente, reciclar, reaproveitar, poupar, n\u00e3o desperdi\u00e7ar. Ir\u00edamos fazer toda a nossa decora\u00e7\u00e3o de natal com materiais reciclados ou com\u00a0materiais que \u00a0a natureza\u00a0nos oferece. E assim foi. Todos os meninos, professores e assistentes operacionais colaboraram e deixaram a sua marca no pres\u00e9pio da escola. Que grande e bela fam\u00edlia.<\/p>\n\n\n\n<p><strong>\u201cO melhor presente do Mundo\u201d &#8211; Um conto de Natal<\/strong><\/p>\n\n\n\n<p>Nas escolas&nbsp;de Rebord\u00e3os, Beatas e nas turmas de&nbsp;pr\u00e9-escolar e1\u00ba ano do Centro Escolar da S\u00e9 lemos a hist\u00f3ria &#8220;O melhor presente&nbsp;do mundo&#8221; de Mark Sperring, tentando que todos refletissem acerca de qual ser\u00e1, afinal, o melhor&nbsp;presente de natal.<\/p>\n\n\n\n<p>Percebemos que, por mais presentes que tenhamos, se n\u00e3o tivermos verdadeiros amigos nada ter\u00e1 import\u00e2ncia.<\/p>\n\n\n\n<p><strong>Dia Internacional do Obrigado<\/strong><\/p>\n\n\n\n<p>Obrigado! Foi este o mote para o arranque do nosso ano de 2023.\u00a0Lemos a hist\u00f3ria &#8220;Obrigado a todos&#8221; de Isabel Minh\u00f3s Martins e convers\u00e1mos acerca da import\u00e2ncia da gratid\u00e3o por tudo o que temos, por tudo que recebemos, por tudo que aprendemos, por tudo e a todos. Aproveitamos\u00a0a ocasi\u00e3o para refletir\u00a0e agradecer. E t\u00e3o bem que nos sentimos. Grata a todos os meninos que tanto nos d\u00e3o!<\/p>\n\n\n\n<p><strong>Concurso Nacional de Leitura \u2013 Fase escolar<\/strong><\/p>\n\n\n\n<p>Os livros,\u00a0como n\u00e3o podia deixar de ser, est\u00e3o sempre connosco. Desta vez para a Fase Escolar do Concurso Nacional de Leitura. O livro escolhido foi &#8220;O l\u00e1pis m\u00e1gico de Malala&#8221; e foram muitos os alunos inscritos nas varias\u00a0escolas de 1\u00ba ciclo do agrupamento. Com vista \u00e0 prepara\u00e7\u00e3o para o concurso mas, acima de tudo, com vista \u00e0 leitura da obra e \u00e0 explora\u00e7\u00e3o da mesma. levando \u00e0 descoberta do exemplo de vida da protagonista\u00a0desta hist\u00f3ria, as professoras da equipa da BE desenvolveram diversas sess\u00f5es de trabalho em todas as turmas dos 3\u00ba e 4\u00ba anos. A prova decorreu no dia 6 de janeiro e os tr\u00eas alunos apurados s\u00e3o o Jos\u00e9 Pedro Gon\u00e7alves, da EB1 das Beatas, a Maria In\u00eas Chambel, da EB1 do Campo Redondo e a Margarida\u00a0Gomes,\u00a0 da SE7, do Centro Escolar da S\u00e9. todos os participantes est\u00e3o de parab\u00e9ns. Muita sorte para os tr\u00eas apurados para\u00a0\u00a0a Fase Municipal.\u00a0<\/p>\n\n\n\n<p><strong>\u201cAo perto somos todos diferentes\u201d \u2013 aprender com os nossos parceiros<\/strong><\/p>\n\n\n\n<p>Depois de agradecermos foi a vez de recebermos. Recebemos no Centro Escolar da S\u00e9 um grupo de estagi\u00e1rios de mestrado do IPB orientados pela Dr\u00aa Carla Guerreiro, para desenvolverem o projeto \u201cAo perto somos todos diferentes\u201d&nbsp; As sess\u00f5es dirigiram-se aos alunos&nbsp;dos 3\u00ba e 4\u00ba anos e, atrav\u00e9s da apresenta\u00e7\u00e3o de hist\u00f3rias da cole\u00e7\u00e3o &#8220;Meninos especiais&#8221; da Associa\u00e7\u00e3o Pais em Rede,&nbsp; os&nbsp;estagi\u00e1rios abordaram problem\u00e1ticas tais como a Hiperatividade, o S\u00edndrome Asperger, Trissomia 21, a Cegueira e&nbsp;o autismo.<\/p>\n\n\n\n<p>Foi extremamente gratificante e enriquecedor conhecer as hist\u00f3rias destes meninos t\u00e3o especiais e que tanto t\u00eam para nos\u00a0ensinar.<\/p>\n\n\n\n<figure class=\"wp-block-image size-full is-style-default\"><img loading=\"lazy\" decoding=\"async\" width=\"311\" height=\"233\" src=\"https:\/\/bojornal.pt\/wp-content\/uploads\/2023\/02\/biblio8.jpg\" alt=\"\" class=\"wp-image-12332\" srcset=\"https:\/\/bojornal.pt\/wp-content\/uploads\/2023\/02\/biblio8.jpg 311w, https:\/\/bojornal.pt\/wp-content\/uploads\/2023\/02\/biblio8-300x225.jpg 300w, https:\/\/bojornal.pt\/wp-content\/uploads\/2023\/02\/biblio8-150x112.jpg 150w\" sizes=\"auto, (max-width: 311px) 100vw, 311px\" \/><\/figure>\n\n\n\n<p><strong>Concurso Pres\u00e9pios de Natal e Conto de Natal<\/strong><\/p>\n\n\n\n<p>Com o m\u00eas de&nbsp;janeiro veio para o Centro Escolar da S\u00e9 a atribui\u00e7\u00e3o do terceiro pr\u00e9mio no concurso &#8220;Pres\u00e9pios de natal&#8221;, uma iniciativa do Munic\u00edpio&nbsp;de Bragan\u00e7a. Ficamos muito felizes porque foi o reconhecimento&nbsp;pelo nosso trabalho, pela nossa preocupa\u00e7\u00e3o com o ambiente, pela nossa preocupa\u00e7\u00e3o em utilizar o que a natureza nos oferece e pela valoriza\u00e7\u00e3o da participa\u00e7\u00e3o de toda a escola neste projeto comum. Juntos somos melhores e mais fortes.<\/p>\n\n\n\n<p>Para o Centro Escolar veio tamb\u00e9m o terceiro pr\u00e9mio no concurso \u201cConto de Natal\u201d. A premiada \u00e9 a aluna Margarida Garcia Gomes da turma SE7 que nos encheu de orgulho.<\/p>\n\n\n\n<p><strong>Dia Escolar da paz e da n\u00e3o viol\u00eancia<\/strong><\/p>\n\n\n\n<p>Para finalizar o m\u00eas de janeiro, chegou o tempo&nbsp; de refletirmos, acerca da paz e da n\u00e3o viol\u00eancia atrav\u00e9s da hist\u00f3ria &#8220;As m\u00e3os&nbsp;n\u00e3o s\u00e3o para bater&#8221; de Martine Agassi.<\/p>\n\n\n\n<p>Convers\u00e1mos acerca da import\u00e2ncia das m\u00e3os na nossa vida e do qu\u00e3o importantes elas s\u00e3o para as coisas mais b\u00e1sicas e banais e para as coisas mais complexas e exigentes. Do quanto as m\u00e3os podem fazer de bem mas tamb\u00e9m do quanto elas podem fazer de mal. Usar as m\u00e3os para construir a paz foi a mensagem deixada no Dia Escolar da n\u00e3o viol\u00eancia e da paz, assinalado a 30 de janeiro.<\/p>\n\n\n\n<p><\/p>\n","protected":false},"excerpt":{"rendered":"<p>A rece\u00e7\u00e3o aos alunos de 1o ano no Centro Escolar da S\u00e9O ano letivo come\u00e7ou com grande entusiasmo e anima\u00e7\u00e3o no Centro Escolar da S\u00e9. A equipa da Biblioteca Escolar de 1o ciclo e&#46;&#46;&#46;<\/p>\n","protected":false},"author":2,"featured_media":12332,"comment_status":"closed","ping_status":"open","sticky":false,"template":"","format":"standard","meta":{"footnotes":""},"categories":[14,27,2,9],"tags":[],"class_list":["post-12323","post","type-post","status-publish","format-standard","has-post-thumbnail","hentry","category-1o-ciclo","category-aeeg","category-atualidade","category-em-foco"],"_links":{"self":[{"href":"https:\/\/bojornal.pt\/index.php?rest_route=\/wp\/v2\/posts\/12323","targetHints":{"allow":["GET"]}}],"collection":[{"href":"https:\/\/bojornal.pt\/index.php?rest_route=\/wp\/v2\/posts"}],"about":[{"href":"https:\/\/bojornal.pt\/index.php?rest_route=\/wp\/v2\/types\/post"}],"author":[{"embeddable":true,"href":"https:\/\/bojornal.pt\/index.php?rest_route=\/wp\/v2\/users\/2"}],"replies":[{"embeddable":true,"href":"https:\/\/bojornal.pt\/index.php?rest_route=%2Fwp%2Fv2%2Fcomments&post=12323"}],"version-history":[{"count":0,"href":"https:\/\/bojornal.pt\/index.php?rest_route=\/wp\/v2\/posts\/12323\/revisions"}],"wp:featuredmedia":[{"embeddable":true,"href":"https:\/\/bojornal.pt\/index.php?rest_route=\/wp\/v2\/media\/12332"}],"wp:attachment":[{"href":"https:\/\/bojornal.pt\/index.php?rest_route=%2Fwp%2Fv2%2Fmedia&parent=12323"}],"wp:term":[{"taxonomy":"category","embeddable":true,"href":"https:\/\/bojornal.pt\/index.php?rest_route=%2Fwp%2Fv2%2Fcategories&post=12323"},{"taxonomy":"post_tag","embeddable":true,"href":"https:\/\/bojornal.pt\/index.php?rest_route=%2Fwp%2Fv2%2Ftags&post=12323"}],"curies":[{"name":"wp","href":"https:\/\/api.w.org\/{rel}","templated":true}]}}