{"id":12285,"date":"2023-02-12T08:37:00","date_gmt":"2023-02-12T08:37:00","guid":{"rendered":"https:\/\/bojornal.pt\/?p=12285"},"modified":"2023-02-13T09:12:55","modified_gmt":"2023-02-13T09:12:55","slug":"semana-da-internet-mais-segura-no-agrupamento","status":"publish","type":"post","link":"https:\/\/bojornal.pt\/?p=12285","title":{"rendered":"Semana da Internet Mais Segura, no Agrupamento"},"content":{"rendered":"\n<p><strong><em>Semana de muitas atividade alusivas ao tema<\/em><\/strong><\/p>\n\n\n\n<figure class=\"wp-block-image size-large is-style-default\"><img loading=\"lazy\" decoding=\"async\" width=\"1024\" height=\"576\" src=\"https:\/\/bojornal.pt\/wp-content\/uploads\/2023\/02\/internetMAISsegura-1-1024x576.jpeg\" alt=\"\" class=\"wp-image-12286\" srcset=\"https:\/\/bojornal.pt\/wp-content\/uploads\/2023\/02\/internetMAISsegura-1-1024x576.jpeg 1024w, https:\/\/bojornal.pt\/wp-content\/uploads\/2023\/02\/internetMAISsegura-1-300x169.jpeg 300w, https:\/\/bojornal.pt\/wp-content\/uploads\/2023\/02\/internetMAISsegura-1-150x84.jpeg 150w, https:\/\/bojornal.pt\/wp-content\/uploads\/2023\/02\/internetMAISsegura-1-768x432.jpeg 768w, https:\/\/bojornal.pt\/wp-content\/uploads\/2023\/02\/internetMAISsegura-1-1536x864.jpeg 1536w, https:\/\/bojornal.pt\/wp-content\/uploads\/2023\/02\/internetMAISsegura-1.jpeg 2000w\" sizes=\"auto, (max-width: 1024px) 100vw, 1024px\" \/><\/figure>\n\n\n\n<p>O Agrupamento de Escolas Em\u00eddio Garcia assinalou a <em><strong>Semana da Internet Mais Segura<\/strong><\/em> atrav\u00e9s da realiza\u00e7\u00e3o de diversas atividades que permitiram, aos alunos, a reflex\u00e3o e a sensibiliza\u00e7\u00e3o para o uso correto e respons\u00e1vel da internet. <br \/>No dia 7 de fevereiro, cerca de 160 alunos de 7.\u00ba ano receberam, no sal\u00e3o nobre da escola sede,  o Professor Doutor Tiago Pedrosa que dinamizou a a\u00e7\u00e3o de sensibiliza\u00e7\u00e3o subordinada ao tema \u201c<em>Higiene na Internet<\/em>\u201d. Mais tarde, foi a vez das turmas do 8.\u00ba ano participarem na a\u00e7\u00e3o promovida pelo IPDJ (Instituto Portugu\u00eas da Juventude), no \u00e2mbito dos perigos da internet. Ao longo da semana, foram desenvolvidas  mais a\u00e7\u00f5es, atrav\u00e9s do visionamento de<br \/>v\u00eddeos, da realiza\u00e7\u00e3o de quizzes e jogos, envolvendo as tem\u00e1ticas de alerta e de preven\u00e7\u00e3o,<br \/>como o <em>ciberbulling<\/em>, o <em>sexting<\/em> e as <em>fake news<\/em>, entre outras.<\/p>\n\n\n\n<p>Esta iniciativa, realizadas entre os dias 6 e 10 de fevereiro, foram dinamizadas pela Equipa Digital, as Bibliotecas Escolares e os professores de TIC.<br \/>O Dia da Internet Mais Segura celebra-se anualmente no segundo dia da<br \/>segunda semana do segundo m\u00eas, pelo que, no dia 7 de fevereiro de 2023, se<br \/>assinalou-se o 20.\u00ba anivers\u00e1rio desta iniciativa.<\/p>\n\n\n\n<div class=\"wp-block-columns is-layout-flex wp-container-core-columns-is-layout-9d6595d7 wp-block-columns-is-layout-flex\">\n<div class=\"wp-block-column is-layout-flow wp-block-column-is-layout-flow\" style=\"flex-basis:25%\">\n<figure class=\"wp-block-image size-large is-style-default\"><img loading=\"lazy\" decoding=\"async\" width=\"768\" height=\"1024\" src=\"https:\/\/bojornal.pt\/wp-content\/uploads\/2023\/02\/329739262_5834621573251928_8339818241812536126_n-768x1024.jpg\" alt=\"\" class=\"wp-image-12287\" srcset=\"https:\/\/bojornal.pt\/wp-content\/uploads\/2023\/02\/329739262_5834621573251928_8339818241812536126_n-768x1024.jpg 768w, https:\/\/bojornal.pt\/wp-content\/uploads\/2023\/02\/329739262_5834621573251928_8339818241812536126_n-225x300.jpg 225w, https:\/\/bojornal.pt\/wp-content\/uploads\/2023\/02\/329739262_5834621573251928_8339818241812536126_n-113x150.jpg 113w, https:\/\/bojornal.pt\/wp-content\/uploads\/2023\/02\/329739262_5834621573251928_8339818241812536126_n-1152x1536.jpg 1152w, https:\/\/bojornal.pt\/wp-content\/uploads\/2023\/02\/329739262_5834621573251928_8339818241812536126_n.jpg 1536w\" sizes=\"auto, (max-width: 768px) 100vw, 768px\" \/><\/figure>\n<\/div>\n\n\n\n<div class=\"wp-block-column is-layout-flow wp-block-column-is-layout-flow\" style=\"flex-basis:50%\">\n<figure class=\"wp-block-image size-large is-style-default\"><img loading=\"lazy\" decoding=\"async\" width=\"1024\" height=\"577\" src=\"https:\/\/bojornal.pt\/wp-content\/uploads\/2023\/02\/internet_segura-4-1024x577.jpeg\" alt=\"\" class=\"wp-image-12288\" srcset=\"https:\/\/bojornal.pt\/wp-content\/uploads\/2023\/02\/internet_segura-4-1024x577.jpeg 1024w, https:\/\/bojornal.pt\/wp-content\/uploads\/2023\/02\/internet_segura-4-300x169.jpeg 300w, https:\/\/bojornal.pt\/wp-content\/uploads\/2023\/02\/internet_segura-4-150x85.jpeg 150w, https:\/\/bojornal.pt\/wp-content\/uploads\/2023\/02\/internet_segura-4-768x433.jpeg 768w, https:\/\/bojornal.pt\/wp-content\/uploads\/2023\/02\/internet_segura-4-1536x866.jpeg 1536w, https:\/\/bojornal.pt\/wp-content\/uploads\/2023\/02\/internet_segura-4.jpeg 2048w\" sizes=\"auto, (max-width: 1024px) 100vw, 1024px\" \/><\/figure>\n<\/div>\n\n\n\n<div class=\"wp-block-column is-layout-flow wp-block-column-is-layout-flow\" style=\"flex-basis:25%\">\n<figure class=\"wp-block-image size-large is-style-default\"><img loading=\"lazy\" decoding=\"async\" width=\"768\" height=\"1024\" src=\"https:\/\/bojornal.pt\/wp-content\/uploads\/2023\/02\/internet_segura-5-768x1024.jpeg\" alt=\"\" class=\"wp-image-12290\" srcset=\"https:\/\/bojornal.pt\/wp-content\/uploads\/2023\/02\/internet_segura-5-768x1024.jpeg 768w, https:\/\/bojornal.pt\/wp-content\/uploads\/2023\/02\/internet_segura-5-225x300.jpeg 225w, https:\/\/bojornal.pt\/wp-content\/uploads\/2023\/02\/internet_segura-5-113x150.jpeg 113w, https:\/\/bojornal.pt\/wp-content\/uploads\/2023\/02\/internet_segura-5-1152x1536.jpeg 1152w, https:\/\/bojornal.pt\/wp-content\/uploads\/2023\/02\/internet_segura-5.jpeg 1200w\" sizes=\"auto, (max-width: 768px) 100vw, 768px\" \/><\/figure>\n<\/div>\n<\/div>\n\n\n\n<figure class=\"wp-block-image size-large is-style-default\"><img loading=\"lazy\" decoding=\"async\" width=\"1024\" height=\"577\" src=\"https:\/\/bojornal.pt\/wp-content\/uploads\/2023\/02\/internetMAISsegura-2-1-1024x577.jpeg\" alt=\"\" class=\"wp-image-12291\" srcset=\"https:\/\/bojornal.pt\/wp-content\/uploads\/2023\/02\/internetMAISsegura-2-1-1024x577.jpeg 1024w, https:\/\/bojornal.pt\/wp-content\/uploads\/2023\/02\/internetMAISsegura-2-1-300x169.jpeg 300w, https:\/\/bojornal.pt\/wp-content\/uploads\/2023\/02\/internetMAISsegura-2-1-150x85.jpeg 150w, https:\/\/bojornal.pt\/wp-content\/uploads\/2023\/02\/internetMAISsegura-2-1-768x433.jpeg 768w, https:\/\/bojornal.pt\/wp-content\/uploads\/2023\/02\/internetMAISsegura-2-1-1536x866.jpeg 1536w, https:\/\/bojornal.pt\/wp-content\/uploads\/2023\/02\/internetMAISsegura-2-1.jpeg 2048w\" sizes=\"auto, (max-width: 1024px) 100vw, 1024px\" \/><\/figure>\n","protected":false},"excerpt":{"rendered":"<p>Semana de muitas atividade alusivas ao tema O Agrupamento de Escolas Em\u00eddio Garcia assinalou a Semana da Internet Mais Segura atrav\u00e9s da realiza\u00e7\u00e3o de diversas atividades que permitiram, aos alunos, a reflex\u00e3o e a&#46;&#46;&#46;<\/p>\n","protected":false},"author":2,"featured_media":12286,"comment_status":"closed","ping_status":"open","sticky":false,"template":"","format":"standard","meta":{"footnotes":""},"categories":[14,27,2,9,13,16],"tags":[],"class_list":["post-12285","post","type-post","status-publish","format-standard","has-post-thumbnail","hentry","category-1o-ciclo","category-aeeg","category-atualidade","category-em-foco","category-escola-paulo-quintela","category-escola-secundaria-emidio-garcia"],"_links":{"self":[{"href":"https:\/\/bojornal.pt\/index.php?rest_route=\/wp\/v2\/posts\/12285","targetHints":{"allow":["GET"]}}],"collection":[{"href":"https:\/\/bojornal.pt\/index.php?rest_route=\/wp\/v2\/posts"}],"about":[{"href":"https:\/\/bojornal.pt\/index.php?rest_route=\/wp\/v2\/types\/post"}],"author":[{"embeddable":true,"href":"https:\/\/bojornal.pt\/index.php?rest_route=\/wp\/v2\/users\/2"}],"replies":[{"embeddable":true,"href":"https:\/\/bojornal.pt\/index.php?rest_route=%2Fwp%2Fv2%2Fcomments&post=12285"}],"version-history":[{"count":0,"href":"https:\/\/bojornal.pt\/index.php?rest_route=\/wp\/v2\/posts\/12285\/revisions"}],"wp:featuredmedia":[{"embeddable":true,"href":"https:\/\/bojornal.pt\/index.php?rest_route=\/wp\/v2\/media\/12286"}],"wp:attachment":[{"href":"https:\/\/bojornal.pt\/index.php?rest_route=%2Fwp%2Fv2%2Fmedia&parent=12285"}],"wp:term":[{"taxonomy":"category","embeddable":true,"href":"https:\/\/bojornal.pt\/index.php?rest_route=%2Fwp%2Fv2%2Fcategories&post=12285"},{"taxonomy":"post_tag","embeddable":true,"href":"https:\/\/bojornal.pt\/index.php?rest_route=%2Fwp%2Fv2%2Ftags&post=12285"}],"curies":[{"name":"wp","href":"https:\/\/api.w.org\/{rel}","templated":true}]}}