{"id":12274,"date":"2023-02-11T12:08:00","date_gmt":"2023-02-11T12:08:00","guid":{"rendered":"https:\/\/bojornal.pt\/?p=12274"},"modified":"2023-02-12T12:25:12","modified_gmt":"2023-02-12T12:25:12","slug":"12274","status":"publish","type":"post","link":"https:\/\/bojornal.pt\/?p=12274","title":{"rendered":"Entrada com o p\u00e9 direito"},"content":{"rendered":"\n<p><strong><em>Equipa feminina de Voleibol, da Escola Em\u00eddio Garcia, inicia da melhor forma<\/em><\/strong><\/p>\n\n\n\n<figure class=\"wp-block-image size-large is-resized is-style-default\"><img loading=\"lazy\" decoding=\"async\" src=\"https:\/\/bojornal.pt\/wp-content\/uploads\/2023\/02\/Voleibol-8-1024x682.jpeg\" alt=\"\" class=\"wp-image-12281\" width=\"601\" height=\"400\" srcset=\"https:\/\/bojornal.pt\/wp-content\/uploads\/2023\/02\/Voleibol-8-1024x682.jpeg 1024w, https:\/\/bojornal.pt\/wp-content\/uploads\/2023\/02\/Voleibol-8-300x200.jpeg 300w, https:\/\/bojornal.pt\/wp-content\/uploads\/2023\/02\/Voleibol-8-150x100.jpeg 150w, https:\/\/bojornal.pt\/wp-content\/uploads\/2023\/02\/Voleibol-8-768x512.jpeg 768w, https:\/\/bojornal.pt\/wp-content\/uploads\/2023\/02\/Voleibol-8-1536x1023.jpeg 1536w, https:\/\/bojornal.pt\/wp-content\/uploads\/2023\/02\/Voleibol-8.jpeg 1600w\" sizes=\"auto, (max-width: 601px) 100vw, 601px\" \/><\/figure>\n\n\n\n<p>O Pavilh\u00e3o da Escola Em\u00eddio Garcia acolheu, na passada sexta-feira, a primeira jornada de Voleibol, em juvenis femininos, com uma excelente presta\u00e7\u00e3o da equipa caseira. Esta prova, promovida pelo Desporto Escolar, contou com tr\u00eas excelentes partidas entre as escolas Em\u00eddio Garcia, Abade de Ba\u00e7al e de Mogadouro, numa tarde desportiva bem passada, com empenho de todas as equipas. A equipa da Escola Em\u00eddio Garcia destacou-se ao vencer todos os jogos. <\/p>\n\n\n\n<p>A pr\u00f3xima jornada est\u00e1 agendada para o pr\u00f3ximo dia 10 de mar\u00e7o, em Mogadouro. At\u00e9 l\u00e1&#8230; Bons treinos!<\/p>\n\n\n\n<p><br \/><strong><em>Resultados:<\/em><\/strong><\/p>\n\n\n\n<p><br \/>ES Abade Ba\u00e7al 2 x ES Mogadouro 1;<br \/>ES Em\u00eddio Garcia 3 x ES Mogadouro 0;<br \/>ES Em\u00eddio Garcia 3 x ES Abade Ba\u00e7al 0.<br \/><\/p>\n\n\n\n<div class=\"wp-block-columns is-layout-flex wp-container-core-columns-is-layout-9d6595d7 wp-block-columns-is-layout-flex\">\n<div class=\"wp-block-column is-layout-flow wp-block-column-is-layout-flow\">\n<figure class=\"wp-block-image size-large is-style-default\"><img loading=\"lazy\" decoding=\"async\" width=\"1024\" height=\"682\" src=\"https:\/\/bojornal.pt\/wp-content\/uploads\/2023\/02\/Voleibol-4-1024x682.jpeg\" alt=\"\" class=\"wp-image-12275\" srcset=\"https:\/\/bojornal.pt\/wp-content\/uploads\/2023\/02\/Voleibol-4-1024x682.jpeg 1024w, https:\/\/bojornal.pt\/wp-content\/uploads\/2023\/02\/Voleibol-4-300x200.jpeg 300w, https:\/\/bojornal.pt\/wp-content\/uploads\/2023\/02\/Voleibol-4-150x100.jpeg 150w, https:\/\/bojornal.pt\/wp-content\/uploads\/2023\/02\/Voleibol-4-768x512.jpeg 768w, https:\/\/bojornal.pt\/wp-content\/uploads\/2023\/02\/Voleibol-4-1536x1023.jpeg 1536w, https:\/\/bojornal.pt\/wp-content\/uploads\/2023\/02\/Voleibol-4.jpeg 1600w\" sizes=\"auto, (max-width: 1024px) 100vw, 1024px\" \/><\/figure>\n<\/div>\n\n\n\n<div class=\"wp-block-column is-layout-flow wp-block-column-is-layout-flow\">\n<figure class=\"wp-block-image size-full is-style-default\"><img loading=\"lazy\" decoding=\"async\" width=\"1024\" height=\"683\" src=\"https:\/\/bojornal.pt\/wp-content\/uploads\/2023\/02\/Voleibol-1.jpeg\" alt=\"\" class=\"wp-image-12276\" srcset=\"https:\/\/bojornal.pt\/wp-content\/uploads\/2023\/02\/Voleibol-1.jpeg 1024w, https:\/\/bojornal.pt\/wp-content\/uploads\/2023\/02\/Voleibol-1-300x200.jpeg 300w, https:\/\/bojornal.pt\/wp-content\/uploads\/2023\/02\/Voleibol-1-150x100.jpeg 150w, https:\/\/bojornal.pt\/wp-content\/uploads\/2023\/02\/Voleibol-1-768x512.jpeg 768w\" sizes=\"auto, (max-width: 1024px) 100vw, 1024px\" \/><\/figure>\n<\/div>\n\n\n\n<div class=\"wp-block-column is-layout-flow wp-block-column-is-layout-flow\">\n<figure class=\"wp-block-gallery has-nested-images columns-default is-cropped wp-block-gallery-1 is-layout-flex wp-block-gallery-is-layout-flex\">\n<figure class=\"wp-block-image size-large is-style-default\"><img loading=\"lazy\" decoding=\"async\" width=\"1024\" height=\"682\" data-id=\"12277\" src=\"https:\/\/bojornal.pt\/wp-content\/uploads\/2023\/02\/Voleibol-6-1024x682.jpeg\" alt=\"\" class=\"wp-image-12277\" srcset=\"https:\/\/bojornal.pt\/wp-content\/uploads\/2023\/02\/Voleibol-6-1024x682.jpeg 1024w, https:\/\/bojornal.pt\/wp-content\/uploads\/2023\/02\/Voleibol-6-300x200.jpeg 300w, https:\/\/bojornal.pt\/wp-content\/uploads\/2023\/02\/Voleibol-6-150x100.jpeg 150w, https:\/\/bojornal.pt\/wp-content\/uploads\/2023\/02\/Voleibol-6-768x512.jpeg 768w, https:\/\/bojornal.pt\/wp-content\/uploads\/2023\/02\/Voleibol-6-1536x1023.jpeg 1536w, https:\/\/bojornal.pt\/wp-content\/uploads\/2023\/02\/Voleibol-6.jpeg 1600w\" sizes=\"auto, (max-width: 1024px) 100vw, 1024px\" \/><\/figure>\n<\/figure>\n<\/div>\n<\/div>\n\n\n\n<div class=\"wp-block-columns is-layout-flex wp-container-core-columns-is-layout-9d6595d7 wp-block-columns-is-layout-flex\">\n<div class=\"wp-block-column is-layout-flow wp-block-column-is-layout-flow\">\n<figure class=\"wp-block-image size-large is-style-default\"><img loading=\"lazy\" decoding=\"async\" width=\"1024\" height=\"682\" src=\"https:\/\/bojornal.pt\/wp-content\/uploads\/2023\/02\/Voleibol-3-1024x682.jpeg\" alt=\"\" class=\"wp-image-12278\" srcset=\"https:\/\/bojornal.pt\/wp-content\/uploads\/2023\/02\/Voleibol-3-1024x682.jpeg 1024w, https:\/\/bojornal.pt\/wp-content\/uploads\/2023\/02\/Voleibol-3-300x200.jpeg 300w, https:\/\/bojornal.pt\/wp-content\/uploads\/2023\/02\/Voleibol-3-150x100.jpeg 150w, https:\/\/bojornal.pt\/wp-content\/uploads\/2023\/02\/Voleibol-3-768x512.jpeg 768w, https:\/\/bojornal.pt\/wp-content\/uploads\/2023\/02\/Voleibol-3-1536x1023.jpeg 1536w, https:\/\/bojornal.pt\/wp-content\/uploads\/2023\/02\/Voleibol-3.jpeg 1600w\" sizes=\"auto, (max-width: 1024px) 100vw, 1024px\" \/><\/figure>\n<\/div>\n\n\n\n<div class=\"wp-block-column is-layout-flow wp-block-column-is-layout-flow\">\n<figure class=\"wp-block-image size-large is-style-default\"><img loading=\"lazy\" decoding=\"async\" width=\"1024\" height=\"682\" src=\"https:\/\/bojornal.pt\/wp-content\/uploads\/2023\/02\/Voleibol-7-1024x682.jpeg\" alt=\"\" class=\"wp-image-12279\" srcset=\"https:\/\/bojornal.pt\/wp-content\/uploads\/2023\/02\/Voleibol-7-1024x682.jpeg 1024w, https:\/\/bojornal.pt\/wp-content\/uploads\/2023\/02\/Voleibol-7-300x200.jpeg 300w, https:\/\/bojornal.pt\/wp-content\/uploads\/2023\/02\/Voleibol-7-150x100.jpeg 150w, https:\/\/bojornal.pt\/wp-content\/uploads\/2023\/02\/Voleibol-7-768x512.jpeg 768w, https:\/\/bojornal.pt\/wp-content\/uploads\/2023\/02\/Voleibol-7-1536x1023.jpeg 1536w, https:\/\/bojornal.pt\/wp-content\/uploads\/2023\/02\/Voleibol-7.jpeg 1600w\" sizes=\"auto, (max-width: 1024px) 100vw, 1024px\" \/><\/figure>\n<\/div>\n\n\n\n<div class=\"wp-block-column is-layout-flow wp-block-column-is-layout-flow\">\n<figure class=\"wp-block-image size-full is-style-default\"><img loading=\"lazy\" decoding=\"async\" width=\"1024\" height=\"683\" src=\"https:\/\/bojornal.pt\/wp-content\/uploads\/2023\/02\/Voleibol-2.jpeg\" alt=\"\" class=\"wp-image-12280\" srcset=\"https:\/\/bojornal.pt\/wp-content\/uploads\/2023\/02\/Voleibol-2.jpeg 1024w, https:\/\/bojornal.pt\/wp-content\/uploads\/2023\/02\/Voleibol-2-300x200.jpeg 300w, https:\/\/bojornal.pt\/wp-content\/uploads\/2023\/02\/Voleibol-2-150x100.jpeg 150w, https:\/\/bojornal.pt\/wp-content\/uploads\/2023\/02\/Voleibol-2-768x512.jpeg 768w\" sizes=\"auto, (max-width: 1024px) 100vw, 1024px\" \/><\/figure>\n<\/div>\n<\/div>\n","protected":false},"excerpt":{"rendered":"<p>Equipa feminina de Voleibol, da Escola Em\u00eddio Garcia, inicia da melhor forma O Pavilh\u00e3o da Escola Em\u00eddio Garcia acolheu, na passada sexta-feira, a primeira jornada de Voleibol, em juvenis femininos, com uma excelente presta\u00e7\u00e3o&#46;&#46;&#46;<\/p>\n","protected":false},"author":2,"featured_media":12281,"comment_status":"closed","ping_status":"open","sticky":false,"template":"","format":"standard","meta":{"footnotes":""},"categories":[27,9,16],"tags":[],"class_list":["post-12274","post","type-post","status-publish","format-standard","has-post-thumbnail","hentry","category-aeeg","category-em-foco","category-escola-secundaria-emidio-garcia"],"_links":{"self":[{"href":"https:\/\/bojornal.pt\/index.php?rest_route=\/wp\/v2\/posts\/12274","targetHints":{"allow":["GET"]}}],"collection":[{"href":"https:\/\/bojornal.pt\/index.php?rest_route=\/wp\/v2\/posts"}],"about":[{"href":"https:\/\/bojornal.pt\/index.php?rest_route=\/wp\/v2\/types\/post"}],"author":[{"embeddable":true,"href":"https:\/\/bojornal.pt\/index.php?rest_route=\/wp\/v2\/users\/2"}],"replies":[{"embeddable":true,"href":"https:\/\/bojornal.pt\/index.php?rest_route=%2Fwp%2Fv2%2Fcomments&post=12274"}],"version-history":[{"count":0,"href":"https:\/\/bojornal.pt\/index.php?rest_route=\/wp\/v2\/posts\/12274\/revisions"}],"wp:featuredmedia":[{"embeddable":true,"href":"https:\/\/bojornal.pt\/index.php?rest_route=\/wp\/v2\/media\/12281"}],"wp:attachment":[{"href":"https:\/\/bojornal.pt\/index.php?rest_route=%2Fwp%2Fv2%2Fmedia&parent=12274"}],"wp:term":[{"taxonomy":"category","embeddable":true,"href":"https:\/\/bojornal.pt\/index.php?rest_route=%2Fwp%2Fv2%2Fcategories&post=12274"},{"taxonomy":"post_tag","embeddable":true,"href":"https:\/\/bojornal.pt\/index.php?rest_route=%2Fwp%2Fv2%2Ftags&post=12274"}],"curies":[{"name":"wp","href":"https:\/\/api.w.org\/{rel}","templated":true}]}}