{"id":12265,"date":"2023-02-08T22:32:09","date_gmt":"2023-02-08T22:32:09","guid":{"rendered":"https:\/\/bojornal.pt\/?p=12265"},"modified":"2023-02-08T22:33:22","modified_gmt":"2023-02-08T22:33:22","slug":"torneio-de-abertura-de-basquetebol","status":"publish","type":"post","link":"https:\/\/bojornal.pt\/?p=12265","title":{"rendered":"Torneio de Abertura de Basquetebol"},"content":{"rendered":"\n<p><em><strong>Equipa da Escola Paulo Quintela inicia quadro competitivo, em Macedo de Cavaleiros<\/strong><\/em><\/p>\n\n\n\n<div class=\"wp-block-columns is-layout-flex wp-container-core-columns-is-layout-9d6595d7 wp-block-columns-is-layout-flex\">\n<div class=\"wp-block-column is-layout-flow wp-block-column-is-layout-flow\">\n<figure class=\"wp-block-image size-full is-style-default\"><img loading=\"lazy\" decoding=\"async\" width=\"1024\" height=\"576\" src=\"https:\/\/bojornal.pt\/wp-content\/uploads\/2023\/02\/WhatsApp-Image-2023-02-08-at-19.51.59.jpeg\" alt=\"\" class=\"wp-image-12266\" srcset=\"https:\/\/bojornal.pt\/wp-content\/uploads\/2023\/02\/WhatsApp-Image-2023-02-08-at-19.51.59.jpeg 1024w, https:\/\/bojornal.pt\/wp-content\/uploads\/2023\/02\/WhatsApp-Image-2023-02-08-at-19.51.59-300x169.jpeg 300w, https:\/\/bojornal.pt\/wp-content\/uploads\/2023\/02\/WhatsApp-Image-2023-02-08-at-19.51.59-150x84.jpeg 150w, https:\/\/bojornal.pt\/wp-content\/uploads\/2023\/02\/WhatsApp-Image-2023-02-08-at-19.51.59-768x432.jpeg 768w\" sizes=\"auto, (max-width: 1024px) 100vw, 1024px\" \/><\/figure>\n<\/div>\n\n\n\n<div class=\"wp-block-column is-layout-flow wp-block-column-is-layout-flow\">\n<figure class=\"wp-block-image size-full is-style-default\"><img loading=\"lazy\" decoding=\"async\" width=\"1024\" height=\"576\" src=\"https:\/\/bojornal.pt\/wp-content\/uploads\/2023\/02\/WhatsApp-Image-2023-02-08-at-19.51.59-1.jpeg\" alt=\"\" class=\"wp-image-12267\" srcset=\"https:\/\/bojornal.pt\/wp-content\/uploads\/2023\/02\/WhatsApp-Image-2023-02-08-at-19.51.59-1.jpeg 1024w, https:\/\/bojornal.pt\/wp-content\/uploads\/2023\/02\/WhatsApp-Image-2023-02-08-at-19.51.59-1-300x169.jpeg 300w, https:\/\/bojornal.pt\/wp-content\/uploads\/2023\/02\/WhatsApp-Image-2023-02-08-at-19.51.59-1-150x84.jpeg 150w, https:\/\/bojornal.pt\/wp-content\/uploads\/2023\/02\/WhatsApp-Image-2023-02-08-at-19.51.59-1-768x432.jpeg 768w\" sizes=\"auto, (max-width: 1024px) 100vw, 1024px\" \/><\/figure>\n<\/div>\n\n\n\n<div class=\"wp-block-column is-layout-flow wp-block-column-is-layout-flow\">\n<figure class=\"wp-block-image size-full is-style-default\"><img loading=\"lazy\" decoding=\"async\" width=\"1024\" height=\"576\" src=\"https:\/\/bojornal.pt\/wp-content\/uploads\/2023\/02\/WhatsApp-Image-2023-02-08-at-19.51.59-2.jpeg\" alt=\"\" class=\"wp-image-12268\" srcset=\"https:\/\/bojornal.pt\/wp-content\/uploads\/2023\/02\/WhatsApp-Image-2023-02-08-at-19.51.59-2.jpeg 1024w, https:\/\/bojornal.pt\/wp-content\/uploads\/2023\/02\/WhatsApp-Image-2023-02-08-at-19.51.59-2-300x169.jpeg 300w, https:\/\/bojornal.pt\/wp-content\/uploads\/2023\/02\/WhatsApp-Image-2023-02-08-at-19.51.59-2-150x84.jpeg 150w, https:\/\/bojornal.pt\/wp-content\/uploads\/2023\/02\/WhatsApp-Image-2023-02-08-at-19.51.59-2-768x432.jpeg 768w\" sizes=\"auto, (max-width: 1024px) 100vw, 1024px\" \/><\/figure>\n<\/div>\n<\/div>\n\n\n\n<figure class=\"wp-block-image size-full is-style-default\"><img loading=\"lazy\" decoding=\"async\" width=\"1024\" height=\"576\" src=\"https:\/\/bojornal.pt\/wp-content\/uploads\/2023\/02\/WhatsApp-Image-2023-02-08-at-19.51.59-3.jpeg\" alt=\"\" class=\"wp-image-12269\" srcset=\"https:\/\/bojornal.pt\/wp-content\/uploads\/2023\/02\/WhatsApp-Image-2023-02-08-at-19.51.59-3.jpeg 1024w, https:\/\/bojornal.pt\/wp-content\/uploads\/2023\/02\/WhatsApp-Image-2023-02-08-at-19.51.59-3-300x169.jpeg 300w, https:\/\/bojornal.pt\/wp-content\/uploads\/2023\/02\/WhatsApp-Image-2023-02-08-at-19.51.59-3-150x84.jpeg 150w, https:\/\/bojornal.pt\/wp-content\/uploads\/2023\/02\/WhatsApp-Image-2023-02-08-at-19.51.59-3-768x432.jpeg 768w\" sizes=\"auto, (max-width: 1024px) 100vw, 1024px\" \/><\/figure>\n\n\n\n<p>Os alunos da Escola Paulo Quintela iniciaram o seu percurso competitivo na modalidade de Basquetebol, do Desporto Escolar, no escal\u00e3o de infantis. O torneio de abertura realizou-se, hoje, em Macedo de Cavaleiros e deu oportunidade aos pequenos atletas de competirem e de se prepararem para a prova. Hoje, a viv\u00eancia da modalidade, o saud\u00e1vel conv\u00edvio tornaram-se, como sempre, nos principais objetivos.<br \/>Apesar de hoje n\u00e3o existir pontua\u00e7\u00e3o, os atletas entram em campo j\u00e1 no pr\u00f3ximo dia 15 de fevereiro, em Mirandela, numa prova que j\u00e1 conta para a classifica\u00e7\u00e3o.<\/p>\n\n\n\n<p>Boa sorte!!!!<\/p>\n","protected":false},"excerpt":{"rendered":"<p>Equipa da Escola Paulo Quintela inicia quadro competitivo, em Macedo de Cavaleiros Os alunos da Escola Paulo Quintela iniciaram o seu percurso competitivo na modalidade de Basquetebol, do Desporto Escolar, no escal\u00e3o de infantis.&#46;&#46;&#46;<\/p>\n","protected":false},"author":2,"featured_media":12269,"comment_status":"closed","ping_status":"open","sticky":false,"template":"","format":"standard","meta":{"footnotes":""},"categories":[2,13],"tags":[],"class_list":["post-12265","post","type-post","status-publish","format-standard","has-post-thumbnail","hentry","category-atualidade","category-escola-paulo-quintela"],"_links":{"self":[{"href":"https:\/\/bojornal.pt\/index.php?rest_route=\/wp\/v2\/posts\/12265","targetHints":{"allow":["GET"]}}],"collection":[{"href":"https:\/\/bojornal.pt\/index.php?rest_route=\/wp\/v2\/posts"}],"about":[{"href":"https:\/\/bojornal.pt\/index.php?rest_route=\/wp\/v2\/types\/post"}],"author":[{"embeddable":true,"href":"https:\/\/bojornal.pt\/index.php?rest_route=\/wp\/v2\/users\/2"}],"replies":[{"embeddable":true,"href":"https:\/\/bojornal.pt\/index.php?rest_route=%2Fwp%2Fv2%2Fcomments&post=12265"}],"version-history":[{"count":0,"href":"https:\/\/bojornal.pt\/index.php?rest_route=\/wp\/v2\/posts\/12265\/revisions"}],"wp:featuredmedia":[{"embeddable":true,"href":"https:\/\/bojornal.pt\/index.php?rest_route=\/wp\/v2\/media\/12269"}],"wp:attachment":[{"href":"https:\/\/bojornal.pt\/index.php?rest_route=%2Fwp%2Fv2%2Fmedia&parent=12265"}],"wp:term":[{"taxonomy":"category","embeddable":true,"href":"https:\/\/bojornal.pt\/index.php?rest_route=%2Fwp%2Fv2%2Fcategories&post=12265"},{"taxonomy":"post_tag","embeddable":true,"href":"https:\/\/bojornal.pt\/index.php?rest_route=%2Fwp%2Fv2%2Ftags&post=12265"}],"curies":[{"name":"wp","href":"https:\/\/api.w.org\/{rel}","templated":true}]}}