{"id":12259,"date":"2023-02-08T09:43:00","date_gmt":"2023-02-08T09:43:00","guid":{"rendered":"https:\/\/bojornal.pt\/?p=12259"},"modified":"2023-02-08T22:17:40","modified_gmt":"2023-02-08T22:17:40","slug":"e-preciso-ter-latas","status":"publish","type":"post","link":"https:\/\/bojornal.pt\/?p=12259","title":{"rendered":"\u00c9 preciso ter lata(s)&#8230;"},"content":{"rendered":"\n<p><strong>Associa\u00e7\u00e3o de Pais do Agrupamento de Escolas Em\u00eddio Garcia promove campanha de recolha de latas para <em>dar mais calor <\/em>\u00e0 Ucr\u00e2nia.  <em>(Veja v\u00eddeo)<\/em><\/strong><\/p>\n\n\n\n<figure class=\"wp-block-image size-large is-style-default\"><img loading=\"lazy\" decoding=\"async\" width=\"768\" height=\"1024\" src=\"https:\/\/bojornal.pt\/wp-content\/uploads\/2023\/02\/329838458_1363044554491684_8349769552630263708_n-768x1024.jpg\" alt=\"\" class=\"wp-image-12260\" srcset=\"https:\/\/bojornal.pt\/wp-content\/uploads\/2023\/02\/329838458_1363044554491684_8349769552630263708_n-768x1024.jpg 768w, https:\/\/bojornal.pt\/wp-content\/uploads\/2023\/02\/329838458_1363044554491684_8349769552630263708_n-225x300.jpg 225w, https:\/\/bojornal.pt\/wp-content\/uploads\/2023\/02\/329838458_1363044554491684_8349769552630263708_n-113x150.jpg 113w, https:\/\/bojornal.pt\/wp-content\/uploads\/2023\/02\/329838458_1363044554491684_8349769552630263708_n-1152x1536.jpg 1152w, https:\/\/bojornal.pt\/wp-content\/uploads\/2023\/02\/329838458_1363044554491684_8349769552630263708_n.jpg 1536w\" sizes=\"auto, (max-width: 768px) 100vw, 768px\" \/><figcaption class=\"wp-element-caption\"><em>Recolha de latas para fabrico de velas a enviar para a Ucr\u00e2nia<\/em><\/figcaption><\/figure>\n\n\n\n<p>O Agrupamento de Escolas Em\u00eddio Garcia (AEEG ) est\u00e1 envolvido, mais uma vez, num projeto solid\u00e1rio em prol de todos os que passam por dificuldades, na Ucr\u00e2nia. Desta vez, a Associa\u00e7\u00e3o de Pais, \u00e0 qual se juntou a comunidade escolar do AEEG, est\u00e1 a dinamizar uma recolha de latas e papel\u00e3o e a fabricar <em>velas de calor<\/em> que ser\u00e3o enviadas para a Ucr\u00e2nia, no final do m\u00eas. <\/p>\n\n\n\n<p>Parab\u00e9ns por mais uma a\u00e7\u00e3o que mostra a vertente social e solid\u00e1ria do Agrupamento de Escolas Em\u00eddio Garcia.<\/p>\n\n\n\n<p><em>Veja o v\u00eddeo da not\u00edcia SIC<\/em>: <\/p>\n\n\n\n<p><a href=\"https:\/\/sicnoticias.pt\/pais\/2023-02-08-Associacao-de-pais-de-Braganca-fabrica-velas-de-calor-para-a-Ucrania-885f162c?fbclid=IwAR2gNY6TG_WtUl9RWMnqveaxSotzCGlPCUEiHJvESikBszUw00T2zUVvrI0\">Associa\u00e7\u00e3o de pais de Bragan\u00e7a fabrica velas de calor para a Ucr\u00e2nia &#8211; SIC Not\u00edcias (sicnoticias.pt)<\/a><\/p>\n\n\n\n<p> <\/p>\n","protected":false},"excerpt":{"rendered":"<p>Associa\u00e7\u00e3o de Pais do Agrupamento de Escolas Em\u00eddio Garcia promove campanha de recolha de latas para dar mais calor \u00e0 Ucr\u00e2nia. (Veja v\u00eddeo) O Agrupamento de Escolas Em\u00eddio Garcia (AEEG ) est\u00e1 envolvido, mais&#46;&#46;&#46;<\/p>\n","protected":false},"author":2,"featured_media":12260,"comment_status":"closed","ping_status":"open","sticky":false,"template":"","format":"standard","meta":{"footnotes":""},"categories":[14,2,9,13,16],"tags":[],"class_list":["post-12259","post","type-post","status-publish","format-standard","has-post-thumbnail","hentry","category-1o-ciclo","category-atualidade","category-em-foco","category-escola-paulo-quintela","category-escola-secundaria-emidio-garcia"],"_links":{"self":[{"href":"https:\/\/bojornal.pt\/index.php?rest_route=\/wp\/v2\/posts\/12259","targetHints":{"allow":["GET"]}}],"collection":[{"href":"https:\/\/bojornal.pt\/index.php?rest_route=\/wp\/v2\/posts"}],"about":[{"href":"https:\/\/bojornal.pt\/index.php?rest_route=\/wp\/v2\/types\/post"}],"author":[{"embeddable":true,"href":"https:\/\/bojornal.pt\/index.php?rest_route=\/wp\/v2\/users\/2"}],"replies":[{"embeddable":true,"href":"https:\/\/bojornal.pt\/index.php?rest_route=%2Fwp%2Fv2%2Fcomments&post=12259"}],"version-history":[{"count":0,"href":"https:\/\/bojornal.pt\/index.php?rest_route=\/wp\/v2\/posts\/12259\/revisions"}],"wp:featuredmedia":[{"embeddable":true,"href":"https:\/\/bojornal.pt\/index.php?rest_route=\/wp\/v2\/media\/12260"}],"wp:attachment":[{"href":"https:\/\/bojornal.pt\/index.php?rest_route=%2Fwp%2Fv2%2Fmedia&parent=12259"}],"wp:term":[{"taxonomy":"category","embeddable":true,"href":"https:\/\/bojornal.pt\/index.php?rest_route=%2Fwp%2Fv2%2Fcategories&post=12259"},{"taxonomy":"post_tag","embeddable":true,"href":"https:\/\/bojornal.pt\/index.php?rest_route=%2Fwp%2Fv2%2Ftags&post=12259"}],"curies":[{"name":"wp","href":"https:\/\/api.w.org\/{rel}","templated":true}]}}