{"id":12244,"date":"2023-02-08T11:43:52","date_gmt":"2023-02-08T11:43:52","guid":{"rendered":"https:\/\/bojornal.pt\/?p=12244"},"modified":"2023-02-08T11:48:31","modified_gmt":"2023-02-08T11:48:31","slug":"explicar-os-problemas-do-cancro-atraves-da-arte","status":"publish","type":"post","link":"https:\/\/bojornal.pt\/?p=12244","title":{"rendered":"Explicar os problemas do cancro atrav\u00e9s da arte"},"content":{"rendered":"\n<p>Do &#8220;Outubro Rosa&#8221; de Pablo Picasso \u00e0 problem\u00e1tica do Cancro<\/p>\n\n\n\n<div class=\"wp-block-columns is-layout-flex wp-container-core-columns-is-layout-9d6595d7 wp-block-columns-is-layout-flex\">\n<div class=\"wp-block-column is-layout-flow wp-block-column-is-layout-flow\">\n<figure class=\"wp-block-image size-large is-style-default\"><img loading=\"lazy\" decoding=\"async\" width=\"1024\" height=\"461\" src=\"https:\/\/bojornal.pt\/wp-content\/uploads\/2023\/02\/WhatsApp-Image-2023-02-08-at-11.23.43-4-1024x461.jpeg\" alt=\"\" class=\"wp-image-12245\" srcset=\"https:\/\/bojornal.pt\/wp-content\/uploads\/2023\/02\/WhatsApp-Image-2023-02-08-at-11.23.43-4-1024x461.jpeg 1024w, https:\/\/bojornal.pt\/wp-content\/uploads\/2023\/02\/WhatsApp-Image-2023-02-08-at-11.23.43-4-300x135.jpeg 300w, https:\/\/bojornal.pt\/wp-content\/uploads\/2023\/02\/WhatsApp-Image-2023-02-08-at-11.23.43-4-150x68.jpeg 150w, https:\/\/bojornal.pt\/wp-content\/uploads\/2023\/02\/WhatsApp-Image-2023-02-08-at-11.23.43-4-768x346.jpeg 768w, https:\/\/bojornal.pt\/wp-content\/uploads\/2023\/02\/WhatsApp-Image-2023-02-08-at-11.23.43-4-1536x691.jpeg 1536w, https:\/\/bojornal.pt\/wp-content\/uploads\/2023\/02\/WhatsApp-Image-2023-02-08-at-11.23.43-4.jpeg 2000w\" sizes=\"auto, (max-width: 1024px) 100vw, 1024px\" \/><\/figure>\n\n\n\n<figure class=\"wp-block-image size-large is-style-default\"><img loading=\"lazy\" decoding=\"async\" width=\"1024\" height=\"1024\" src=\"https:\/\/bojornal.pt\/wp-content\/uploads\/2023\/02\/WhatsApp-Image-2023-02-08-at-11.23.43-3-1-1024x1024.jpeg\" alt=\"\" class=\"wp-image-12248\" srcset=\"https:\/\/bojornal.pt\/wp-content\/uploads\/2023\/02\/WhatsApp-Image-2023-02-08-at-11.23.43-3-1-1024x1024.jpeg 1024w, https:\/\/bojornal.pt\/wp-content\/uploads\/2023\/02\/WhatsApp-Image-2023-02-08-at-11.23.43-3-1-300x300.jpeg 300w, https:\/\/bojornal.pt\/wp-content\/uploads\/2023\/02\/WhatsApp-Image-2023-02-08-at-11.23.43-3-1-150x150.jpeg 150w, https:\/\/bojornal.pt\/wp-content\/uploads\/2023\/02\/WhatsApp-Image-2023-02-08-at-11.23.43-3-1-768x768.jpeg 768w, https:\/\/bojornal.pt\/wp-content\/uploads\/2023\/02\/WhatsApp-Image-2023-02-08-at-11.23.43-3-1-80x80.jpeg 80w, https:\/\/bojornal.pt\/wp-content\/uploads\/2023\/02\/WhatsApp-Image-2023-02-08-at-11.23.43-3-1-320x320.jpeg 320w, https:\/\/bojornal.pt\/wp-content\/uploads\/2023\/02\/WhatsApp-Image-2023-02-08-at-11.23.43-3-1.jpeg 1080w\" sizes=\"auto, (max-width: 1024px) 100vw, 1024px\" \/><\/figure>\n\n\n\n<figure class=\"wp-block-image size-large is-style-default\"><img loading=\"lazy\" decoding=\"async\" width=\"1024\" height=\"1024\" src=\"https:\/\/bojornal.pt\/wp-content\/uploads\/2023\/02\/WhatsApp-Image-2023-02-08-at-11.23.44-6-1024x1024.jpeg\" alt=\"\" class=\"wp-image-12250\" srcset=\"https:\/\/bojornal.pt\/wp-content\/uploads\/2023\/02\/WhatsApp-Image-2023-02-08-at-11.23.44-6-1024x1024.jpeg 1024w, https:\/\/bojornal.pt\/wp-content\/uploads\/2023\/02\/WhatsApp-Image-2023-02-08-at-11.23.44-6-300x300.jpeg 300w, https:\/\/bojornal.pt\/wp-content\/uploads\/2023\/02\/WhatsApp-Image-2023-02-08-at-11.23.44-6-150x150.jpeg 150w, https:\/\/bojornal.pt\/wp-content\/uploads\/2023\/02\/WhatsApp-Image-2023-02-08-at-11.23.44-6-768x768.jpeg 768w, https:\/\/bojornal.pt\/wp-content\/uploads\/2023\/02\/WhatsApp-Image-2023-02-08-at-11.23.44-6-80x80.jpeg 80w, https:\/\/bojornal.pt\/wp-content\/uploads\/2023\/02\/WhatsApp-Image-2023-02-08-at-11.23.44-6-320x320.jpeg 320w, https:\/\/bojornal.pt\/wp-content\/uploads\/2023\/02\/WhatsApp-Image-2023-02-08-at-11.23.44-6.jpeg 1080w\" sizes=\"auto, (max-width: 1024px) 100vw, 1024px\" \/><\/figure>\n\n\n\n<figure class=\"wp-block-image size-large is-style-default\"><img loading=\"lazy\" decoding=\"async\" width=\"1024\" height=\"461\" src=\"https:\/\/bojornal.pt\/wp-content\/uploads\/2023\/02\/WhatsApp-Image-2023-02-08-at-11.23.45-1024x461.jpeg\" alt=\"\" class=\"wp-image-12252\" srcset=\"https:\/\/bojornal.pt\/wp-content\/uploads\/2023\/02\/WhatsApp-Image-2023-02-08-at-11.23.45-1024x461.jpeg 1024w, https:\/\/bojornal.pt\/wp-content\/uploads\/2023\/02\/WhatsApp-Image-2023-02-08-at-11.23.45-300x135.jpeg 300w, https:\/\/bojornal.pt\/wp-content\/uploads\/2023\/02\/WhatsApp-Image-2023-02-08-at-11.23.45-150x68.jpeg 150w, https:\/\/bojornal.pt\/wp-content\/uploads\/2023\/02\/WhatsApp-Image-2023-02-08-at-11.23.45-768x346.jpeg 768w, https:\/\/bojornal.pt\/wp-content\/uploads\/2023\/02\/WhatsApp-Image-2023-02-08-at-11.23.45-1536x691.jpeg 1536w, https:\/\/bojornal.pt\/wp-content\/uploads\/2023\/02\/WhatsApp-Image-2023-02-08-at-11.23.45.jpeg 2000w\" sizes=\"auto, (max-width: 1024px) 100vw, 1024px\" \/><\/figure>\n\n\n\n<figure class=\"wp-block-image size-large is-style-default\"><img loading=\"lazy\" decoding=\"async\" width=\"1024\" height=\"768\" src=\"https:\/\/bojornal.pt\/wp-content\/uploads\/2023\/02\/WhatsApp-Image-2023-02-08-at-11.45.53-2-1024x768.jpeg\" alt=\"\" class=\"wp-image-12255\" srcset=\"https:\/\/bojornal.pt\/wp-content\/uploads\/2023\/02\/WhatsApp-Image-2023-02-08-at-11.45.53-2-1024x768.jpeg 1024w, https:\/\/bojornal.pt\/wp-content\/uploads\/2023\/02\/WhatsApp-Image-2023-02-08-at-11.45.53-2-300x225.jpeg 300w, https:\/\/bojornal.pt\/wp-content\/uploads\/2023\/02\/WhatsApp-Image-2023-02-08-at-11.45.53-2-150x113.jpeg 150w, https:\/\/bojornal.pt\/wp-content\/uploads\/2023\/02\/WhatsApp-Image-2023-02-08-at-11.45.53-2-768x576.jpeg 768w, https:\/\/bojornal.pt\/wp-content\/uploads\/2023\/02\/WhatsApp-Image-2023-02-08-at-11.45.53-2-1536x1152.jpeg 1536w, https:\/\/bojornal.pt\/wp-content\/uploads\/2023\/02\/WhatsApp-Image-2023-02-08-at-11.45.53-2.jpeg 2000w\" sizes=\"auto, (max-width: 1024px) 100vw, 1024px\" \/><\/figure>\n<\/div>\n\n\n\n<div class=\"wp-block-column is-layout-flow wp-block-column-is-layout-flow\">\n<figure class=\"wp-block-image size-large is-style-default\"><img loading=\"lazy\" decoding=\"async\" width=\"1024\" height=\"1024\" src=\"https:\/\/bojornal.pt\/wp-content\/uploads\/2023\/02\/WhatsApp-Image-2023-02-08-at-11.23.43-1024x1024.jpeg\" alt=\"\" class=\"wp-image-12247\" srcset=\"https:\/\/bojornal.pt\/wp-content\/uploads\/2023\/02\/WhatsApp-Image-2023-02-08-at-11.23.43-1024x1024.jpeg 1024w, https:\/\/bojornal.pt\/wp-content\/uploads\/2023\/02\/WhatsApp-Image-2023-02-08-at-11.23.43-300x300.jpeg 300w, https:\/\/bojornal.pt\/wp-content\/uploads\/2023\/02\/WhatsApp-Image-2023-02-08-at-11.23.43-150x150.jpeg 150w, https:\/\/bojornal.pt\/wp-content\/uploads\/2023\/02\/WhatsApp-Image-2023-02-08-at-11.23.43-768x768.jpeg 768w, https:\/\/bojornal.pt\/wp-content\/uploads\/2023\/02\/WhatsApp-Image-2023-02-08-at-11.23.43-80x80.jpeg 80w, https:\/\/bojornal.pt\/wp-content\/uploads\/2023\/02\/WhatsApp-Image-2023-02-08-at-11.23.43-320x320.jpeg 320w, https:\/\/bojornal.pt\/wp-content\/uploads\/2023\/02\/WhatsApp-Image-2023-02-08-at-11.23.43.jpeg 1080w\" sizes=\"auto, (max-width: 1024px) 100vw, 1024px\" \/><\/figure>\n\n\n\n<figure class=\"wp-block-image size-large is-style-default\"><img loading=\"lazy\" decoding=\"async\" width=\"1024\" height=\"1024\" src=\"https:\/\/bojornal.pt\/wp-content\/uploads\/2023\/02\/WhatsApp-Image-2023-02-08-at-11.23.43-2-1024x1024.jpeg\" alt=\"\" class=\"wp-image-12249\" srcset=\"https:\/\/bojornal.pt\/wp-content\/uploads\/2023\/02\/WhatsApp-Image-2023-02-08-at-11.23.43-2-1024x1024.jpeg 1024w, https:\/\/bojornal.pt\/wp-content\/uploads\/2023\/02\/WhatsApp-Image-2023-02-08-at-11.23.43-2-300x300.jpeg 300w, https:\/\/bojornal.pt\/wp-content\/uploads\/2023\/02\/WhatsApp-Image-2023-02-08-at-11.23.43-2-150x150.jpeg 150w, https:\/\/bojornal.pt\/wp-content\/uploads\/2023\/02\/WhatsApp-Image-2023-02-08-at-11.23.43-2-768x768.jpeg 768w, https:\/\/bojornal.pt\/wp-content\/uploads\/2023\/02\/WhatsApp-Image-2023-02-08-at-11.23.43-2-80x80.jpeg 80w, https:\/\/bojornal.pt\/wp-content\/uploads\/2023\/02\/WhatsApp-Image-2023-02-08-at-11.23.43-2-320x320.jpeg 320w, https:\/\/bojornal.pt\/wp-content\/uploads\/2023\/02\/WhatsApp-Image-2023-02-08-at-11.23.43-2.jpeg 1080w\" sizes=\"auto, (max-width: 1024px) 100vw, 1024px\" \/><\/figure>\n\n\n\n<figure class=\"wp-block-image size-large is-style-default\"><img loading=\"lazy\" decoding=\"async\" width=\"1024\" height=\"768\" src=\"https:\/\/bojornal.pt\/wp-content\/uploads\/2023\/02\/WhatsApp-Image-2023-02-08-at-11.23.44-3-1024x768.jpeg\" alt=\"\" class=\"wp-image-12251\" srcset=\"https:\/\/bojornal.pt\/wp-content\/uploads\/2023\/02\/WhatsApp-Image-2023-02-08-at-11.23.44-3-1024x768.jpeg 1024w, https:\/\/bojornal.pt\/wp-content\/uploads\/2023\/02\/WhatsApp-Image-2023-02-08-at-11.23.44-3-300x225.jpeg 300w, https:\/\/bojornal.pt\/wp-content\/uploads\/2023\/02\/WhatsApp-Image-2023-02-08-at-11.23.44-3-150x113.jpeg 150w, https:\/\/bojornal.pt\/wp-content\/uploads\/2023\/02\/WhatsApp-Image-2023-02-08-at-11.23.44-3-768x576.jpeg 768w, https:\/\/bojornal.pt\/wp-content\/uploads\/2023\/02\/WhatsApp-Image-2023-02-08-at-11.23.44-3-1536x1152.jpeg 1536w, https:\/\/bojornal.pt\/wp-content\/uploads\/2023\/02\/WhatsApp-Image-2023-02-08-at-11.23.44-3.jpeg 1600w\" sizes=\"auto, (max-width: 1024px) 100vw, 1024px\" \/><\/figure>\n\n\n\n<figure class=\"wp-block-image size-large is-style-default\"><img loading=\"lazy\" decoding=\"async\" width=\"1024\" height=\"768\" src=\"https:\/\/bojornal.pt\/wp-content\/uploads\/2023\/02\/WhatsApp-Image-2023-02-08-at-11.45.53-3-1024x768.jpeg\" alt=\"\" class=\"wp-image-12254\" srcset=\"https:\/\/bojornal.pt\/wp-content\/uploads\/2023\/02\/WhatsApp-Image-2023-02-08-at-11.45.53-3-1024x768.jpeg 1024w, https:\/\/bojornal.pt\/wp-content\/uploads\/2023\/02\/WhatsApp-Image-2023-02-08-at-11.45.53-3-300x225.jpeg 300w, https:\/\/bojornal.pt\/wp-content\/uploads\/2023\/02\/WhatsApp-Image-2023-02-08-at-11.45.53-3-150x113.jpeg 150w, https:\/\/bojornal.pt\/wp-content\/uploads\/2023\/02\/WhatsApp-Image-2023-02-08-at-11.45.53-3-768x576.jpeg 768w, https:\/\/bojornal.pt\/wp-content\/uploads\/2023\/02\/WhatsApp-Image-2023-02-08-at-11.45.53-3-1536x1152.jpeg 1536w, https:\/\/bojornal.pt\/wp-content\/uploads\/2023\/02\/WhatsApp-Image-2023-02-08-at-11.45.53-3.jpeg 2000w\" sizes=\"auto, (max-width: 1024px) 100vw, 1024px\" \/><\/figure>\n\n\n\n<figure class=\"wp-block-image size-large is-style-default\"><img loading=\"lazy\" decoding=\"async\" width=\"1024\" height=\"768\" src=\"https:\/\/bojornal.pt\/wp-content\/uploads\/2023\/02\/WhatsApp-Image-2023-02-08-at-11.45.53-1-1024x768.jpeg\" alt=\"\" class=\"wp-image-12256\" srcset=\"https:\/\/bojornal.pt\/wp-content\/uploads\/2023\/02\/WhatsApp-Image-2023-02-08-at-11.45.53-1-1024x768.jpeg 1024w, https:\/\/bojornal.pt\/wp-content\/uploads\/2023\/02\/WhatsApp-Image-2023-02-08-at-11.45.53-1-300x225.jpeg 300w, https:\/\/bojornal.pt\/wp-content\/uploads\/2023\/02\/WhatsApp-Image-2023-02-08-at-11.45.53-1-150x113.jpeg 150w, https:\/\/bojornal.pt\/wp-content\/uploads\/2023\/02\/WhatsApp-Image-2023-02-08-at-11.45.53-1-768x576.jpeg 768w, https:\/\/bojornal.pt\/wp-content\/uploads\/2023\/02\/WhatsApp-Image-2023-02-08-at-11.45.53-1-1536x1152.jpeg 1536w, https:\/\/bojornal.pt\/wp-content\/uploads\/2023\/02\/WhatsApp-Image-2023-02-08-at-11.45.53-1.jpeg 2000w\" sizes=\"auto, (max-width: 1024px) 100vw, 1024px\" \/><\/figure>\n<\/div>\n<\/div>\n\n\n\n<p>A Escola Em\u00eddio Garcia mostrou, mais uma vez, que a arte \u00e9 uma das melhores formas de sensibilizar o ser humano. A nossa escola, reconhecida como uma escola das artes, proporcionou, \u00e0 comunidade escolar, uma  a\u00e7\u00e3o de sensibiliza\u00e7\u00e3o sobre a problem\u00e1tica do cancro, a partir dos trabalhos realizados pelos alunos do Curso de Artes Visuais, sob o tema: &#8220;Per\u00edodo Rosa&#8221;, de Pablo Picasso. Esta iniciativa, realizada no dia 8 de fevereiro e enquadrada no \u00e2mbito da \u00e1rea de Cidadania e Desenvolvimento, sob o tema &#8220;Sa\u00fade&#8221;, contou, tamb\u00e9m, com a colabora\u00e7\u00e3o da Liga Portuguesa Contra o Cancro e com a Equipa da Sa\u00fade Escolar.  A sess\u00e3o iniciou com com a apresenta\u00e7\u00e3o da tem\u00e1tica, por parte do professor Manuel Trovisco, professor de Desenho A do agrupamento, seguindo-se a interven\u00e7\u00e3o t\u00e9cnica da Dr. Cl\u00e1udia Vaz (Delega\u00e7\u00e3o de Bragan\u00e7a da Liga Portuguesa Contra o Cancro).<\/p>\n","protected":false},"excerpt":{"rendered":"<p>Do &#8220;Outubro Rosa&#8221; de Pablo Picasso \u00e0 problem\u00e1tica do Cancro A Escola Em\u00eddio Garcia mostrou, mais uma vez, que a arte \u00e9 uma das melhores formas de sensibilizar o ser humano. A nossa escola,&#46;&#46;&#46;<\/p>\n","protected":false},"author":2,"featured_media":12251,"comment_status":"closed","ping_status":"open","sticky":false,"template":"","format":"standard","meta":{"footnotes":""},"categories":[27,2,9,16],"tags":[],"class_list":["post-12244","post","type-post","status-publish","format-standard","has-post-thumbnail","hentry","category-aeeg","category-atualidade","category-em-foco","category-escola-secundaria-emidio-garcia"],"_links":{"self":[{"href":"https:\/\/bojornal.pt\/index.php?rest_route=\/wp\/v2\/posts\/12244","targetHints":{"allow":["GET"]}}],"collection":[{"href":"https:\/\/bojornal.pt\/index.php?rest_route=\/wp\/v2\/posts"}],"about":[{"href":"https:\/\/bojornal.pt\/index.php?rest_route=\/wp\/v2\/types\/post"}],"author":[{"embeddable":true,"href":"https:\/\/bojornal.pt\/index.php?rest_route=\/wp\/v2\/users\/2"}],"replies":[{"embeddable":true,"href":"https:\/\/bojornal.pt\/index.php?rest_route=%2Fwp%2Fv2%2Fcomments&post=12244"}],"version-history":[{"count":0,"href":"https:\/\/bojornal.pt\/index.php?rest_route=\/wp\/v2\/posts\/12244\/revisions"}],"wp:featuredmedia":[{"embeddable":true,"href":"https:\/\/bojornal.pt\/index.php?rest_route=\/wp\/v2\/media\/12251"}],"wp:attachment":[{"href":"https:\/\/bojornal.pt\/index.php?rest_route=%2Fwp%2Fv2%2Fmedia&parent=12244"}],"wp:term":[{"taxonomy":"category","embeddable":true,"href":"https:\/\/bojornal.pt\/index.php?rest_route=%2Fwp%2Fv2%2Fcategories&post=12244"},{"taxonomy":"post_tag","embeddable":true,"href":"https:\/\/bojornal.pt\/index.php?rest_route=%2Fwp%2Fv2%2Ftags&post=12244"}],"curies":[{"name":"wp","href":"https:\/\/api.w.org\/{rel}","templated":true}]}}