{"id":12230,"date":"2023-02-06T00:39:58","date_gmt":"2023-02-06T00:39:58","guid":{"rendered":"https:\/\/bojornal.pt\/?p=12230"},"modified":"2023-02-06T00:40:01","modified_gmt":"2023-02-06T00:40:01","slug":"escola-emidio-garcia-ajuda-soldados-ucranianos","status":"publish","type":"post","link":"https:\/\/bojornal.pt\/?p=12230","title":{"rendered":"Escola Em\u00eddio Garcia ajuda soldados ucranianos"},"content":{"rendered":"\n<p><strong><em>Alunos recolhem latas que ser\u00e3o transformadas em &#8220;aquecedores&#8221; para os soldados presentes na frente de guerra, na Ucr\u00e2nia.<\/em><\/strong><\/p>\n\n\n\n<figure class=\"wp-block-gallery has-nested-images columns-default is-cropped wp-block-gallery-1 is-layout-flex wp-block-gallery-is-layout-flex\">\n<figure class=\"wp-block-image size-large is-style-default\"><img loading=\"lazy\" decoding=\"async\" width=\"724\" height=\"1024\" data-id=\"12231\" src=\"https:\/\/bojornal.pt\/wp-content\/uploads\/2023\/02\/LATINHAS-DE-CALOR2023-724x1024.gif\" alt=\"\" class=\"wp-image-12231\" srcset=\"https:\/\/bojornal.pt\/wp-content\/uploads\/2023\/02\/LATINHAS-DE-CALOR2023-724x1024.gif 724w, https:\/\/bojornal.pt\/wp-content\/uploads\/2023\/02\/LATINHAS-DE-CALOR2023-212x300.gif 212w, https:\/\/bojornal.pt\/wp-content\/uploads\/2023\/02\/LATINHAS-DE-CALOR2023-106x150.gif 106w, https:\/\/bojornal.pt\/wp-content\/uploads\/2023\/02\/LATINHAS-DE-CALOR2023-768x1086.gif 768w, https:\/\/bojornal.pt\/wp-content\/uploads\/2023\/02\/LATINHAS-DE-CALOR2023-1086x1536.gif 1086w, https:\/\/bojornal.pt\/wp-content\/uploads\/2023\/02\/LATINHAS-DE-CALOR2023-1448x2048.gif 1448w\" sizes=\"auto, (max-width: 724px) 100vw, 724px\" \/><\/figure>\n<\/figure>\n\n\n\n<p>O Agrupamento de Escolas Em\u00eddio Garcia associou-se \u00e0 campanha de recolha de <em>latinhas <\/em>para elabora\u00e7\u00e3o de utens\u00edlios que funcionar\u00e3o como aquecedores aos soldados presentes em frente de guerra, na Ucr\u00e2nia. Esta campanha internacional \u00e9 dinamizada, em Bragan\u00e7a, pelo  Secretariado Diocesano das Migra\u00e7\u00f5es e Minorias \u00c9tnicas que, por sua vez, sensibilizou a Associa\u00e7\u00e3o de Pais e o Agrupamento de Escolas Em\u00eddio Garcia. As <em>latinhas<\/em> ser\u00e3o recheadas de cera, fornecida pelo Santu\u00e1rio de F\u00e1tima (resultante das velas dos peregrinos) e enviadas para a Ucr\u00e2nia, onde ser\u00e3o de extrema utilidade, principalmente em zonas sem eletricidade, como por exemplo na frente de batalha. <\/p>\n\n\n\n<p>Pode contribuir para esta causa e deixar as latinhas na Portaria da Escola Em\u00eddio Garcia ou em qualquer uma das escolas do agrupamento. <\/p>\n\n\n\n<figure class=\"wp-block-video\"><video height=\"540\" style=\"aspect-ratio: 960 \/ 540;\" width=\"960\" controls src=\"https:\/\/bojornal.pt\/wp-content\/uploads\/2023\/02\/VID-20230130-WA0007.mp4\"><\/video><\/figure>\n","protected":false},"excerpt":{"rendered":"<p>Alunos recolhem latas que ser\u00e3o transformadas em &#8220;aquecedores&#8221; para os soldados presentes na frente de guerra, na Ucr\u00e2nia. O Agrupamento de Escolas Em\u00eddio Garcia associou-se \u00e0 campanha de recolha de latinhas para elabora\u00e7\u00e3o de&#46;&#46;&#46;<\/p>\n","protected":false},"author":2,"featured_media":12231,"comment_status":"closed","ping_status":"open","sticky":false,"template":"","format":"standard","meta":{"footnotes":""},"categories":[14,27,2,9,13,16,15],"tags":[],"class_list":["post-12230","post","type-post","status-publish","format-standard","has-post-thumbnail","hentry","category-1o-ciclo","category-aeeg","category-atualidade","category-em-foco","category-escola-paulo-quintela","category-escola-secundaria-emidio-garcia","category-pre-escolar"],"_links":{"self":[{"href":"https:\/\/bojornal.pt\/index.php?rest_route=\/wp\/v2\/posts\/12230","targetHints":{"allow":["GET"]}}],"collection":[{"href":"https:\/\/bojornal.pt\/index.php?rest_route=\/wp\/v2\/posts"}],"about":[{"href":"https:\/\/bojornal.pt\/index.php?rest_route=\/wp\/v2\/types\/post"}],"author":[{"embeddable":true,"href":"https:\/\/bojornal.pt\/index.php?rest_route=\/wp\/v2\/users\/2"}],"replies":[{"embeddable":true,"href":"https:\/\/bojornal.pt\/index.php?rest_route=%2Fwp%2Fv2%2Fcomments&post=12230"}],"version-history":[{"count":0,"href":"https:\/\/bojornal.pt\/index.php?rest_route=\/wp\/v2\/posts\/12230\/revisions"}],"wp:featuredmedia":[{"embeddable":true,"href":"https:\/\/bojornal.pt\/index.php?rest_route=\/wp\/v2\/media\/12231"}],"wp:attachment":[{"href":"https:\/\/bojornal.pt\/index.php?rest_route=%2Fwp%2Fv2%2Fmedia&parent=12230"}],"wp:term":[{"taxonomy":"category","embeddable":true,"href":"https:\/\/bojornal.pt\/index.php?rest_route=%2Fwp%2Fv2%2Fcategories&post=12230"},{"taxonomy":"post_tag","embeddable":true,"href":"https:\/\/bojornal.pt\/index.php?rest_route=%2Fwp%2Fv2%2Ftags&post=12230"}],"curies":[{"name":"wp","href":"https:\/\/api.w.org\/{rel}","templated":true}]}}