{"id":12221,"date":"2023-02-03T12:41:00","date_gmt":"2023-02-03T12:41:00","guid":{"rendered":"https:\/\/bojornal.pt\/?p=12221"},"modified":"2023-02-04T11:54:28","modified_gmt":"2023-02-04T11:54:28","slug":"jmj-na-escola-emidio-garcia","status":"publish","type":"post","link":"https:\/\/bojornal.pt\/?p=12221","title":{"rendered":"JMJ na Escola Em\u00eddio Garcia"},"content":{"rendered":"\n<p><strong><em>O Sal\u00e3o Nobre encheu-se para receber a equipa diocesana das Jornadas Mundiais da Juventude (JMJ) que informou os alunos sobre as din\u00e2micas preparadas para o evento<\/em><\/strong>. <\/p>\n\n\n\n<div class=\"wp-block-columns is-layout-flex wp-container-core-columns-is-layout-9d6595d7 wp-block-columns-is-layout-flex\">\n<div class=\"wp-block-column is-layout-flow wp-block-column-is-layout-flow\">\n<figure class=\"wp-block-image size-large is-style-default\"><img loading=\"lazy\" decoding=\"async\" width=\"1024\" height=\"461\" src=\"https:\/\/bojornal.pt\/wp-content\/uploads\/2023\/02\/WhatsApp-Image-2023-02-03-at-20.09.07-4-1024x461.jpeg\" alt=\"\" class=\"wp-image-12222\" srcset=\"https:\/\/bojornal.pt\/wp-content\/uploads\/2023\/02\/WhatsApp-Image-2023-02-03-at-20.09.07-4-1024x461.jpeg 1024w, https:\/\/bojornal.pt\/wp-content\/uploads\/2023\/02\/WhatsApp-Image-2023-02-03-at-20.09.07-4-300x135.jpeg 300w, https:\/\/bojornal.pt\/wp-content\/uploads\/2023\/02\/WhatsApp-Image-2023-02-03-at-20.09.07-4-150x68.jpeg 150w, https:\/\/bojornal.pt\/wp-content\/uploads\/2023\/02\/WhatsApp-Image-2023-02-03-at-20.09.07-4-768x346.jpeg 768w, https:\/\/bojornal.pt\/wp-content\/uploads\/2023\/02\/WhatsApp-Image-2023-02-03-at-20.09.07-4-1536x691.jpeg 1536w, https:\/\/bojornal.pt\/wp-content\/uploads\/2023\/02\/WhatsApp-Image-2023-02-03-at-20.09.07-4.jpeg 2000w\" sizes=\"auto, (max-width: 1024px) 100vw, 1024px\" \/><\/figure>\n<\/div>\n\n\n\n<div class=\"wp-block-column is-layout-flow wp-block-column-is-layout-flow\">\n<figure class=\"wp-block-image size-large is-style-default\"><img loading=\"lazy\" decoding=\"async\" width=\"1024\" height=\"461\" src=\"https:\/\/bojornal.pt\/wp-content\/uploads\/2023\/02\/WhatsApp-Image-2023-02-03-at-20.09.07-2-1024x461.jpeg\" alt=\"\" class=\"wp-image-12223\" srcset=\"https:\/\/bojornal.pt\/wp-content\/uploads\/2023\/02\/WhatsApp-Image-2023-02-03-at-20.09.07-2-1024x461.jpeg 1024w, https:\/\/bojornal.pt\/wp-content\/uploads\/2023\/02\/WhatsApp-Image-2023-02-03-at-20.09.07-2-300x135.jpeg 300w, https:\/\/bojornal.pt\/wp-content\/uploads\/2023\/02\/WhatsApp-Image-2023-02-03-at-20.09.07-2-150x68.jpeg 150w, https:\/\/bojornal.pt\/wp-content\/uploads\/2023\/02\/WhatsApp-Image-2023-02-03-at-20.09.07-2-768x346.jpeg 768w, https:\/\/bojornal.pt\/wp-content\/uploads\/2023\/02\/WhatsApp-Image-2023-02-03-at-20.09.07-2-1536x691.jpeg 1536w, https:\/\/bojornal.pt\/wp-content\/uploads\/2023\/02\/WhatsApp-Image-2023-02-03-at-20.09.07-2.jpeg 2000w\" sizes=\"auto, (max-width: 1024px) 100vw, 1024px\" \/><\/figure>\n<\/div>\n<\/div>\n\n\n\n<div class=\"wp-block-columns is-layout-flex wp-container-core-columns-is-layout-9d6595d7 wp-block-columns-is-layout-flex\">\n<div class=\"wp-block-column is-layout-flow wp-block-column-is-layout-flow\">\n<figure class=\"wp-block-image size-large is-style-default\"><img loading=\"lazy\" decoding=\"async\" width=\"1024\" height=\"461\" src=\"https:\/\/bojornal.pt\/wp-content\/uploads\/2023\/02\/WhatsApp-Image-2023-02-03-at-20.09.07-3-1024x461.jpeg\" alt=\"\" class=\"wp-image-12224\" srcset=\"https:\/\/bojornal.pt\/wp-content\/uploads\/2023\/02\/WhatsApp-Image-2023-02-03-at-20.09.07-3-1024x461.jpeg 1024w, https:\/\/bojornal.pt\/wp-content\/uploads\/2023\/02\/WhatsApp-Image-2023-02-03-at-20.09.07-3-300x135.jpeg 300w, https:\/\/bojornal.pt\/wp-content\/uploads\/2023\/02\/WhatsApp-Image-2023-02-03-at-20.09.07-3-150x68.jpeg 150w, https:\/\/bojornal.pt\/wp-content\/uploads\/2023\/02\/WhatsApp-Image-2023-02-03-at-20.09.07-3-768x346.jpeg 768w, https:\/\/bojornal.pt\/wp-content\/uploads\/2023\/02\/WhatsApp-Image-2023-02-03-at-20.09.07-3-1536x691.jpeg 1536w, https:\/\/bojornal.pt\/wp-content\/uploads\/2023\/02\/WhatsApp-Image-2023-02-03-at-20.09.07-3.jpeg 2000w\" sizes=\"auto, (max-width: 1024px) 100vw, 1024px\" \/><\/figure>\n<\/div>\n\n\n\n<div class=\"wp-block-column is-layout-flow wp-block-column-is-layout-flow\">\n<figure class=\"wp-block-image size-large is-style-default\"><img loading=\"lazy\" decoding=\"async\" width=\"1024\" height=\"461\" src=\"https:\/\/bojornal.pt\/wp-content\/uploads\/2023\/02\/WhatsApp-Image-2023-02-03-at-20.09.07-5-1024x461.jpeg\" alt=\"\" class=\"wp-image-12225\" srcset=\"https:\/\/bojornal.pt\/wp-content\/uploads\/2023\/02\/WhatsApp-Image-2023-02-03-at-20.09.07-5-1024x461.jpeg 1024w, https:\/\/bojornal.pt\/wp-content\/uploads\/2023\/02\/WhatsApp-Image-2023-02-03-at-20.09.07-5-300x135.jpeg 300w, https:\/\/bojornal.pt\/wp-content\/uploads\/2023\/02\/WhatsApp-Image-2023-02-03-at-20.09.07-5-150x68.jpeg 150w, https:\/\/bojornal.pt\/wp-content\/uploads\/2023\/02\/WhatsApp-Image-2023-02-03-at-20.09.07-5-768x346.jpeg 768w, https:\/\/bojornal.pt\/wp-content\/uploads\/2023\/02\/WhatsApp-Image-2023-02-03-at-20.09.07-5-1536x691.jpeg 1536w, https:\/\/bojornal.pt\/wp-content\/uploads\/2023\/02\/WhatsApp-Image-2023-02-03-at-20.09.07-5.jpeg 2000w\" sizes=\"auto, (max-width: 1024px) 100vw, 1024px\" \/><\/figure>\n<\/div>\n<\/div>\n\n\n\n<p>A Escola Em\u00eddio Garcia recebeu a equipa diocesana das Jornadas da Juventude de Bragan\u00e7a-Miranda, numa a\u00e7\u00e3o informativa sobre as JMJ\u00b423, agendadas para o in\u00edcio de agosto de 2023. Os nossos alunos marcaram presen\u00e7a em grande n\u00famero e tiveram a oportunidade de questionarem a equipa sobre as din\u00e2micas preparadas para o momento &#8220;<em>Pr\u00e9-Jornadas<\/em>&#8221; e para a pr\u00f3pria semana. Nesta a\u00e7\u00e3o, realizada no passado dia 3 de fevereiro, Os jovens alunos ficaram a saber em que consiste esta mega atividade, quais os procedimentos para participar e que a nossa cidade ir\u00e1 receber centenas de jovens na semana antecedente \u00e0s jornadas (aqui, os jovens poder\u00e3o inscrever-se como volunt\u00e1rios para dinamizar as atividades preparadas). De entre a equipa, tr\u00eas dos elementos foram nossos alunos, sempre bem-vindos: o Pedro Cunha, a Marta Beiroto e o Bruno Borges. O nosso obrigado!<\/p>\n","protected":false},"excerpt":{"rendered":"<p>O Sal\u00e3o Nobre encheu-se para receber a equipa diocesana das Jornadas Mundiais da Juventude (JMJ) que informou os alunos sobre as din\u00e2micas preparadas para o evento. A Escola Em\u00eddio Garcia recebeu a equipa diocesana&#46;&#46;&#46;<\/p>\n","protected":false},"author":2,"featured_media":12224,"comment_status":"closed","ping_status":"open","sticky":false,"template":"","format":"standard","meta":{"footnotes":""},"categories":[27,2,9,16],"tags":[],"class_list":["post-12221","post","type-post","status-publish","format-standard","has-post-thumbnail","hentry","category-aeeg","category-atualidade","category-em-foco","category-escola-secundaria-emidio-garcia"],"_links":{"self":[{"href":"https:\/\/bojornal.pt\/index.php?rest_route=\/wp\/v2\/posts\/12221","targetHints":{"allow":["GET"]}}],"collection":[{"href":"https:\/\/bojornal.pt\/index.php?rest_route=\/wp\/v2\/posts"}],"about":[{"href":"https:\/\/bojornal.pt\/index.php?rest_route=\/wp\/v2\/types\/post"}],"author":[{"embeddable":true,"href":"https:\/\/bojornal.pt\/index.php?rest_route=\/wp\/v2\/users\/2"}],"replies":[{"embeddable":true,"href":"https:\/\/bojornal.pt\/index.php?rest_route=%2Fwp%2Fv2%2Fcomments&post=12221"}],"version-history":[{"count":0,"href":"https:\/\/bojornal.pt\/index.php?rest_route=\/wp\/v2\/posts\/12221\/revisions"}],"wp:featuredmedia":[{"embeddable":true,"href":"https:\/\/bojornal.pt\/index.php?rest_route=\/wp\/v2\/media\/12224"}],"wp:attachment":[{"href":"https:\/\/bojornal.pt\/index.php?rest_route=%2Fwp%2Fv2%2Fmedia&parent=12221"}],"wp:term":[{"taxonomy":"category","embeddable":true,"href":"https:\/\/bojornal.pt\/index.php?rest_route=%2Fwp%2Fv2%2Fcategories&post=12221"},{"taxonomy":"post_tag","embeddable":true,"href":"https:\/\/bojornal.pt\/index.php?rest_route=%2Fwp%2Fv2%2Ftags&post=12221"}],"curies":[{"name":"wp","href":"https:\/\/api.w.org\/{rel}","templated":true}]}}