{"id":12217,"date":"2023-02-02T23:33:55","date_gmt":"2023-02-02T23:33:55","guid":{"rendered":"https:\/\/bojornal.pt\/?p=12217"},"modified":"2023-02-02T23:33:57","modified_gmt":"2023-02-02T23:33:57","slug":"pequenos-artistas-digitais","status":"publish","type":"post","link":"https:\/\/bojornal.pt\/?p=12217","title":{"rendered":"Pequenos &#8220;artistas digitais&#8221;"},"content":{"rendered":"\n<p>Os alunos do Jardim de Inf\u00e2ncia da S\u00e9 (JISE2) realizaram diversos trabalhos para o concurso &#8220;artistas digitais&#8221;<\/p>\n\n\n\n<figure class=\"wp-block-embed is-type-video is-provider-youtube wp-block-embed-youtube wp-embed-aspect-16-9 wp-has-aspect-ratio\"><div class=\"wp-block-embed__wrapper\">\n<div class=\"video-container\"><iframe loading=\"lazy\" title=\"Concurso Artistas Digitais\" width=\"500\" height=\"281\" src=\"https:\/\/www.youtube.com\/embed\/ROMWUmGEOi8?feature=oembed&#038;wmode=opaque\" frameborder=\"0\" allow=\"accelerometer; autoplay; clipboard-write; encrypted-media; gyroscope; picture-in-picture; web-share\" referrerpolicy=\"strict-origin-when-cross-origin\" allowfullscreen><\/iframe><\/div>\n<\/div><\/figure>\n\n\n\n<p>Os alunos do Jardim de Inf\u00e2ncia do Centro Escolar da S\u00e9 (JISE2), orientados pela educadora Isabel Martins, participaram no Concurso Artistas Digitais. O tema desta 22\u00aa Edi\u00e7\u00e3o foi subordinado ao tema: \u00c9tica e Cidadania e levou os <em>pequenos artistas<\/em> a lan\u00e7arem-se na aventura e criatividade. Parab\u00e9ns pelo trabalho!!!!  <\/p>\n","protected":false},"excerpt":{"rendered":"<p>Os alunos do Jardim de Inf\u00e2ncia da S\u00e9 (JISE2) realizaram diversos trabalhos para o concurso &#8220;artistas digitais&#8221; Os alunos do Jardim de Inf\u00e2ncia do Centro Escolar da S\u00e9 (JISE2), orientados pela educadora Isabel Martins,&#46;&#46;&#46;<\/p>\n","protected":false},"author":2,"featured_media":12218,"comment_status":"closed","ping_status":"open","sticky":false,"template":"","format":"standard","meta":{"footnotes":""},"categories":[14,27,2],"tags":[],"class_list":["post-12217","post","type-post","status-publish","format-standard","has-post-thumbnail","hentry","category-1o-ciclo","category-aeeg","category-atualidade"],"_links":{"self":[{"href":"https:\/\/bojornal.pt\/index.php?rest_route=\/wp\/v2\/posts\/12217","targetHints":{"allow":["GET"]}}],"collection":[{"href":"https:\/\/bojornal.pt\/index.php?rest_route=\/wp\/v2\/posts"}],"about":[{"href":"https:\/\/bojornal.pt\/index.php?rest_route=\/wp\/v2\/types\/post"}],"author":[{"embeddable":true,"href":"https:\/\/bojornal.pt\/index.php?rest_route=\/wp\/v2\/users\/2"}],"replies":[{"embeddable":true,"href":"https:\/\/bojornal.pt\/index.php?rest_route=%2Fwp%2Fv2%2Fcomments&post=12217"}],"version-history":[{"count":0,"href":"https:\/\/bojornal.pt\/index.php?rest_route=\/wp\/v2\/posts\/12217\/revisions"}],"wp:featuredmedia":[{"embeddable":true,"href":"https:\/\/bojornal.pt\/index.php?rest_route=\/wp\/v2\/media\/12218"}],"wp:attachment":[{"href":"https:\/\/bojornal.pt\/index.php?rest_route=%2Fwp%2Fv2%2Fmedia&parent=12217"}],"wp:term":[{"taxonomy":"category","embeddable":true,"href":"https:\/\/bojornal.pt\/index.php?rest_route=%2Fwp%2Fv2%2Fcategories&post=12217"},{"taxonomy":"post_tag","embeddable":true,"href":"https:\/\/bojornal.pt\/index.php?rest_route=%2Fwp%2Fv2%2Ftags&post=12217"}],"curies":[{"name":"wp","href":"https:\/\/api.w.org\/{rel}","templated":true}]}}