{"id":12182,"date":"2023-01-26T18:12:11","date_gmt":"2023-01-26T18:12:11","guid":{"rendered":"https:\/\/bojornal.pt\/?p=12182"},"modified":"2023-02-01T09:46:30","modified_gmt":"2023-02-01T09:46:30","slug":"encontro-nacional-de-escolas-ubuntu","status":"publish","type":"post","link":"https:\/\/bojornal.pt\/?p=12182","title":{"rendered":"Encontro Nacional de Escolas UBUNTU"},"content":{"rendered":"\n<p>Alunos da Em\u00eddio Garcia participaram na IV Edi\u00e7\u00e3o, em Lisboa <\/p>\n\n\n\n<figure class=\"wp-block-gallery has-nested-images columns-default is-cropped wp-block-gallery-1 is-layout-flex wp-block-gallery-is-layout-flex\">\n<figure class=\"wp-block-image size-large is-style-default\"><img loading=\"lazy\" decoding=\"async\" width=\"1024\" height=\"768\" data-id=\"12185\" src=\"https:\/\/bojornal.pt\/wp-content\/uploads\/2023\/01\/Encontro-Nacional-UBUNTU-2.jpeg\" alt=\"\" class=\"wp-image-12185\" srcset=\"https:\/\/bojornal.pt\/wp-content\/uploads\/2023\/01\/Encontro-Nacional-UBUNTU-2.jpeg 1024w, https:\/\/bojornal.pt\/wp-content\/uploads\/2023\/01\/Encontro-Nacional-UBUNTU-2-300x225.jpeg 300w, https:\/\/bojornal.pt\/wp-content\/uploads\/2023\/01\/Encontro-Nacional-UBUNTU-2-150x113.jpeg 150w, https:\/\/bojornal.pt\/wp-content\/uploads\/2023\/01\/Encontro-Nacional-UBUNTU-2-768x576.jpeg 768w\" sizes=\"auto, (max-width: 1024px) 100vw, 1024px\" \/><\/figure>\n\n\n\n<figure class=\"wp-block-image size-large is-style-default\"><img loading=\"lazy\" decoding=\"async\" width=\"768\" height=\"1024\" data-id=\"12184\" src=\"https:\/\/bojornal.pt\/wp-content\/uploads\/2023\/01\/Encontro-Nacional-UBUNTU-3.jpeg\" alt=\"\" class=\"wp-image-12184\" srcset=\"https:\/\/bojornal.pt\/wp-content\/uploads\/2023\/01\/Encontro-Nacional-UBUNTU-3.jpeg 768w, https:\/\/bojornal.pt\/wp-content\/uploads\/2023\/01\/Encontro-Nacional-UBUNTU-3-225x300.jpeg 225w, https:\/\/bojornal.pt\/wp-content\/uploads\/2023\/01\/Encontro-Nacional-UBUNTU-3-113x150.jpeg 113w\" sizes=\"auto, (max-width: 768px) 100vw, 768px\" \/><\/figure>\n<\/figure>\n\n\n\n<figure class=\"wp-block-image size-full is-style-default\"><img loading=\"lazy\" decoding=\"async\" width=\"1024\" height=\"768\" src=\"https:\/\/bojornal.pt\/wp-content\/uploads\/2023\/01\/Encontro-Nacional-UBUNTU-1-1.jpeg\" alt=\"\" class=\"wp-image-12186\" srcset=\"https:\/\/bojornal.pt\/wp-content\/uploads\/2023\/01\/Encontro-Nacional-UBUNTU-1-1.jpeg 1024w, https:\/\/bojornal.pt\/wp-content\/uploads\/2023\/01\/Encontro-Nacional-UBUNTU-1-1-300x225.jpeg 300w, https:\/\/bojornal.pt\/wp-content\/uploads\/2023\/01\/Encontro-Nacional-UBUNTU-1-1-150x113.jpeg 150w, https:\/\/bojornal.pt\/wp-content\/uploads\/2023\/01\/Encontro-Nacional-UBUNTU-1-1-768x576.jpeg 768w\" sizes=\"auto, (max-width: 1024px) 100vw, 1024px\" \/><\/figure>\n\n\n\n<p>Alguns dos alunos do Clube UBUNTU da Escola Em\u00eddio Garcia participaram no IV Encontro Nacional de Escolas UBUNTU. Esta iniciativa contou, pela primeira vez, com alunos do Liceu. Este evento, realizado no dia 25 de janeiro, contou com a atua\u00e7\u00e3o do Coro Ubuntu J\u00fanior, e o discurso de abertura de Rui Marques, Presidente do <a href=\"https:\/\/www.facebook.com\/InstitutoPAV\/?__cft__[0]=AZUxWpauj1RWH16xyLMqdvGCiD-ZETOj8isR93BnxPIGv4h7KTxBX6fNV2RSe81D7TqPcr_W9x44Moz52G6SzQ8vki0-JsGgzL4GEZlWpjxljcUqT10zwQmZjRgZpc_PBwgxCl7YEkU4stJIe8ZThLjqHGkoOfeTjCWovP67CuLQ6ippsP_2YcBC8FYnlSKYbso&amp;__tn__=kK-R\">IPAV &#8211; Instituto Padre Ant\u00f3nio Vieira<\/a>,  que destacou ser um \u201cmomento muito especial e uma raz\u00e3o de \u00e2nimo\u201d para querer continuar \u201ca agir e construir a mudan\u00e7a \u201d. A participa\u00e7\u00e3o, neste encontro, permitiu um contacto mais pr\u00f3ximo dos nossos alunos com jovens de todo o pa\u00eds, unidos pelos mesmos desafios e filosofia UBUNTU. <\/p>\n\n\n\n<figure class=\"wp-block-gallery has-nested-images columns-default is-cropped wp-block-gallery-2 is-layout-flex wp-block-gallery-is-layout-flex\">\n<figure class=\"wp-block-image size-large is-style-default\"><img loading=\"lazy\" decoding=\"async\" width=\"1024\" height=\"768\" data-id=\"12190\" src=\"https:\/\/bojornal.pt\/wp-content\/uploads\/2023\/01\/401b654d-0775-4e5f-acfc-065edcf19f0c-1024x768.jpg\" alt=\"\" class=\"wp-image-12190\" srcset=\"https:\/\/bojornal.pt\/wp-content\/uploads\/2023\/01\/401b654d-0775-4e5f-acfc-065edcf19f0c-1024x768.jpg 1024w, https:\/\/bojornal.pt\/wp-content\/uploads\/2023\/01\/401b654d-0775-4e5f-acfc-065edcf19f0c-300x225.jpg 300w, https:\/\/bojornal.pt\/wp-content\/uploads\/2023\/01\/401b654d-0775-4e5f-acfc-065edcf19f0c-150x113.jpg 150w, https:\/\/bojornal.pt\/wp-content\/uploads\/2023\/01\/401b654d-0775-4e5f-acfc-065edcf19f0c-768x576.jpg 768w, https:\/\/bojornal.pt\/wp-content\/uploads\/2023\/01\/401b654d-0775-4e5f-acfc-065edcf19f0c-1536x1152.jpg 1536w, https:\/\/bojornal.pt\/wp-content\/uploads\/2023\/01\/401b654d-0775-4e5f-acfc-065edcf19f0c.jpg 2048w\" sizes=\"auto, (max-width: 1024px) 100vw, 1024px\" \/><\/figure>\n\n\n\n<figure class=\"wp-block-image size-large is-style-default\"><img loading=\"lazy\" decoding=\"async\" width=\"1024\" height=\"768\" data-id=\"12191\" src=\"https:\/\/bojornal.pt\/wp-content\/uploads\/2023\/01\/Encontro-Nacional-UBUNTU5-1024x768.jpeg\" alt=\"\" class=\"wp-image-12191\" srcset=\"https:\/\/bojornal.pt\/wp-content\/uploads\/2023\/01\/Encontro-Nacional-UBUNTU5-1024x768.jpeg 1024w, https:\/\/bojornal.pt\/wp-content\/uploads\/2023\/01\/Encontro-Nacional-UBUNTU5-300x225.jpeg 300w, https:\/\/bojornal.pt\/wp-content\/uploads\/2023\/01\/Encontro-Nacional-UBUNTU5-150x113.jpeg 150w, https:\/\/bojornal.pt\/wp-content\/uploads\/2023\/01\/Encontro-Nacional-UBUNTU5-768x576.jpeg 768w, https:\/\/bojornal.pt\/wp-content\/uploads\/2023\/01\/Encontro-Nacional-UBUNTU5-1536x1152.jpeg 1536w, https:\/\/bojornal.pt\/wp-content\/uploads\/2023\/01\/Encontro-Nacional-UBUNTU5.jpeg 2048w\" sizes=\"auto, (max-width: 1024px) 100vw, 1024px\" \/><\/figure>\n<\/figure>\n","protected":false},"excerpt":{"rendered":"<p>Alunos da Em\u00eddio Garcia participaram na IV Edi\u00e7\u00e3o, em Lisboa Alguns dos alunos do Clube UBUNTU da Escola Em\u00eddio Garcia participaram no IV Encontro Nacional de Escolas UBUNTU. Esta iniciativa contou, pela primeira vez,&#46;&#46;&#46;<\/p>\n","protected":false},"author":2,"featured_media":12186,"comment_status":"closed","ping_status":"open","sticky":false,"template":"","format":"standard","meta":{"footnotes":""},"categories":[27,9,16],"tags":[],"class_list":["post-12182","post","type-post","status-publish","format-standard","has-post-thumbnail","hentry","category-aeeg","category-em-foco","category-escola-secundaria-emidio-garcia"],"_links":{"self":[{"href":"https:\/\/bojornal.pt\/index.php?rest_route=\/wp\/v2\/posts\/12182","targetHints":{"allow":["GET"]}}],"collection":[{"href":"https:\/\/bojornal.pt\/index.php?rest_route=\/wp\/v2\/posts"}],"about":[{"href":"https:\/\/bojornal.pt\/index.php?rest_route=\/wp\/v2\/types\/post"}],"author":[{"embeddable":true,"href":"https:\/\/bojornal.pt\/index.php?rest_route=\/wp\/v2\/users\/2"}],"replies":[{"embeddable":true,"href":"https:\/\/bojornal.pt\/index.php?rest_route=%2Fwp%2Fv2%2Fcomments&post=12182"}],"version-history":[{"count":0,"href":"https:\/\/bojornal.pt\/index.php?rest_route=\/wp\/v2\/posts\/12182\/revisions"}],"wp:featuredmedia":[{"embeddable":true,"href":"https:\/\/bojornal.pt\/index.php?rest_route=\/wp\/v2\/media\/12186"}],"wp:attachment":[{"href":"https:\/\/bojornal.pt\/index.php?rest_route=%2Fwp%2Fv2%2Fmedia&parent=12182"}],"wp:term":[{"taxonomy":"category","embeddable":true,"href":"https:\/\/bojornal.pt\/index.php?rest_route=%2Fwp%2Fv2%2Fcategories&post=12182"},{"taxonomy":"post_tag","embeddable":true,"href":"https:\/\/bojornal.pt\/index.php?rest_route=%2Fwp%2Fv2%2Ftags&post=12182"}],"curies":[{"name":"wp","href":"https:\/\/api.w.org\/{rel}","templated":true}]}}