{"id":12135,"date":"2023-01-26T20:04:31","date_gmt":"2023-01-26T20:04:31","guid":{"rendered":"https:\/\/bojornal.pt\/?p=12135"},"modified":"2023-01-26T20:10:53","modified_gmt":"2023-01-26T20:10:53","slug":"da-escola-ao-empreendedorismo","status":"publish","type":"post","link":"https:\/\/bojornal.pt\/?p=12135","title":{"rendered":"&#8220;Da Escola ao Empreendedorismo&#8221;"},"content":{"rendered":"\n<p>Alunos da Escola Em\u00eddio Garcia participam no &#8220;Open Day&#8221;, no Brigantia Ecopark<\/p>\n\n\n\n<div class=\"wp-block-columns is-layout-flex wp-container-core-columns-is-layout-9d6595d7 wp-block-columns-is-layout-flex\">\n<div class=\"wp-block-column is-layout-flow wp-block-column-is-layout-flow\">\n<figure class=\"wp-block-image size-large is-style-default\"><img loading=\"lazy\" decoding=\"async\" width=\"1024\" height=\"461\" src=\"https:\/\/bojornal.pt\/wp-content\/uploads\/2023\/01\/Escola-e-Empreendedorismo-4-3-1024x461.jpeg\" alt=\"\" class=\"wp-image-12154\" srcset=\"https:\/\/bojornal.pt\/wp-content\/uploads\/2023\/01\/Escola-e-Empreendedorismo-4-3-1024x461.jpeg 1024w, https:\/\/bojornal.pt\/wp-content\/uploads\/2023\/01\/Escola-e-Empreendedorismo-4-3-300x135.jpeg 300w, https:\/\/bojornal.pt\/wp-content\/uploads\/2023\/01\/Escola-e-Empreendedorismo-4-3-150x68.jpeg 150w, https:\/\/bojornal.pt\/wp-content\/uploads\/2023\/01\/Escola-e-Empreendedorismo-4-3-768x346.jpeg 768w, https:\/\/bojornal.pt\/wp-content\/uploads\/2023\/01\/Escola-e-Empreendedorismo-4-3-1536x691.jpeg 1536w, https:\/\/bojornal.pt\/wp-content\/uploads\/2023\/01\/Escola-e-Empreendedorismo-4-3.jpeg 2000w\" sizes=\"auto, (max-width: 1024px) 100vw, 1024px\" \/><\/figure>\n\n\n\n<div class=\"wp-block-columns is-layout-flex wp-container-core-columns-is-layout-9d6595d7 wp-block-columns-is-layout-flex\">\n<div class=\"wp-block-column is-layout-flow wp-block-column-is-layout-flow\">\n<figure class=\"wp-block-image size-large is-style-default\"><img loading=\"lazy\" decoding=\"async\" width=\"1024\" height=\"461\" src=\"https:\/\/bojornal.pt\/wp-content\/uploads\/2023\/01\/Escola-e-Empreendedorismo-2-1-1024x461.jpeg\" alt=\"\" class=\"wp-image-12155\" srcset=\"https:\/\/bojornal.pt\/wp-content\/uploads\/2023\/01\/Escola-e-Empreendedorismo-2-1-1024x461.jpeg 1024w, https:\/\/bojornal.pt\/wp-content\/uploads\/2023\/01\/Escola-e-Empreendedorismo-2-1-300x135.jpeg 300w, https:\/\/bojornal.pt\/wp-content\/uploads\/2023\/01\/Escola-e-Empreendedorismo-2-1-150x68.jpeg 150w, https:\/\/bojornal.pt\/wp-content\/uploads\/2023\/01\/Escola-e-Empreendedorismo-2-1-768x346.jpeg 768w, https:\/\/bojornal.pt\/wp-content\/uploads\/2023\/01\/Escola-e-Empreendedorismo-2-1-1536x691.jpeg 1536w, https:\/\/bojornal.pt\/wp-content\/uploads\/2023\/01\/Escola-e-Empreendedorismo-2-1.jpeg 2000w\" sizes=\"auto, (max-width: 1024px) 100vw, 1024px\" \/><\/figure>\n<\/div>\n\n\n\n<div class=\"wp-block-column is-layout-flow wp-block-column-is-layout-flow\">\n<figure class=\"wp-block-gallery has-nested-images columns-default is-cropped wp-block-gallery-1 is-layout-flex wp-block-gallery-is-layout-flex\">\n<figure class=\"wp-block-image size-large is-style-default\"><img loading=\"lazy\" decoding=\"async\" width=\"1024\" height=\"603\" data-id=\"12156\" src=\"https:\/\/bojornal.pt\/wp-content\/uploads\/2023\/01\/Escola-e-Empreendedorismo-5-3-1024x603.jpeg\" alt=\"\" class=\"wp-image-12156\" srcset=\"https:\/\/bojornal.pt\/wp-content\/uploads\/2023\/01\/Escola-e-Empreendedorismo-5-3-1024x603.jpeg 1024w, https:\/\/bojornal.pt\/wp-content\/uploads\/2023\/01\/Escola-e-Empreendedorismo-5-3-300x177.jpeg 300w, https:\/\/bojornal.pt\/wp-content\/uploads\/2023\/01\/Escola-e-Empreendedorismo-5-3-150x88.jpeg 150w, https:\/\/bojornal.pt\/wp-content\/uploads\/2023\/01\/Escola-e-Empreendedorismo-5-3-768x452.jpeg 768w, https:\/\/bojornal.pt\/wp-content\/uploads\/2023\/01\/Escola-e-Empreendedorismo-5-3-1536x904.jpeg 1536w, https:\/\/bojornal.pt\/wp-content\/uploads\/2023\/01\/Escola-e-Empreendedorismo-5-3.jpeg 2048w\" sizes=\"auto, (max-width: 1024px) 100vw, 1024px\" \/><\/figure>\n<\/figure>\n<\/div>\n\n\n\n<div class=\"wp-block-column is-layout-flow wp-block-column-is-layout-flow\">\n<figure class=\"wp-block-image size-large is-style-default\"><img loading=\"lazy\" decoding=\"async\" width=\"1024\" height=\"461\" src=\"https:\/\/bojornal.pt\/wp-content\/uploads\/2023\/01\/Escola-e-Empreendedorismo-6-1-1024x461.jpeg\" alt=\"\" class=\"wp-image-12157\" srcset=\"https:\/\/bojornal.pt\/wp-content\/uploads\/2023\/01\/Escola-e-Empreendedorismo-6-1-1024x461.jpeg 1024w, https:\/\/bojornal.pt\/wp-content\/uploads\/2023\/01\/Escola-e-Empreendedorismo-6-1-300x135.jpeg 300w, https:\/\/bojornal.pt\/wp-content\/uploads\/2023\/01\/Escola-e-Empreendedorismo-6-1-150x68.jpeg 150w, https:\/\/bojornal.pt\/wp-content\/uploads\/2023\/01\/Escola-e-Empreendedorismo-6-1-768x346.jpeg 768w, https:\/\/bojornal.pt\/wp-content\/uploads\/2023\/01\/Escola-e-Empreendedorismo-6-1-1536x691.jpeg 1536w, https:\/\/bojornal.pt\/wp-content\/uploads\/2023\/01\/Escola-e-Empreendedorismo-6-1.jpeg 2000w\" sizes=\"auto, (max-width: 1024px) 100vw, 1024px\" \/><\/figure>\n<\/div>\n<\/div>\n<\/div>\n<\/div>\n\n\n\n<p>Os alunos do 10\u00ba E da Escola Em\u00eddio Garcia participaram no <em>Open Day<\/em>, no Brigantia Ecopark &#8211; Parque de Ci\u00eancia e Tecnologia de Bragan\u00e7a sobre empreendedorismo, sob o tema: &#8220;<em>Da Escola ao Empreendedorismo<\/em>&#8220;. Esta iniciativa aberta a todas as escolas de Bragan\u00e7a, realizada no dia 26 de janeiro, promoveu o esp\u00edrito empreendedor dos nossos jovens e deu a conhecer alguns projetos de sucesso acolhidos pelo Brigantia Ecopark. Esta atividade que serviu, tamb\u00e9m, para dar a conhecer todo o espa\u00e7o do Brigantia Ecopark contou com a apresenta\u00e7\u00e3o dos projetos <em>Treeflowers LusoFly e Your Money Watcher.  <\/em><\/p>\n\n\n\n<figure class=\"wp-block-image size-large is-style-default\"><img loading=\"lazy\" decoding=\"async\" width=\"1024\" height=\"422\" src=\"https:\/\/bojornal.pt\/wp-content\/uploads\/2023\/01\/Escola-e-Empreendedorismo-3-2-1024x422.jpeg\" alt=\"\" class=\"wp-image-12162\" srcset=\"https:\/\/bojornal.pt\/wp-content\/uploads\/2023\/01\/Escola-e-Empreendedorismo-3-2-1024x422.jpeg 1024w, https:\/\/bojornal.pt\/wp-content\/uploads\/2023\/01\/Escola-e-Empreendedorismo-3-2-300x124.jpeg 300w, https:\/\/bojornal.pt\/wp-content\/uploads\/2023\/01\/Escola-e-Empreendedorismo-3-2-150x62.jpeg 150w, https:\/\/bojornal.pt\/wp-content\/uploads\/2023\/01\/Escola-e-Empreendedorismo-3-2-768x317.jpeg 768w, https:\/\/bojornal.pt\/wp-content\/uploads\/2023\/01\/Escola-e-Empreendedorismo-3-2-1536x633.jpeg 1536w, https:\/\/bojornal.pt\/wp-content\/uploads\/2023\/01\/Escola-e-Empreendedorismo-3-2.jpeg 2048w\" sizes=\"auto, (max-width: 1024px) 100vw, 1024px\" \/><\/figure>\n","protected":false},"excerpt":{"rendered":"<p>Os alunos do 10.\u00baE da Escola Secund\u00e1ria Em\u00eddio Garcia participaram no &#8220;Open Day&#8221;, no Brigantia Ecopark. <\/p>\n","protected":false},"author":2,"featured_media":12143,"comment_status":"closed","ping_status":"open","sticky":false,"template":"","format":"standard","meta":{"footnotes":""},"categories":[2,9,16],"tags":[],"class_list":["post-12135","post","type-post","status-publish","format-standard","has-post-thumbnail","hentry","category-atualidade","category-em-foco","category-escola-secundaria-emidio-garcia"],"_links":{"self":[{"href":"https:\/\/bojornal.pt\/index.php?rest_route=\/wp\/v2\/posts\/12135","targetHints":{"allow":["GET"]}}],"collection":[{"href":"https:\/\/bojornal.pt\/index.php?rest_route=\/wp\/v2\/posts"}],"about":[{"href":"https:\/\/bojornal.pt\/index.php?rest_route=\/wp\/v2\/types\/post"}],"author":[{"embeddable":true,"href":"https:\/\/bojornal.pt\/index.php?rest_route=\/wp\/v2\/users\/2"}],"replies":[{"embeddable":true,"href":"https:\/\/bojornal.pt\/index.php?rest_route=%2Fwp%2Fv2%2Fcomments&post=12135"}],"version-history":[{"count":0,"href":"https:\/\/bojornal.pt\/index.php?rest_route=\/wp\/v2\/posts\/12135\/revisions"}],"wp:featuredmedia":[{"embeddable":true,"href":"https:\/\/bojornal.pt\/index.php?rest_route=\/wp\/v2\/media\/12143"}],"wp:attachment":[{"href":"https:\/\/bojornal.pt\/index.php?rest_route=%2Fwp%2Fv2%2Fmedia&parent=12135"}],"wp:term":[{"taxonomy":"category","embeddable":true,"href":"https:\/\/bojornal.pt\/index.php?rest_route=%2Fwp%2Fv2%2Fcategories&post=12135"},{"taxonomy":"post_tag","embeddable":true,"href":"https:\/\/bojornal.pt\/index.php?rest_route=%2Fwp%2Fv2%2Ftags&post=12135"}],"curies":[{"name":"wp","href":"https:\/\/api.w.org\/{rel}","templated":true}]}}