{"id":12124,"date":"2023-01-18T10:56:00","date_gmt":"2023-01-18T10:56:00","guid":{"rendered":"https:\/\/bojornal.pt\/?p=12124"},"modified":"2023-01-19T11:48:04","modified_gmt":"2023-01-19T11:48:04","slug":"solidariedade-intercultural","status":"publish","type":"post","link":"https:\/\/bojornal.pt\/?p=12124","title":{"rendered":"Solidariedade intercultural"},"content":{"rendered":"\n<p>A\u00e7\u00e3o promoveu a solidariedade e rela\u00e7\u00e3o entre alunos de diversas nacionalidades<\/p>\n\n\n\n<figure class=\"wp-block-gallery has-nested-images columns-default is-cropped wp-block-gallery-1 is-layout-flex wp-block-gallery-is-layout-flex\">\n<figure class=\"wp-block-image size-large is-style-default\"><img loading=\"lazy\" decoding=\"async\" width=\"1024\" height=\"685\" data-id=\"12130\" src=\"https:\/\/bojornal.pt\/wp-content\/uploads\/2023\/01\/1encontro_intercultural-1-Copia-1024x685.jpg\" alt=\"\" class=\"wp-image-12130\" srcset=\"https:\/\/bojornal.pt\/wp-content\/uploads\/2023\/01\/1encontro_intercultural-1-Copia-1024x685.jpg 1024w, https:\/\/bojornal.pt\/wp-content\/uploads\/2023\/01\/1encontro_intercultural-1-Copia-300x201.jpg 300w, https:\/\/bojornal.pt\/wp-content\/uploads\/2023\/01\/1encontro_intercultural-1-Copia-150x100.jpg 150w, https:\/\/bojornal.pt\/wp-content\/uploads\/2023\/01\/1encontro_intercultural-1-Copia-768x514.jpg 768w, https:\/\/bojornal.pt\/wp-content\/uploads\/2023\/01\/1encontro_intercultural-1-Copia-1536x1028.jpg 1536w, https:\/\/bojornal.pt\/wp-content\/uploads\/2023\/01\/1encontro_intercultural-1-Copia-2048x1371.jpg 2048w\" sizes=\"auto, (max-width: 1024px) 100vw, 1024px\" \/><figcaption class=\"wp-element-caption\">SONY DSC<\/figcaption><\/figure>\n\n\n\n<figure class=\"wp-block-image size-large is-style-default\"><img loading=\"lazy\" decoding=\"async\" width=\"1024\" height=\"685\" data-id=\"12126\" src=\"https:\/\/bojornal.pt\/wp-content\/uploads\/2023\/01\/1encontro_intercultural-4-1024x685.jpg\" alt=\"\" class=\"wp-image-12126\" srcset=\"https:\/\/bojornal.pt\/wp-content\/uploads\/2023\/01\/1encontro_intercultural-4-1024x685.jpg 1024w, https:\/\/bojornal.pt\/wp-content\/uploads\/2023\/01\/1encontro_intercultural-4-300x201.jpg 300w, https:\/\/bojornal.pt\/wp-content\/uploads\/2023\/01\/1encontro_intercultural-4-150x100.jpg 150w, https:\/\/bojornal.pt\/wp-content\/uploads\/2023\/01\/1encontro_intercultural-4-768x514.jpg 768w, https:\/\/bojornal.pt\/wp-content\/uploads\/2023\/01\/1encontro_intercultural-4-1536x1028.jpg 1536w, https:\/\/bojornal.pt\/wp-content\/uploads\/2023\/01\/1encontro_intercultural-4-2048x1371.jpg 2048w\" sizes=\"auto, (max-width: 1024px) 100vw, 1024px\" \/><figcaption class=\"wp-element-caption\">SONY DSC<\/figcaption><\/figure>\n\n\n\n<figure class=\"wp-block-image size-large is-style-default\"><img loading=\"lazy\" decoding=\"async\" width=\"1024\" height=\"685\" data-id=\"12127\" src=\"https:\/\/bojornal.pt\/wp-content\/uploads\/2023\/01\/1encontro_intercultural-5-1024x685.jpg\" alt=\"\" class=\"wp-image-12127\" srcset=\"https:\/\/bojornal.pt\/wp-content\/uploads\/2023\/01\/1encontro_intercultural-5-1024x685.jpg 1024w, https:\/\/bojornal.pt\/wp-content\/uploads\/2023\/01\/1encontro_intercultural-5-300x201.jpg 300w, https:\/\/bojornal.pt\/wp-content\/uploads\/2023\/01\/1encontro_intercultural-5-150x100.jpg 150w, https:\/\/bojornal.pt\/wp-content\/uploads\/2023\/01\/1encontro_intercultural-5-768x514.jpg 768w, https:\/\/bojornal.pt\/wp-content\/uploads\/2023\/01\/1encontro_intercultural-5-1536x1028.jpg 1536w, https:\/\/bojornal.pt\/wp-content\/uploads\/2023\/01\/1encontro_intercultural-5-2048x1371.jpg 2048w\" sizes=\"auto, (max-width: 1024px) 100vw, 1024px\" \/><figcaption class=\"wp-element-caption\">SONY DSC<\/figcaption><\/figure>\n\n\n\n<figure class=\"wp-block-image size-large is-style-default\"><img loading=\"lazy\" decoding=\"async\" width=\"1024\" height=\"685\" data-id=\"12128\" src=\"https:\/\/bojornal.pt\/wp-content\/uploads\/2023\/01\/1encontro_intercultural-6-1024x685.jpg\" alt=\"\" class=\"wp-image-12128\" srcset=\"https:\/\/bojornal.pt\/wp-content\/uploads\/2023\/01\/1encontro_intercultural-6-1024x685.jpg 1024w, https:\/\/bojornal.pt\/wp-content\/uploads\/2023\/01\/1encontro_intercultural-6-300x201.jpg 300w, https:\/\/bojornal.pt\/wp-content\/uploads\/2023\/01\/1encontro_intercultural-6-150x100.jpg 150w, https:\/\/bojornal.pt\/wp-content\/uploads\/2023\/01\/1encontro_intercultural-6-768x514.jpg 768w, https:\/\/bojornal.pt\/wp-content\/uploads\/2023\/01\/1encontro_intercultural-6-1536x1028.jpg 1536w, https:\/\/bojornal.pt\/wp-content\/uploads\/2023\/01\/1encontro_intercultural-6-2048x1371.jpg 2048w\" sizes=\"auto, (max-width: 1024px) 100vw, 1024px\" \/><figcaption class=\"wp-element-caption\">SONY DSC<\/figcaption><\/figure>\n\n\n\n<figure class=\"wp-block-image size-large is-style-default\"><img loading=\"lazy\" decoding=\"async\" width=\"1024\" height=\"685\" data-id=\"12129\" src=\"https:\/\/bojornal.pt\/wp-content\/uploads\/2023\/01\/1encontro_intercultural-7-1024x685.jpg\" alt=\"\" class=\"wp-image-12129\" srcset=\"https:\/\/bojornal.pt\/wp-content\/uploads\/2023\/01\/1encontro_intercultural-7-1024x685.jpg 1024w, https:\/\/bojornal.pt\/wp-content\/uploads\/2023\/01\/1encontro_intercultural-7-300x201.jpg 300w, https:\/\/bojornal.pt\/wp-content\/uploads\/2023\/01\/1encontro_intercultural-7-150x100.jpg 150w, https:\/\/bojornal.pt\/wp-content\/uploads\/2023\/01\/1encontro_intercultural-7-768x514.jpg 768w, https:\/\/bojornal.pt\/wp-content\/uploads\/2023\/01\/1encontro_intercultural-7-1536x1028.jpg 1536w, https:\/\/bojornal.pt\/wp-content\/uploads\/2023\/01\/1encontro_intercultural-7-2048x1371.jpg 2048w\" sizes=\"auto, (max-width: 1024px) 100vw, 1024px\" \/><figcaption class=\"wp-element-caption\">SONY DSC<\/figcaption><\/figure>\n\n\n\n<figure class=\"wp-block-image size-large is-style-default\"><img loading=\"lazy\" decoding=\"async\" width=\"1024\" height=\"685\" data-id=\"12132\" src=\"https:\/\/bojornal.pt\/wp-content\/uploads\/2023\/01\/1encontro_intercultural-9-1024x685.jpg\" alt=\"\" class=\"wp-image-12132\" srcset=\"https:\/\/bojornal.pt\/wp-content\/uploads\/2023\/01\/1encontro_intercultural-9-1024x685.jpg 1024w, https:\/\/bojornal.pt\/wp-content\/uploads\/2023\/01\/1encontro_intercultural-9-300x201.jpg 300w, https:\/\/bojornal.pt\/wp-content\/uploads\/2023\/01\/1encontro_intercultural-9-150x100.jpg 150w, https:\/\/bojornal.pt\/wp-content\/uploads\/2023\/01\/1encontro_intercultural-9-768x514.jpg 768w, https:\/\/bojornal.pt\/wp-content\/uploads\/2023\/01\/1encontro_intercultural-9-1536x1028.jpg 1536w, https:\/\/bojornal.pt\/wp-content\/uploads\/2023\/01\/1encontro_intercultural-9-2048x1371.jpg 2048w\" sizes=\"auto, (max-width: 1024px) 100vw, 1024px\" \/><figcaption class=\"wp-element-caption\">SONY DSC<\/figcaption><\/figure>\n\n\n\n<figure class=\"wp-block-image size-large is-style-default\"><img loading=\"lazy\" decoding=\"async\" width=\"685\" height=\"1024\" data-id=\"12131\" src=\"https:\/\/bojornal.pt\/wp-content\/uploads\/2023\/01\/1encontro_intercultural-10-685x1024.jpg\" alt=\"\" class=\"wp-image-12131\" srcset=\"https:\/\/bojornal.pt\/wp-content\/uploads\/2023\/01\/1encontro_intercultural-10-685x1024.jpg 685w, https:\/\/bojornal.pt\/wp-content\/uploads\/2023\/01\/1encontro_intercultural-10-201x300.jpg 201w, https:\/\/bojornal.pt\/wp-content\/uploads\/2023\/01\/1encontro_intercultural-10-100x150.jpg 100w, https:\/\/bojornal.pt\/wp-content\/uploads\/2023\/01\/1encontro_intercultural-10-768x1147.jpg 768w, https:\/\/bojornal.pt\/wp-content\/uploads\/2023\/01\/1encontro_intercultural-10-1028x1536.jpg 1028w, https:\/\/bojornal.pt\/wp-content\/uploads\/2023\/01\/1encontro_intercultural-10-1371x2048.jpg 1371w, https:\/\/bojornal.pt\/wp-content\/uploads\/2023\/01\/1encontro_intercultural-10-scaled.jpg 1714w\" sizes=\"auto, (max-width: 685px) 100vw, 685px\" \/><figcaption class=\"wp-element-caption\">SONY DSC<\/figcaption><\/figure>\n\n\n\n<figure class=\"wp-block-image size-large is-style-default\"><img loading=\"lazy\" decoding=\"async\" width=\"1024\" height=\"685\" data-id=\"12125\" src=\"https:\/\/bojornal.pt\/wp-content\/uploads\/2023\/01\/1encontro_intercultural-12-1024x685.jpg\" alt=\"\" class=\"wp-image-12125\" srcset=\"https:\/\/bojornal.pt\/wp-content\/uploads\/2023\/01\/1encontro_intercultural-12-1024x685.jpg 1024w, https:\/\/bojornal.pt\/wp-content\/uploads\/2023\/01\/1encontro_intercultural-12-300x201.jpg 300w, https:\/\/bojornal.pt\/wp-content\/uploads\/2023\/01\/1encontro_intercultural-12-150x100.jpg 150w, https:\/\/bojornal.pt\/wp-content\/uploads\/2023\/01\/1encontro_intercultural-12-768x514.jpg 768w, https:\/\/bojornal.pt\/wp-content\/uploads\/2023\/01\/1encontro_intercultural-12-1536x1028.jpg 1536w, https:\/\/bojornal.pt\/wp-content\/uploads\/2023\/01\/1encontro_intercultural-12-2048x1371.jpg 2048w\" sizes=\"auto, (max-width: 1024px) 100vw, 1024px\" \/><figcaption class=\"wp-element-caption\">SONY DSC<\/figcaption><\/figure>\n<\/figure>\n\n\n\n<p>Uma a\u00e7\u00e3o solid\u00e1ria intercultural. Foi este o objetivo da atividade realizada no passado dia 8 de janeiro, na Escola Em\u00eddio Garcia, que colocou alunos de diversas nacionalidades em intera\u00e7\u00e3o. Esta iniciativa contou com a dinamiza\u00e7\u00e3o e participa\u00e7\u00e3o das disciplinas de L\u00edngua Portuguesa de Acolhimento, EMRC, \u00c1rea de Integra\u00e7\u00e3o (10\u00baASTAS) e Associa\u00e7\u00e3o de Estudantes da ESEG. A a\u00e7\u00e3o contou com diversas din\u00e2micas de intera\u00e7\u00e3o e terminou com a entrega de agasalhos recolhidos na atividade &#8220;Natal Solid\u00e1rio&#8221; e pela C\u00e1ritas Diocesana de Bragan\u00e7a. <\/p>\n\n\n\n<p> <\/p>\n","protected":false},"excerpt":{"rendered":"<p>A\u00e7\u00e3o promoveu a solidariedade e rela\u00e7\u00e3o entre alunos de diversas nacionalidades Uma a\u00e7\u00e3o solid\u00e1ria intercultural. Foi este o objetivo da atividade realizada no passado dia 8 de janeiro, na Escola Em\u00eddio Garcia, que colocou&#46;&#46;&#46;<\/p>\n","protected":false},"author":2,"featured_media":12130,"comment_status":"closed","ping_status":"open","sticky":false,"template":"","format":"standard","meta":{"footnotes":""},"categories":[27,2,9,16],"tags":[],"class_list":["post-12124","post","type-post","status-publish","format-standard","has-post-thumbnail","hentry","category-aeeg","category-atualidade","category-em-foco","category-escola-secundaria-emidio-garcia"],"_links":{"self":[{"href":"https:\/\/bojornal.pt\/index.php?rest_route=\/wp\/v2\/posts\/12124","targetHints":{"allow":["GET"]}}],"collection":[{"href":"https:\/\/bojornal.pt\/index.php?rest_route=\/wp\/v2\/posts"}],"about":[{"href":"https:\/\/bojornal.pt\/index.php?rest_route=\/wp\/v2\/types\/post"}],"author":[{"embeddable":true,"href":"https:\/\/bojornal.pt\/index.php?rest_route=\/wp\/v2\/users\/2"}],"replies":[{"embeddable":true,"href":"https:\/\/bojornal.pt\/index.php?rest_route=%2Fwp%2Fv2%2Fcomments&post=12124"}],"version-history":[{"count":0,"href":"https:\/\/bojornal.pt\/index.php?rest_route=\/wp\/v2\/posts\/12124\/revisions"}],"wp:featuredmedia":[{"embeddable":true,"href":"https:\/\/bojornal.pt\/index.php?rest_route=\/wp\/v2\/media\/12130"}],"wp:attachment":[{"href":"https:\/\/bojornal.pt\/index.php?rest_route=%2Fwp%2Fv2%2Fmedia&parent=12124"}],"wp:term":[{"taxonomy":"category","embeddable":true,"href":"https:\/\/bojornal.pt\/index.php?rest_route=%2Fwp%2Fv2%2Fcategories&post=12124"},{"taxonomy":"post_tag","embeddable":true,"href":"https:\/\/bojornal.pt\/index.php?rest_route=%2Fwp%2Fv2%2Ftags&post=12124"}],"curies":[{"name":"wp","href":"https:\/\/api.w.org\/{rel}","templated":true}]}}