{"id":12119,"date":"2023-01-17T09:11:00","date_gmt":"2023-01-17T09:11:00","guid":{"rendered":"https:\/\/bojornal.pt\/?p=12119"},"modified":"2023-01-19T09:20:22","modified_gmt":"2023-01-19T09:20:22","slug":"uma-visita-inesperada","status":"publish","type":"post","link":"https:\/\/bojornal.pt\/?p=12119","title":{"rendered":"Uma visita inesperada&#8230;"},"content":{"rendered":"\n<figure class=\"wp-block-gallery has-nested-images columns-default is-cropped wp-block-gallery-1 is-layout-flex wp-block-gallery-is-layout-flex\">\n<figure class=\"wp-block-image size-large is-style-default\"><img loading=\"lazy\" decoding=\"async\" width=\"1024\" height=\"768\" data-id=\"12120\" src=\"https:\/\/bojornal.pt\/wp-content\/uploads\/2023\/01\/cao-perdido-1024x768.jpg\" alt=\"\" class=\"wp-image-12120\" srcset=\"https:\/\/bojornal.pt\/wp-content\/uploads\/2023\/01\/cao-perdido-1024x768.jpg 1024w, https:\/\/bojornal.pt\/wp-content\/uploads\/2023\/01\/cao-perdido-300x225.jpg 300w, https:\/\/bojornal.pt\/wp-content\/uploads\/2023\/01\/cao-perdido-150x113.jpg 150w, https:\/\/bojornal.pt\/wp-content\/uploads\/2023\/01\/cao-perdido-768x576.jpg 768w, https:\/\/bojornal.pt\/wp-content\/uploads\/2023\/01\/cao-perdido-1536x1152.jpg 1536w, https:\/\/bojornal.pt\/wp-content\/uploads\/2023\/01\/cao-perdido.jpg 2048w\" sizes=\"auto, (max-width: 1024px) 100vw, 1024px\" \/><\/figure>\n\n\n\n<figure class=\"wp-block-image size-large is-style-default\"><img loading=\"lazy\" decoding=\"async\" width=\"1024\" height=\"768\" data-id=\"12122\" src=\"https:\/\/bojornal.pt\/wp-content\/uploads\/2023\/01\/cao-perdido1-1024x768.jpg\" alt=\"\" class=\"wp-image-12122\" srcset=\"https:\/\/bojornal.pt\/wp-content\/uploads\/2023\/01\/cao-perdido1-1024x768.jpg 1024w, https:\/\/bojornal.pt\/wp-content\/uploads\/2023\/01\/cao-perdido1-300x225.jpg 300w, https:\/\/bojornal.pt\/wp-content\/uploads\/2023\/01\/cao-perdido1-150x113.jpg 150w, https:\/\/bojornal.pt\/wp-content\/uploads\/2023\/01\/cao-perdido1-768x576.jpg 768w, https:\/\/bojornal.pt\/wp-content\/uploads\/2023\/01\/cao-perdido1-1536x1152.jpg 1536w, https:\/\/bojornal.pt\/wp-content\/uploads\/2023\/01\/cao-perdido1.jpg 2048w\" sizes=\"auto, (max-width: 1024px) 100vw, 1024px\" \/><\/figure>\n\n\n\n<figure class=\"wp-block-image size-large is-style-default\"><img loading=\"lazy\" decoding=\"async\" width=\"1024\" height=\"768\" data-id=\"12121\" src=\"https:\/\/bojornal.pt\/wp-content\/uploads\/2023\/01\/cao-perdido2-1024x768.jpg\" alt=\"\" class=\"wp-image-12121\" srcset=\"https:\/\/bojornal.pt\/wp-content\/uploads\/2023\/01\/cao-perdido2-1024x768.jpg 1024w, https:\/\/bojornal.pt\/wp-content\/uploads\/2023\/01\/cao-perdido2-300x225.jpg 300w, https:\/\/bojornal.pt\/wp-content\/uploads\/2023\/01\/cao-perdido2-150x113.jpg 150w, https:\/\/bojornal.pt\/wp-content\/uploads\/2023\/01\/cao-perdido2-768x576.jpg 768w, https:\/\/bojornal.pt\/wp-content\/uploads\/2023\/01\/cao-perdido2-1536x1152.jpg 1536w, https:\/\/bojornal.pt\/wp-content\/uploads\/2023\/01\/cao-perdido2.jpg 2048w\" sizes=\"auto, (max-width: 1024px) 100vw, 1024px\" \/><\/figure>\n<\/figure>\n\n\n\n<p>O Nero \u00e9 um can\u00eddeo meigo e muito brincalh\u00e3o que resolveu ir dar um giro aproveitando um descuido dos donos. A sua caminhada, sem supervis\u00e3o, levou-o at\u00e9 \u00e0 sede do Agrupamento de Escolas Em\u00eddio Garcia onde rapidamente fez amigos. Brincou com um grupo de jovens e quando verificaram que tinha uma placa com um n\u00famero de telem\u00f3vel, ligaram: &#8220;\u00c9 muito meigo mas fica desorientado quando est\u00e1 sozinho. Por favor, fiquem com ele at\u00e9 eu chegar&#8221; responde uma voz preocupada do outro lado. E assim foi. Aqui fica o testemunho da import\u00e2ncia da identifica\u00e7\u00e3o nos animais de estima\u00e7\u00e3o. Ficam as fotos para a posteridade.<\/p>\n\n\n\n<p class=\"has-text-align-right\"><em>Ac\u00e1cio Pradinhos<\/em><\/p>\n","protected":false},"excerpt":{"rendered":"<p>O Nero \u00e9 um can\u00eddeo meigo e muito brincalh\u00e3o que resolveu ir dar um giro aproveitando um descuido dos donos. A sua caminhada, sem supervis\u00e3o, levou-o at\u00e9 \u00e0 sede do Agrupamento de Escolas Em\u00eddio&#46;&#46;&#46;<\/p>\n","protected":false},"author":2,"featured_media":12121,"comment_status":"closed","ping_status":"open","sticky":false,"template":"","format":"standard","meta":{"footnotes":""},"categories":[27,9,16,19],"tags":[],"class_list":["post-12119","post","type-post","status-publish","format-standard","has-post-thumbnail","hentry","category-aeeg","category-em-foco","category-escola-secundaria-emidio-garcia","category-intertextualidades"],"_links":{"self":[{"href":"https:\/\/bojornal.pt\/index.php?rest_route=\/wp\/v2\/posts\/12119","targetHints":{"allow":["GET"]}}],"collection":[{"href":"https:\/\/bojornal.pt\/index.php?rest_route=\/wp\/v2\/posts"}],"about":[{"href":"https:\/\/bojornal.pt\/index.php?rest_route=\/wp\/v2\/types\/post"}],"author":[{"embeddable":true,"href":"https:\/\/bojornal.pt\/index.php?rest_route=\/wp\/v2\/users\/2"}],"replies":[{"embeddable":true,"href":"https:\/\/bojornal.pt\/index.php?rest_route=%2Fwp%2Fv2%2Fcomments&post=12119"}],"version-history":[{"count":0,"href":"https:\/\/bojornal.pt\/index.php?rest_route=\/wp\/v2\/posts\/12119\/revisions"}],"wp:featuredmedia":[{"embeddable":true,"href":"https:\/\/bojornal.pt\/index.php?rest_route=\/wp\/v2\/media\/12121"}],"wp:attachment":[{"href":"https:\/\/bojornal.pt\/index.php?rest_route=%2Fwp%2Fv2%2Fmedia&parent=12119"}],"wp:term":[{"taxonomy":"category","embeddable":true,"href":"https:\/\/bojornal.pt\/index.php?rest_route=%2Fwp%2Fv2%2Fcategories&post=12119"},{"taxonomy":"post_tag","embeddable":true,"href":"https:\/\/bojornal.pt\/index.php?rest_route=%2Fwp%2Fv2%2Ftags&post=12119"}],"curies":[{"name":"wp","href":"https:\/\/api.w.org\/{rel}","templated":true}]}}