{"id":12113,"date":"2023-01-12T11:14:02","date_gmt":"2023-01-12T11:14:02","guid":{"rendered":"https:\/\/bojornal.pt\/?p=12113"},"modified":"2023-01-12T11:14:40","modified_gmt":"2023-01-12T11:14:40","slug":"xli-olimpiadas-portuguesas-de-matematica","status":"publish","type":"post","link":"https:\/\/bojornal.pt\/?p=12113","title":{"rendered":"XLI Olimp\u00edadas Portuguesas de Matem\u00e1tica"},"content":{"rendered":"\n<p>Realizou-se no dia 9 de novembro de 2022 a 1.\u00aa Eliminat\u00f3ria das XLI Olimp\u00edadas Portuguesas de Matem\u00e1tica, promovidas pela Sociedade Portuguesa de Matem\u00e1tica, tendo a Escola B\u00e1sica Paulo Quintela participado na categoria j\u00fanior, com 21 alunos do 6.\u00baano. Ficaram apurados para a 2.\u00aa Eliminat\u00f3ria que decorreu no dia 11 de janeiro de 2022 dois alunos, respetivamente Alexandre Miguel Gon\u00e7alves Meirinhos do 6.\u00ba E e Martinho Fernandes Pires Quintas do 6.\u00ba G.<\/p>\n\n\n\n<p>Congratulamos os alunos pela sua participa\u00e7\u00e3o.<\/p>\n\n\n\n<p class=\"has-text-align-right\">Professora Concei\u00e7\u00e3o Castro<\/p>\n\n\n\n<figure class=\"wp-block-gallery has-nested-images columns-default is-cropped wp-block-gallery-1 is-layout-flex wp-block-gallery-is-layout-flex\">\n<figure class=\"wp-block-image size-large is-style-default\"><img loading=\"lazy\" decoding=\"async\" width=\"295\" height=\"379\" data-id=\"12116\" src=\"https:\/\/bojornal.pt\/wp-content\/uploads\/2023\/01\/XLI-Olimpiadas-Matematica.png\" alt=\"\" class=\"wp-image-12116\" srcset=\"https:\/\/bojornal.pt\/wp-content\/uploads\/2023\/01\/XLI-Olimpiadas-Matematica.png 295w, https:\/\/bojornal.pt\/wp-content\/uploads\/2023\/01\/XLI-Olimpiadas-Matematica-234x300.png 234w, https:\/\/bojornal.pt\/wp-content\/uploads\/2023\/01\/XLI-Olimpiadas-Matematica-117x150.png 117w\" sizes=\"auto, (max-width: 295px) 100vw, 295px\" \/><\/figure>\n\n\n\n<figure class=\"wp-block-image size-large is-style-default\"><img loading=\"lazy\" decoding=\"async\" width=\"287\" height=\"383\" data-id=\"12115\" src=\"https:\/\/bojornal.pt\/wp-content\/uploads\/2023\/01\/XLI-Olimpiadas-Matematica1.png\" alt=\"\" class=\"wp-image-12115\" srcset=\"https:\/\/bojornal.pt\/wp-content\/uploads\/2023\/01\/XLI-Olimpiadas-Matematica1.png 287w, https:\/\/bojornal.pt\/wp-content\/uploads\/2023\/01\/XLI-Olimpiadas-Matematica1-225x300.png 225w, https:\/\/bojornal.pt\/wp-content\/uploads\/2023\/01\/XLI-Olimpiadas-Matematica1-112x150.png 112w\" sizes=\"auto, (max-width: 287px) 100vw, 287px\" \/><\/figure>\n\n\n\n<figure class=\"wp-block-image size-large is-style-default\"><img loading=\"lazy\" decoding=\"async\" width=\"270\" height=\"360\" data-id=\"12114\" src=\"https:\/\/bojornal.pt\/wp-content\/uploads\/2023\/01\/XLI-Olimpiadas-Matematica2.png\" alt=\"\" class=\"wp-image-12114\" srcset=\"https:\/\/bojornal.pt\/wp-content\/uploads\/2023\/01\/XLI-Olimpiadas-Matematica2.png 270w, https:\/\/bojornal.pt\/wp-content\/uploads\/2023\/01\/XLI-Olimpiadas-Matematica2-225x300.png 225w, https:\/\/bojornal.pt\/wp-content\/uploads\/2023\/01\/XLI-Olimpiadas-Matematica2-113x150.png 113w\" sizes=\"auto, (max-width: 270px) 100vw, 270px\" \/><\/figure>\n<\/figure>\n","protected":false},"excerpt":{"rendered":"<p>Realizou-se no dia 9 de novembro de 2022 a 1.\u00aa Eliminat\u00f3ria das XLI Olimp\u00edadas Portuguesas de Matem\u00e1tica, promovidas pela Sociedade Portuguesa de Matem\u00e1tica, tendo a Escola B\u00e1sica Paulo Quintela participado na categoria j\u00fanior, com&#46;&#46;&#46;<\/p>\n","protected":false},"author":2,"featured_media":12115,"comment_status":"closed","ping_status":"open","sticky":false,"template":"","format":"standard","meta":{"footnotes":""},"categories":[27,13],"tags":[],"class_list":["post-12113","post","type-post","status-publish","format-standard","has-post-thumbnail","hentry","category-aeeg","category-escola-paulo-quintela"],"_links":{"self":[{"href":"https:\/\/bojornal.pt\/index.php?rest_route=\/wp\/v2\/posts\/12113","targetHints":{"allow":["GET"]}}],"collection":[{"href":"https:\/\/bojornal.pt\/index.php?rest_route=\/wp\/v2\/posts"}],"about":[{"href":"https:\/\/bojornal.pt\/index.php?rest_route=\/wp\/v2\/types\/post"}],"author":[{"embeddable":true,"href":"https:\/\/bojornal.pt\/index.php?rest_route=\/wp\/v2\/users\/2"}],"replies":[{"embeddable":true,"href":"https:\/\/bojornal.pt\/index.php?rest_route=%2Fwp%2Fv2%2Fcomments&post=12113"}],"version-history":[{"count":0,"href":"https:\/\/bojornal.pt\/index.php?rest_route=\/wp\/v2\/posts\/12113\/revisions"}],"wp:featuredmedia":[{"embeddable":true,"href":"https:\/\/bojornal.pt\/index.php?rest_route=\/wp\/v2\/media\/12115"}],"wp:attachment":[{"href":"https:\/\/bojornal.pt\/index.php?rest_route=%2Fwp%2Fv2%2Fmedia&parent=12113"}],"wp:term":[{"taxonomy":"category","embeddable":true,"href":"https:\/\/bojornal.pt\/index.php?rest_route=%2Fwp%2Fv2%2Fcategories&post=12113"},{"taxonomy":"post_tag","embeddable":true,"href":"https:\/\/bojornal.pt\/index.php?rest_route=%2Fwp%2Fv2%2Ftags&post=12113"}],"curies":[{"name":"wp","href":"https:\/\/api.w.org\/{rel}","templated":true}]}}