{"id":12064,"date":"2022-12-10T10:11:00","date_gmt":"2022-12-10T10:11:00","guid":{"rendered":"https:\/\/bojornal.pt\/?p=12064"},"modified":"2022-12-12T10:14:38","modified_gmt":"2022-12-12T10:14:38","slug":"exposicao-de-trabalhos-como-surgiram-os-premios-nobel","status":"publish","type":"post","link":"https:\/\/bojornal.pt\/?p=12064","title":{"rendered":"Exposi\u00e7\u00e3o de Trabalhos: \u201cComo surgiram os Pr\u00e9mios Nobel?\u201d"},"content":{"rendered":"\n<figure class=\"wp-block-gallery has-nested-images columns-default is-cropped wp-block-gallery-1 is-layout-flex wp-block-gallery-is-layout-flex\">\n<figure class=\"wp-block-image size-large is-style-default\"><img loading=\"lazy\" decoding=\"async\" width=\"768\" height=\"1024\" data-id=\"12065\" src=\"https:\/\/bojornal.pt\/wp-content\/uploads\/2022\/12\/nobel1-768x1024.jpg\" alt=\"\" class=\"wp-image-12065\" srcset=\"https:\/\/bojornal.pt\/wp-content\/uploads\/2022\/12\/nobel1-768x1024.jpg 768w, https:\/\/bojornal.pt\/wp-content\/uploads\/2022\/12\/nobel1-225x300.jpg 225w, https:\/\/bojornal.pt\/wp-content\/uploads\/2022\/12\/nobel1-113x150.jpg 113w, https:\/\/bojornal.pt\/wp-content\/uploads\/2022\/12\/nobel1-1152x1536.jpg 1152w, https:\/\/bojornal.pt\/wp-content\/uploads\/2022\/12\/nobel1.jpg 1536w\" sizes=\"auto, (max-width: 768px) 100vw, 768px\" \/><\/figure>\n\n\n\n<figure class=\"wp-block-image size-large is-style-default\"><img loading=\"lazy\" decoding=\"async\" width=\"768\" height=\"1024\" data-id=\"12066\" src=\"https:\/\/bojornal.pt\/wp-content\/uploads\/2022\/12\/nobel2-768x1024.jpg\" alt=\"\" class=\"wp-image-12066\" srcset=\"https:\/\/bojornal.pt\/wp-content\/uploads\/2022\/12\/nobel2-768x1024.jpg 768w, https:\/\/bojornal.pt\/wp-content\/uploads\/2022\/12\/nobel2-225x300.jpg 225w, https:\/\/bojornal.pt\/wp-content\/uploads\/2022\/12\/nobel2-113x150.jpg 113w, https:\/\/bojornal.pt\/wp-content\/uploads\/2022\/12\/nobel2-1152x1536.jpg 1152w, https:\/\/bojornal.pt\/wp-content\/uploads\/2022\/12\/nobel2.jpg 1536w\" sizes=\"auto, (max-width: 768px) 100vw, 768px\" \/><\/figure>\n\n\n\n<figure class=\"wp-block-image size-large is-style-default\"><img loading=\"lazy\" decoding=\"async\" width=\"768\" height=\"1024\" data-id=\"12067\" src=\"https:\/\/bojornal.pt\/wp-content\/uploads\/2022\/12\/nobel3-768x1024.jpg\" alt=\"\" class=\"wp-image-12067\" srcset=\"https:\/\/bojornal.pt\/wp-content\/uploads\/2022\/12\/nobel3-768x1024.jpg 768w, https:\/\/bojornal.pt\/wp-content\/uploads\/2022\/12\/nobel3-225x300.jpg 225w, https:\/\/bojornal.pt\/wp-content\/uploads\/2022\/12\/nobel3-113x150.jpg 113w, https:\/\/bojornal.pt\/wp-content\/uploads\/2022\/12\/nobel3-1152x1536.jpg 1152w, https:\/\/bojornal.pt\/wp-content\/uploads\/2022\/12\/nobel3.jpg 1536w\" sizes=\"auto, (max-width: 768px) 100vw, 768px\" \/><\/figure>\n<\/figure>\n\n\n\n<p>O Clube Ci\u00eancia Viva Em\u00eddio Garcia promove uma exposi\u00e7\u00e3o de trabalhos, na escola sede, assinalando o anivers\u00e1rio da morte de Alfred Nobel, a 10 de dezembro de 1833.<\/p>\n\n\n\n<p>O desafio foi lan\u00e7ado aos alunos do 11.\u00ba A, que elaboraram posters cient\u00edficos sobre os distinguidos com os Pr\u00e9mios Nobel e os respetivos contributos nas \u00e1reas da Qu\u00edmica, F\u00edsica, Medicina, Literatura, Economia e na luta em prol da Paz.<\/p>\n\n\n\n<p>A literacia cient\u00edfica e a comunica\u00e7\u00e3o neste formato s\u00e3o focos nesta iniciativa que contou com a colabora\u00e7\u00e3o do professor Manuel Trovisco.<\/p>\n\n\n\n<p>Alfred Nobel foi um qu\u00edmico e industrial que, tendo enriquecido com a produ\u00e7\u00e3o e venda de explosivos, deixou orienta\u00e7\u00f5es para que o seu dinheiro e bens fossem aplicados em investimentos seguros e os respetivos rendimentos distribu\u00eddos anualmente \u00e0s pessoas que mais benef\u00edcios houvessem prestado nas diversas \u00e1reas. O Pr\u00e9mio Nobel atribui uma medalha de ouro, um certificado e uma soma vari\u00e1vel em dinheiro, a cada um dos seus ganhadores.<\/p>\n\n\n\n<p>O Clube Ci\u00eancia Viva Em\u00eddio Garcia destaca o esp\u00edrito inventor e o qu\u00edmico not\u00e1vel que se questionou sobre as consequ\u00eancias para a Humanidade de ter inventado a dinamite.<\/p>\n","protected":false},"excerpt":{"rendered":"<p>O Clube Ci\u00eancia Viva Em\u00eddio Garcia promove uma exposi\u00e7\u00e3o de trabalhos, na escola sede, assinalando o anivers\u00e1rio da morte de Alfred Nobel, a 10 de dezembro de 1833. O desafio foi lan\u00e7ado aos alunos&#46;&#46;&#46;<\/p>\n","protected":false},"author":2,"featured_media":12067,"comment_status":"closed","ping_status":"open","sticky":false,"template":"","format":"standard","meta":{"footnotes":""},"categories":[27,2,9,16],"tags":[],"class_list":["post-12064","post","type-post","status-publish","format-standard","has-post-thumbnail","hentry","category-aeeg","category-atualidade","category-em-foco","category-escola-secundaria-emidio-garcia"],"_links":{"self":[{"href":"https:\/\/bojornal.pt\/index.php?rest_route=\/wp\/v2\/posts\/12064","targetHints":{"allow":["GET"]}}],"collection":[{"href":"https:\/\/bojornal.pt\/index.php?rest_route=\/wp\/v2\/posts"}],"about":[{"href":"https:\/\/bojornal.pt\/index.php?rest_route=\/wp\/v2\/types\/post"}],"author":[{"embeddable":true,"href":"https:\/\/bojornal.pt\/index.php?rest_route=\/wp\/v2\/users\/2"}],"replies":[{"embeddable":true,"href":"https:\/\/bojornal.pt\/index.php?rest_route=%2Fwp%2Fv2%2Fcomments&post=12064"}],"version-history":[{"count":0,"href":"https:\/\/bojornal.pt\/index.php?rest_route=\/wp\/v2\/posts\/12064\/revisions"}],"wp:featuredmedia":[{"embeddable":true,"href":"https:\/\/bojornal.pt\/index.php?rest_route=\/wp\/v2\/media\/12067"}],"wp:attachment":[{"href":"https:\/\/bojornal.pt\/index.php?rest_route=%2Fwp%2Fv2%2Fmedia&parent=12064"}],"wp:term":[{"taxonomy":"category","embeddable":true,"href":"https:\/\/bojornal.pt\/index.php?rest_route=%2Fwp%2Fv2%2Fcategories&post=12064"},{"taxonomy":"post_tag","embeddable":true,"href":"https:\/\/bojornal.pt\/index.php?rest_route=%2Fwp%2Fv2%2Ftags&post=12064"}],"curies":[{"name":"wp","href":"https:\/\/api.w.org\/{rel}","templated":true}]}}