{"id":12060,"date":"2022-11-30T18:44:40","date_gmt":"2022-11-30T18:44:40","guid":{"rendered":"https:\/\/bojornal.pt\/?p=12060"},"modified":"2022-11-30T18:44:41","modified_gmt":"2022-11-30T18:44:41","slug":"visita-de-estudo-a-casa-museu-do-vilar","status":"publish","type":"post","link":"https:\/\/bojornal.pt\/?p=12060","title":{"rendered":"Visita de Estudo \u00e0 &#8220;Casa Museu do Vilar&#8221;"},"content":{"rendered":"\n<p>Cultura, arte e inclus\u00e3o marcaram atividade promovida pelo Curso de Artes Visuais<\/p>\n\n\n\n<figure class=\"wp-block-gallery has-nested-images columns-default is-cropped wp-block-gallery-1 is-layout-flex wp-block-gallery-is-layout-flex\">\n<figure class=\"wp-block-image size-large is-style-default\"><img loading=\"lazy\" decoding=\"async\" width=\"1024\" height=\"768\" data-id=\"12061\" src=\"https:\/\/bojornal.pt\/wp-content\/uploads\/2022\/11\/WhatsApp-Image-2022-11-30-at-16.24.57.jpeg\" alt=\"\" class=\"wp-image-12061\" srcset=\"https:\/\/bojornal.pt\/wp-content\/uploads\/2022\/11\/WhatsApp-Image-2022-11-30-at-16.24.57.jpeg 1024w, https:\/\/bojornal.pt\/wp-content\/uploads\/2022\/11\/WhatsApp-Image-2022-11-30-at-16.24.57-300x225.jpeg 300w, https:\/\/bojornal.pt\/wp-content\/uploads\/2022\/11\/WhatsApp-Image-2022-11-30-at-16.24.57-150x113.jpeg 150w, https:\/\/bojornal.pt\/wp-content\/uploads\/2022\/11\/WhatsApp-Image-2022-11-30-at-16.24.57-768x576.jpeg 768w\" sizes=\"auto, (max-width: 1024px) 100vw, 1024px\" \/><\/figure>\n<\/figure>\n\n\n\n<p>As turmas de Artes Visuais do 10.\u00ba F e 11.\u00baE participaram numa\u00a0visita de estudo \u00e0 Casa Museu do Vilar, no \u00e2mbito da articula\u00e7\u00e3o entre o Plano Nacional de Cinema (PNC) e as \u00e1reas disciplinares de Ingl\u00eas, Desenho A e Hist\u00f3ria e Cultura das Artes.<\/p>\n\n\n\n<p>De entre as diversas atividades realizadas no passado dia 25 de novembro, destacaram-se a visita ao museu, que permitiu o contacto com a tecnologia associada ao do pr\u00e9-cinema, e a oficina realizada pelos alunos de artes do 11.\u00ba ano, cujo produto final ficar\u00e1 dispon\u00edvel na p\u00e1gina de Internet da Casa Museu do Vilar. <\/p>\n\n\n\n<p>Este atividade teve como principais objetivos:\u00a0promover o conhecimento do patrim\u00f3nio cultural do pa\u00eds ao n\u00edvel das artes visuais (cinema) ,mobilizar conhecimentos adquiridos em Desenho A e Hist\u00f3ria e Cultura das Artes e\u00a0familiarizar os alunos com t\u00e9cnicas de anima\u00e7\u00e3o e literacia f\u00edlmica. A\u00a0programa\u00e7\u00e3o desta visita de estudo visou, ainda, ir ao encontro das \u00e1reas priorit\u00e1rias de interven\u00e7\u00e3o do Projeto Educativo do agrupamento:\u00a0participar em atividades interpessoais e de grupo, respeitando normas, regras de conviv\u00eancia e de trabalho em v\u00e1rios contextos;\u00a0tornar os projetos e os conte\u00fados program\u00e1ticos mais significativos para os alunos;\u00a0melhoria dos resultados escolares;\u00a0colocar o aluno no centro do bin\u00f3mio ensino-aprendizagem.<\/p>\n\n\n\n<p>Os professores organizadores destacaram, ainda, a fun\u00e7\u00e3o inclusiva desta iniciativa, agradecendo, ao Sr.\u00ba Presidente da Uni\u00e3o de Freguesias da S\u00e9, Santa Maria e Meixedo e \u00e0 Associa\u00e7\u00e3o Humanit\u00e1ria de Bombeiros Volunt\u00e1rios de Bragan\u00e7a, pelo esfor\u00e7o e financiamento que possibilitou a disponibiliza\u00e7\u00e3o de transporte adequado \u00e0 aluna com mobilidade reduzida.<\/p>\n","protected":false},"excerpt":{"rendered":"<p>Cultura, arte e inclus\u00e3o marcaram atividade promovida pelo Curso de Artes Visuais As turmas de Artes Visuais do 10.\u00ba F e 11.\u00baE participaram numa\u00a0visita de estudo \u00e0 Casa Museu do Vilar, no \u00e2mbito da&#46;&#46;&#46;<\/p>\n","protected":false},"author":2,"featured_media":12061,"comment_status":"closed","ping_status":"open","sticky":false,"template":"","format":"standard","meta":{"footnotes":""},"categories":[27,9,16],"tags":[],"class_list":["post-12060","post","type-post","status-publish","format-standard","has-post-thumbnail","hentry","category-aeeg","category-em-foco","category-escola-secundaria-emidio-garcia"],"_links":{"self":[{"href":"https:\/\/bojornal.pt\/index.php?rest_route=\/wp\/v2\/posts\/12060","targetHints":{"allow":["GET"]}}],"collection":[{"href":"https:\/\/bojornal.pt\/index.php?rest_route=\/wp\/v2\/posts"}],"about":[{"href":"https:\/\/bojornal.pt\/index.php?rest_route=\/wp\/v2\/types\/post"}],"author":[{"embeddable":true,"href":"https:\/\/bojornal.pt\/index.php?rest_route=\/wp\/v2\/users\/2"}],"replies":[{"embeddable":true,"href":"https:\/\/bojornal.pt\/index.php?rest_route=%2Fwp%2Fv2%2Fcomments&post=12060"}],"version-history":[{"count":0,"href":"https:\/\/bojornal.pt\/index.php?rest_route=\/wp\/v2\/posts\/12060\/revisions"}],"wp:featuredmedia":[{"embeddable":true,"href":"https:\/\/bojornal.pt\/index.php?rest_route=\/wp\/v2\/media\/12061"}],"wp:attachment":[{"href":"https:\/\/bojornal.pt\/index.php?rest_route=%2Fwp%2Fv2%2Fmedia&parent=12060"}],"wp:term":[{"taxonomy":"category","embeddable":true,"href":"https:\/\/bojornal.pt\/index.php?rest_route=%2Fwp%2Fv2%2Fcategories&post=12060"},{"taxonomy":"post_tag","embeddable":true,"href":"https:\/\/bojornal.pt\/index.php?rest_route=%2Fwp%2Fv2%2Ftags&post=12060"}],"curies":[{"name":"wp","href":"https:\/\/api.w.org\/{rel}","templated":true}]}}