{"id":12015,"date":"2022-11-18T19:27:12","date_gmt":"2022-11-18T19:27:12","guid":{"rendered":"https:\/\/bojornal.pt\/?p=12015"},"modified":"2022-11-18T20:04:16","modified_gmt":"2022-11-18T20:04:16","slug":"eleitos-os-representantes-dos-alunos-para-o-conselho-geral-do-agrupamento","status":"publish","type":"post","link":"https:\/\/bojornal.pt\/?p=12015","title":{"rendered":"Eleitos os representantes dos alunos para o Conselho Geral do Agrupamento"},"content":{"rendered":"\n<figure class=\"wp-block-gallery has-nested-images columns-default is-cropped wp-block-gallery-1 is-layout-flex wp-block-gallery-is-layout-flex\">\n<figure class=\"wp-block-image size-large is-style-default\"><img loading=\"lazy\" decoding=\"async\" width=\"1024\" height=\"768\" data-id=\"12017\" src=\"https:\/\/bojornal.pt\/wp-content\/uploads\/2022\/11\/WhatsApp-Image-2022-11-18-at-12.07.33-1024x768.jpeg\" alt=\"\" class=\"wp-image-12017\" srcset=\"https:\/\/bojornal.pt\/wp-content\/uploads\/2022\/11\/WhatsApp-Image-2022-11-18-at-12.07.33-1024x768.jpeg 1024w, https:\/\/bojornal.pt\/wp-content\/uploads\/2022\/11\/WhatsApp-Image-2022-11-18-at-12.07.33-300x225.jpeg 300w, https:\/\/bojornal.pt\/wp-content\/uploads\/2022\/11\/WhatsApp-Image-2022-11-18-at-12.07.33-150x113.jpeg 150w, https:\/\/bojornal.pt\/wp-content\/uploads\/2022\/11\/WhatsApp-Image-2022-11-18-at-12.07.33-768x576.jpeg 768w, https:\/\/bojornal.pt\/wp-content\/uploads\/2022\/11\/WhatsApp-Image-2022-11-18-at-12.07.33-1536x1152.jpeg 1536w, https:\/\/bojornal.pt\/wp-content\/uploads\/2022\/11\/WhatsApp-Image-2022-11-18-at-12.07.33.jpeg 1920w\" sizes=\"auto, (max-width: 1024px) 100vw, 1024px\" \/><figcaption class=\"wp-element-caption\"><em>Ema Lopes e Maria Afonso<\/em><\/figcaption><\/figure>\n<\/figure>\n\n\n\n<p class=\"has-text-align-left\"><br \/>J\u00e1 s\u00e3o conhecidos os novos representantes dos alunos para o Conselho Geral do Agrupamento de Escolas Em\u00eddio Garcia. Realizou-se, no dia 18 de novembro, a elei\u00e7\u00e3o com a vit\u00f3ria da Lista A, \u00fanica lista candidata, que obteve 88% dos votos. Ema Lopes (12.\u00baC) e Maria Couraceiro Afonso (11.\u00baPTAS) foram os dois elementos escolhidos para representarem os alunos do Agrupamento. <\/p>\n\n\n\n<p class=\"has-text-align-left\">Damos os parab\u00e9ns e desejamos um bom trabalho.<br \/><\/p>\n\n\n\n<p class=\"has-text-align-right\"><em>Carolina Barreira<\/em><\/p>\n","protected":false},"excerpt":{"rendered":"<p>J\u00e1 s\u00e3o conhecidos os novos representantes dos alunos para o Conselho Geral do Agrupamento de Escolas Em\u00eddio Garcia. Realizou-se, no dia 18 de novembro, a elei\u00e7\u00e3o com a vit\u00f3ria da Lista A, \u00fanica lista&#46;&#46;&#46;<\/p>\n","protected":false},"author":2,"featured_media":12017,"comment_status":"closed","ping_status":"open","sticky":false,"template":"","format":"standard","meta":{"footnotes":""},"categories":[27,2,3,9,16],"tags":[],"class_list":["post-12015","post","type-post","status-publish","format-standard","has-post-thumbnail","hentry","category-aeeg","category-atualidade","category-cultura","category-em-foco","category-escola-secundaria-emidio-garcia"],"_links":{"self":[{"href":"https:\/\/bojornal.pt\/index.php?rest_route=\/wp\/v2\/posts\/12015","targetHints":{"allow":["GET"]}}],"collection":[{"href":"https:\/\/bojornal.pt\/index.php?rest_route=\/wp\/v2\/posts"}],"about":[{"href":"https:\/\/bojornal.pt\/index.php?rest_route=\/wp\/v2\/types\/post"}],"author":[{"embeddable":true,"href":"https:\/\/bojornal.pt\/index.php?rest_route=\/wp\/v2\/users\/2"}],"replies":[{"embeddable":true,"href":"https:\/\/bojornal.pt\/index.php?rest_route=%2Fwp%2Fv2%2Fcomments&post=12015"}],"version-history":[{"count":0,"href":"https:\/\/bojornal.pt\/index.php?rest_route=\/wp\/v2\/posts\/12015\/revisions"}],"wp:featuredmedia":[{"embeddable":true,"href":"https:\/\/bojornal.pt\/index.php?rest_route=\/wp\/v2\/media\/12017"}],"wp:attachment":[{"href":"https:\/\/bojornal.pt\/index.php?rest_route=%2Fwp%2Fv2%2Fmedia&parent=12015"}],"wp:term":[{"taxonomy":"category","embeddable":true,"href":"https:\/\/bojornal.pt\/index.php?rest_route=%2Fwp%2Fv2%2Fcategories&post=12015"},{"taxonomy":"post_tag","embeddable":true,"href":"https:\/\/bojornal.pt\/index.php?rest_route=%2Fwp%2Fv2%2Ftags&post=12015"}],"curies":[{"name":"wp","href":"https:\/\/api.w.org\/{rel}","templated":true}]}}