{"id":12012,"date":"2022-11-17T12:12:00","date_gmt":"2022-11-17T12:12:00","guid":{"rendered":"https:\/\/bojornal.pt\/?p=12012"},"modified":"2022-11-18T13:16:53","modified_gmt":"2022-11-18T13:16:53","slug":"dia-mundial-da-filosofia-comemorado-no-agrupamento","status":"publish","type":"post","link":"https:\/\/bojornal.pt\/?p=12012","title":{"rendered":"Dia Mundial da Filosofia comemorado no Agrupamento"},"content":{"rendered":"\n<figure class=\"wp-block-image size-large is-style-rounded\"><img loading=\"lazy\" decoding=\"async\" width=\"1024\" height=\"536\" src=\"https:\/\/bojornal.pt\/wp-content\/uploads\/2022\/11\/315740071_656971322505266_7420659472915983254_n-1024x536.jpg\" alt=\"\" class=\"wp-image-12013\" srcset=\"https:\/\/bojornal.pt\/wp-content\/uploads\/2022\/11\/315740071_656971322505266_7420659472915983254_n-1024x536.jpg 1024w, https:\/\/bojornal.pt\/wp-content\/uploads\/2022\/11\/315740071_656971322505266_7420659472915983254_n-300x157.jpg 300w, https:\/\/bojornal.pt\/wp-content\/uploads\/2022\/11\/315740071_656971322505266_7420659472915983254_n-150x78.jpg 150w, https:\/\/bojornal.pt\/wp-content\/uploads\/2022\/11\/315740071_656971322505266_7420659472915983254_n-768x402.jpg 768w, https:\/\/bojornal.pt\/wp-content\/uploads\/2022\/11\/315740071_656971322505266_7420659472915983254_n.jpg 1080w\" sizes=\"auto, (max-width: 1024px) 100vw, 1024px\" \/><\/figure>\n\n\n\n<p>Hoje, dia 17 de novembro, comemora-se o Dia Mundial da Filosofia.<\/p>\n\n\n\n<p>Esta ocasi\u00e3o t\u00e3o especial n\u00e3o podia ter passado despercebida. Neste sentido, foram afixados cartazes e distribu\u00eddos panfletos desdobr\u00e1veis, concebidos pela turma H, do 10.\u00ba ano.<\/p>\n\n\n\n<p>O objetivo era divulgar a import\u00e2ncia da filosofia no quotidiano e fomentar a reflex\u00e3o sobre a mesma, j\u00e1 que esta \u00e9 uma disciplina de inicia\u00e7\u00e3o no primeiro ano do&nbsp;Ensino Secund\u00e1rio.<\/p>\n\n\n\n<p>Na realiza\u00e7\u00e3o dos cartazes e panfletos, os alunos basearam-se no texto \u201cAlegoria da Caverna\u201d,&nbsp;do fil\u00f3sofo grego Plat\u00e3o.<\/p>\n\n\n\n<p>Segundo Willyans Maciel \u201cS\u00f3crates relaciona a luz do Sol com a luz do fogo na caverna, implicando que os factos do mundo n\u00e3o se apresentam imediatamente como os devemos interpretar e que a realidade \u00faltima das coisas pode estar oculta ao olhar menos atento, procurando desta forma explicar como chegamos a conhecer as coisas, atrav\u00e9s de um olhar que ultrapassa a mera apar\u00eancia imediata e procura a realidade.\u201d (<a href=\"https:\/\/www.infoescola.com\/filosofia\/alegoria-da-caverna\/\">https:\/\/www.infoescola.com\/filosofia\/alegoria-da-caverna\/<\/a>)&nbsp;<\/p>\n\n\n\n<p>A atividade procurou divulgar a reflex\u00e3o filos\u00f3fica, lutando contra a ignor\u00e2ncia e promovendo a procura da verdade. Sendo este um dos t\u00f3picos que integra as aprendizagens essenciais da disciplina.<\/p>\n\n\n\n<p>Este dia comemorativo, institu\u00eddo pela UNESCO, foi ainda&nbsp;assinalado com reflex\u00f5es e outras iniciativas realizadas em contexto de aula, por outras turmas do Ensino Secund\u00e1rio.<\/p>\n\n\n\n<p class=\"has-text-align-right\"><em> Eva Vaz; Clara Castanheira; Mariana Morais<\/em><\/p>\n","protected":false},"excerpt":{"rendered":"<p>Hoje, dia 17 de novembro, comemora-se o Dia Mundial da Filosofia. Esta ocasi\u00e3o t\u00e3o especial n\u00e3o podia ter passado despercebida. Neste sentido, foram afixados cartazes e distribu\u00eddos panfletos desdobr\u00e1veis, concebidos pela turma H, do&#46;&#46;&#46;<\/p>\n","protected":false},"author":2,"featured_media":12013,"comment_status":"closed","ping_status":"open","sticky":false,"template":"","format":"standard","meta":{"footnotes":""},"categories":[2,16],"tags":[],"class_list":["post-12012","post","type-post","status-publish","format-standard","has-post-thumbnail","hentry","category-atualidade","category-escola-secundaria-emidio-garcia"],"_links":{"self":[{"href":"https:\/\/bojornal.pt\/index.php?rest_route=\/wp\/v2\/posts\/12012","targetHints":{"allow":["GET"]}}],"collection":[{"href":"https:\/\/bojornal.pt\/index.php?rest_route=\/wp\/v2\/posts"}],"about":[{"href":"https:\/\/bojornal.pt\/index.php?rest_route=\/wp\/v2\/types\/post"}],"author":[{"embeddable":true,"href":"https:\/\/bojornal.pt\/index.php?rest_route=\/wp\/v2\/users\/2"}],"replies":[{"embeddable":true,"href":"https:\/\/bojornal.pt\/index.php?rest_route=%2Fwp%2Fv2%2Fcomments&post=12012"}],"version-history":[{"count":0,"href":"https:\/\/bojornal.pt\/index.php?rest_route=\/wp\/v2\/posts\/12012\/revisions"}],"wp:featuredmedia":[{"embeddable":true,"href":"https:\/\/bojornal.pt\/index.php?rest_route=\/wp\/v2\/media\/12013"}],"wp:attachment":[{"href":"https:\/\/bojornal.pt\/index.php?rest_route=%2Fwp%2Fv2%2Fmedia&parent=12012"}],"wp:term":[{"taxonomy":"category","embeddable":true,"href":"https:\/\/bojornal.pt\/index.php?rest_route=%2Fwp%2Fv2%2Fcategories&post=12012"},{"taxonomy":"post_tag","embeddable":true,"href":"https:\/\/bojornal.pt\/index.php?rest_route=%2Fwp%2Fv2%2Ftags&post=12012"}],"curies":[{"name":"wp","href":"https:\/\/api.w.org\/{rel}","templated":true}]}}