{"id":11901,"date":"2022-11-06T10:24:00","date_gmt":"2022-11-06T10:24:00","guid":{"rendered":"https:\/\/bojornal.pt\/?p=11901"},"modified":"2022-11-07T21:13:06","modified_gmt":"2022-11-07T21:13:06","slug":"pedro-maltez-distinguido","status":"publish","type":"post","link":"https:\/\/bojornal.pt\/?p=11901","title":{"rendered":"Pedro Maltez distinguido"},"content":{"rendered":"\n<p>Aluno que concluiu Ensino Secund\u00e1rio na Escola Em\u00eddio Garcia galardoado com Pr\u00e9mio Nacional Professor Doutor Jos\u00e9 Pinto Peixoto<\/p>\n\n\n\n<figure class=\"wp-block-gallery has-nested-images columns-default is-cropped wp-block-gallery-1 is-layout-flex wp-block-gallery-is-layout-flex\">\n<figure class=\"wp-block-image size-large is-style-default\"><img loading=\"lazy\" decoding=\"async\" width=\"504\" height=\"1024\" data-id=\"11908\" src=\"https:\/\/bojornal.pt\/wp-content\/uploads\/2022\/11\/Pedro-Maltez-1-504x1024.jpeg\" alt=\"\" class=\"wp-image-11908\" srcset=\"https:\/\/bojornal.pt\/wp-content\/uploads\/2022\/11\/Pedro-Maltez-1-504x1024.jpeg 504w, https:\/\/bojornal.pt\/wp-content\/uploads\/2022\/11\/Pedro-Maltez-1-148x300.jpeg 148w, https:\/\/bojornal.pt\/wp-content\/uploads\/2022\/11\/Pedro-Maltez-1-74x150.jpeg 74w, https:\/\/bojornal.pt\/wp-content\/uploads\/2022\/11\/Pedro-Maltez-1-756x1536.jpeg 756w, https:\/\/bojornal.pt\/wp-content\/uploads\/2022\/11\/Pedro-Maltez-1.jpeg 768w\" sizes=\"auto, (max-width: 504px) 100vw, 504px\" \/><\/figure>\n\n\n\n<figure class=\"wp-block-image size-large is-style-default\"><img loading=\"lazy\" decoding=\"async\" width=\"547\" height=\"534\" data-id=\"11909\" src=\"https:\/\/bojornal.pt\/wp-content\/uploads\/2022\/11\/maltez.jpg\" alt=\"\" class=\"wp-image-11909\" srcset=\"https:\/\/bojornal.pt\/wp-content\/uploads\/2022\/11\/maltez.jpg 547w, https:\/\/bojornal.pt\/wp-content\/uploads\/2022\/11\/maltez-300x293.jpg 300w, https:\/\/bojornal.pt\/wp-content\/uploads\/2022\/11\/maltez-150x146.jpg 150w\" sizes=\"auto, (max-width: 547px) 100vw, 547px\" \/><\/figure>\n<\/figure>\n\n\n\n<p>Lembramos que o nosso aluno Pedro Maltez, al\u00e9m de se distinguir no seu percurso escolar, participou sempre em in\u00fameras atividades do nosso agrupamento, contribuindo para a constru\u00e7\u00e3o de uma escola de esxel\u00eancia.<\/p>\n\n\n\n<p>O Pr\u00e9mio Nacional Professor Doutor Jos\u00e9 Pinto Peixoto \u00e9 promovido pela Associa\u00e7\u00e3o Casa da Cultura Professor Doutor Jos\u00e9 Pinto Peixoto e atribui um pr\u00e9mio no valor de \u20ac1.000,00&nbsp;(mil euros), destinado ao aluno que, em cada ano letivo, complete o ensino secund\u00e1rio com a melhor classifica\u00e7\u00e3o final.<\/p>\n\n\n\n<p>Os nossos parab\u00e9ns, Pedro! <\/p>\n","protected":false},"excerpt":{"rendered":"<p>Aluno que concluiu Ensino Secund\u00e1rio na Escola Em\u00eddio Garcia galardoado com Pr\u00e9mio Nacional Professor Doutor Jos\u00e9 Pinto Peixoto Lembramos que o nosso aluno Pedro Maltez, al\u00e9m de se distinguir no seu percurso escolar, participou&#46;&#46;&#46;<\/p>\n","protected":false},"author":2,"featured_media":11915,"comment_status":"closed","ping_status":"open","sticky":false,"template":"","format":"standard","meta":{"footnotes":""},"categories":[27,2,9,16],"tags":[],"class_list":["post-11901","post","type-post","status-publish","format-standard","has-post-thumbnail","hentry","category-aeeg","category-atualidade","category-em-foco","category-escola-secundaria-emidio-garcia"],"_links":{"self":[{"href":"https:\/\/bojornal.pt\/index.php?rest_route=\/wp\/v2\/posts\/11901","targetHints":{"allow":["GET"]}}],"collection":[{"href":"https:\/\/bojornal.pt\/index.php?rest_route=\/wp\/v2\/posts"}],"about":[{"href":"https:\/\/bojornal.pt\/index.php?rest_route=\/wp\/v2\/types\/post"}],"author":[{"embeddable":true,"href":"https:\/\/bojornal.pt\/index.php?rest_route=\/wp\/v2\/users\/2"}],"replies":[{"embeddable":true,"href":"https:\/\/bojornal.pt\/index.php?rest_route=%2Fwp%2Fv2%2Fcomments&post=11901"}],"version-history":[{"count":0,"href":"https:\/\/bojornal.pt\/index.php?rest_route=\/wp\/v2\/posts\/11901\/revisions"}],"wp:featuredmedia":[{"embeddable":true,"href":"https:\/\/bojornal.pt\/index.php?rest_route=\/wp\/v2\/media\/11915"}],"wp:attachment":[{"href":"https:\/\/bojornal.pt\/index.php?rest_route=%2Fwp%2Fv2%2Fmedia&parent=11901"}],"wp:term":[{"taxonomy":"category","embeddable":true,"href":"https:\/\/bojornal.pt\/index.php?rest_route=%2Fwp%2Fv2%2Fcategories&post=11901"},{"taxonomy":"post_tag","embeddable":true,"href":"https:\/\/bojornal.pt\/index.php?rest_route=%2Fwp%2Fv2%2Ftags&post=11901"}],"curies":[{"name":"wp","href":"https:\/\/api.w.org\/{rel}","templated":true}]}}