{"id":11892,"date":"2022-11-01T10:13:00","date_gmt":"2022-11-01T10:13:00","guid":{"rendered":"https:\/\/bojornal.pt\/?p=11892"},"modified":"2022-11-07T10:17:56","modified_gmt":"2022-11-07T10:17:56","slug":"corta-mato-escolar","status":"publish","type":"post","link":"https:\/\/bojornal.pt\/?p=11892","title":{"rendered":"Corta-mato escolar"},"content":{"rendered":"\n<p><\/p>\n\n\n\n<figure class=\"wp-block-gallery has-nested-images columns-default is-cropped wp-block-gallery-1 is-layout-flex wp-block-gallery-is-layout-flex\">\n<figure class=\"wp-block-image size-large is-style-default\"><img loading=\"lazy\" decoding=\"async\" width=\"1024\" height=\"768\" data-id=\"11895\" src=\"https:\/\/bojornal.pt\/wp-content\/uploads\/2022\/11\/Cortamato-escolar-1-1024x768.jpeg\" alt=\"\" class=\"wp-image-11895\" srcset=\"https:\/\/bojornal.pt\/wp-content\/uploads\/2022\/11\/Cortamato-escolar-1-1024x768.jpeg 1024w, https:\/\/bojornal.pt\/wp-content\/uploads\/2022\/11\/Cortamato-escolar-1-300x225.jpeg 300w, https:\/\/bojornal.pt\/wp-content\/uploads\/2022\/11\/Cortamato-escolar-1-150x113.jpeg 150w, https:\/\/bojornal.pt\/wp-content\/uploads\/2022\/11\/Cortamato-escolar-1-768x576.jpeg 768w, https:\/\/bojornal.pt\/wp-content\/uploads\/2022\/11\/Cortamato-escolar-1-1536x1152.jpeg 1536w, https:\/\/bojornal.pt\/wp-content\/uploads\/2022\/11\/Cortamato-escolar-1.jpeg 2048w\" sizes=\"auto, (max-width: 1024px) 100vw, 1024px\" \/><\/figure>\n\n\n\n<figure class=\"wp-block-image size-large is-style-default\"><img loading=\"lazy\" decoding=\"async\" width=\"768\" height=\"1024\" data-id=\"11898\" src=\"https:\/\/bojornal.pt\/wp-content\/uploads\/2022\/11\/Cortamato-escolar-2-768x1024.jpeg\" alt=\"\" class=\"wp-image-11898\" srcset=\"https:\/\/bojornal.pt\/wp-content\/uploads\/2022\/11\/Cortamato-escolar-2-768x1024.jpeg 768w, https:\/\/bojornal.pt\/wp-content\/uploads\/2022\/11\/Cortamato-escolar-2-225x300.jpeg 225w, https:\/\/bojornal.pt\/wp-content\/uploads\/2022\/11\/Cortamato-escolar-2-113x150.jpeg 113w, https:\/\/bojornal.pt\/wp-content\/uploads\/2022\/11\/Cortamato-escolar-2-1152x1536.jpeg 1152w, https:\/\/bojornal.pt\/wp-content\/uploads\/2022\/11\/Cortamato-escolar-2.jpeg 1488w\" sizes=\"auto, (max-width: 768px) 100vw, 768px\" \/><\/figure>\n\n\n\n<figure class=\"wp-block-image size-large is-style-default\"><img loading=\"lazy\" decoding=\"async\" width=\"1024\" height=\"768\" data-id=\"11899\" src=\"https:\/\/bojornal.pt\/wp-content\/uploads\/2022\/11\/Cortamato-escolar-3-1024x768.jpeg\" alt=\"\" class=\"wp-image-11899\" srcset=\"https:\/\/bojornal.pt\/wp-content\/uploads\/2022\/11\/Cortamato-escolar-3-1024x768.jpeg 1024w, https:\/\/bojornal.pt\/wp-content\/uploads\/2022\/11\/Cortamato-escolar-3-300x225.jpeg 300w, https:\/\/bojornal.pt\/wp-content\/uploads\/2022\/11\/Cortamato-escolar-3-150x113.jpeg 150w, https:\/\/bojornal.pt\/wp-content\/uploads\/2022\/11\/Cortamato-escolar-3-768x576.jpeg 768w, https:\/\/bojornal.pt\/wp-content\/uploads\/2022\/11\/Cortamato-escolar-3-1536x1152.jpeg 1536w, https:\/\/bojornal.pt\/wp-content\/uploads\/2022\/11\/Cortamato-escolar-3.jpeg 2048w\" sizes=\"auto, (max-width: 1024px) 100vw, 1024px\" \/><\/figure>\n\n\n\n<figure class=\"wp-block-image size-large is-style-default\"><img loading=\"lazy\" decoding=\"async\" width=\"1024\" height=\"768\" data-id=\"11894\" src=\"https:\/\/bojornal.pt\/wp-content\/uploads\/2022\/11\/Cortamato-escolar-4-1024x768.jpeg\" alt=\"\" class=\"wp-image-11894\" srcset=\"https:\/\/bojornal.pt\/wp-content\/uploads\/2022\/11\/Cortamato-escolar-4-1024x768.jpeg 1024w, https:\/\/bojornal.pt\/wp-content\/uploads\/2022\/11\/Cortamato-escolar-4-300x225.jpeg 300w, https:\/\/bojornal.pt\/wp-content\/uploads\/2022\/11\/Cortamato-escolar-4-150x113.jpeg 150w, https:\/\/bojornal.pt\/wp-content\/uploads\/2022\/11\/Cortamato-escolar-4-768x576.jpeg 768w, https:\/\/bojornal.pt\/wp-content\/uploads\/2022\/11\/Cortamato-escolar-4-1536x1152.jpeg 1536w, https:\/\/bojornal.pt\/wp-content\/uploads\/2022\/11\/Cortamato-escolar-4.jpeg 2048w\" sizes=\"auto, (max-width: 1024px) 100vw, 1024px\" \/><\/figure>\n\n\n\n<figure class=\"wp-block-image size-large is-style-default\"><img loading=\"lazy\" decoding=\"async\" width=\"1024\" height=\"768\" data-id=\"11893\" src=\"https:\/\/bojornal.pt\/wp-content\/uploads\/2022\/11\/Cortamato-escolar-5-1024x768.jpeg\" alt=\"\" class=\"wp-image-11893\" srcset=\"https:\/\/bojornal.pt\/wp-content\/uploads\/2022\/11\/Cortamato-escolar-5-1024x768.jpeg 1024w, https:\/\/bojornal.pt\/wp-content\/uploads\/2022\/11\/Cortamato-escolar-5-300x225.jpeg 300w, https:\/\/bojornal.pt\/wp-content\/uploads\/2022\/11\/Cortamato-escolar-5-150x113.jpeg 150w, https:\/\/bojornal.pt\/wp-content\/uploads\/2022\/11\/Cortamato-escolar-5-768x576.jpeg 768w, https:\/\/bojornal.pt\/wp-content\/uploads\/2022\/11\/Cortamato-escolar-5-1536x1152.jpeg 1536w, https:\/\/bojornal.pt\/wp-content\/uploads\/2022\/11\/Cortamato-escolar-5.jpeg 2048w\" sizes=\"auto, (max-width: 1024px) 100vw, 1024px\" \/><\/figure>\n\n\n\n<figure class=\"wp-block-image size-large is-style-default\"><img loading=\"lazy\" decoding=\"async\" width=\"1024\" height=\"768\" data-id=\"11896\" src=\"https:\/\/bojornal.pt\/wp-content\/uploads\/2022\/11\/Cortamato-escolar-6-1024x768.jpeg\" alt=\"\" class=\"wp-image-11896\" srcset=\"https:\/\/bojornal.pt\/wp-content\/uploads\/2022\/11\/Cortamato-escolar-6-1024x768.jpeg 1024w, https:\/\/bojornal.pt\/wp-content\/uploads\/2022\/11\/Cortamato-escolar-6-300x225.jpeg 300w, https:\/\/bojornal.pt\/wp-content\/uploads\/2022\/11\/Cortamato-escolar-6-150x113.jpeg 150w, https:\/\/bojornal.pt\/wp-content\/uploads\/2022\/11\/Cortamato-escolar-6-768x576.jpeg 768w, https:\/\/bojornal.pt\/wp-content\/uploads\/2022\/11\/Cortamato-escolar-6-1536x1152.jpeg 1536w, https:\/\/bojornal.pt\/wp-content\/uploads\/2022\/11\/Cortamato-escolar-6.jpeg 2048w\" sizes=\"auto, (max-width: 1024px) 100vw, 1024px\" \/><\/figure>\n\n\n\n<figure class=\"wp-block-image size-large is-style-default\"><img loading=\"lazy\" decoding=\"async\" width=\"1024\" height=\"768\" data-id=\"11897\" src=\"https:\/\/bojornal.pt\/wp-content\/uploads\/2022\/11\/Cortamato-escolar-7-1024x768.jpeg\" alt=\"\" class=\"wp-image-11897\" srcset=\"https:\/\/bojornal.pt\/wp-content\/uploads\/2022\/11\/Cortamato-escolar-7-1024x768.jpeg 1024w, https:\/\/bojornal.pt\/wp-content\/uploads\/2022\/11\/Cortamato-escolar-7-300x225.jpeg 300w, https:\/\/bojornal.pt\/wp-content\/uploads\/2022\/11\/Cortamato-escolar-7-150x113.jpeg 150w, https:\/\/bojornal.pt\/wp-content\/uploads\/2022\/11\/Cortamato-escolar-7-768x576.jpeg 768w, https:\/\/bojornal.pt\/wp-content\/uploads\/2022\/11\/Cortamato-escolar-7-1536x1152.jpeg 1536w, https:\/\/bojornal.pt\/wp-content\/uploads\/2022\/11\/Cortamato-escolar-7.jpeg 2048w\" sizes=\"auto, (max-width: 1024px) 100vw, 1024px\" \/><\/figure>\n<\/figure>\n\n\n\n<p>A Escola Paulo Quintela acolheu, no passado dia 31 de outubro, a prova do corta-mato escolar do Agrupamento Em\u00eddio Garcia. Apesar das limita\u00e7\u00f5es impostas pelas condi\u00e7\u00f5es climat\u00e9ricas, a ades\u00e3o foi a esperada e a presta\u00e7\u00e3o dos alunos foi exemplar. A Pr\u00f3xima fase distrital realiza-se no pr\u00f3ximo dia 21 de Novembro, em Mirandela. Parab\u00e9ns a todos os atletas!<\/p>\n","protected":false},"excerpt":{"rendered":"<p>A Escola Paulo Quintela acolheu, no passado dia 31 de outubro, a prova do corta-mato escolar do Agrupamento Em\u00eddio Garcia. Apesar das limita\u00e7\u00f5es impostas pelas condi\u00e7\u00f5es climat\u00e9ricas, a ades\u00e3o foi a esperada e a&#46;&#46;&#46;<\/p>\n","protected":false},"author":2,"featured_media":11899,"comment_status":"closed","ping_status":"open","sticky":false,"template":"","format":"standard","meta":{"footnotes":""},"categories":[27,9,13],"tags":[],"class_list":["post-11892","post","type-post","status-publish","format-standard","has-post-thumbnail","hentry","category-aeeg","category-em-foco","category-escola-paulo-quintela"],"_links":{"self":[{"href":"https:\/\/bojornal.pt\/index.php?rest_route=\/wp\/v2\/posts\/11892","targetHints":{"allow":["GET"]}}],"collection":[{"href":"https:\/\/bojornal.pt\/index.php?rest_route=\/wp\/v2\/posts"}],"about":[{"href":"https:\/\/bojornal.pt\/index.php?rest_route=\/wp\/v2\/types\/post"}],"author":[{"embeddable":true,"href":"https:\/\/bojornal.pt\/index.php?rest_route=\/wp\/v2\/users\/2"}],"replies":[{"embeddable":true,"href":"https:\/\/bojornal.pt\/index.php?rest_route=%2Fwp%2Fv2%2Fcomments&post=11892"}],"version-history":[{"count":0,"href":"https:\/\/bojornal.pt\/index.php?rest_route=\/wp\/v2\/posts\/11892\/revisions"}],"wp:featuredmedia":[{"embeddable":true,"href":"https:\/\/bojornal.pt\/index.php?rest_route=\/wp\/v2\/media\/11899"}],"wp:attachment":[{"href":"https:\/\/bojornal.pt\/index.php?rest_route=%2Fwp%2Fv2%2Fmedia&parent=11892"}],"wp:term":[{"taxonomy":"category","embeddable":true,"href":"https:\/\/bojornal.pt\/index.php?rest_route=%2Fwp%2Fv2%2Fcategories&post=11892"},{"taxonomy":"post_tag","embeddable":true,"href":"https:\/\/bojornal.pt\/index.php?rest_route=%2Fwp%2Fv2%2Ftags&post=11892"}],"curies":[{"name":"wp","href":"https:\/\/api.w.org\/{rel}","templated":true}]}}