{"id":11844,"date":"2022-09-15T19:53:00","date_gmt":"2022-09-15T18:53:00","guid":{"rendered":"https:\/\/bojornal.pt\/?p=11844"},"modified":"2022-09-16T19:57:11","modified_gmt":"2022-09-16T18:57:11","slug":"iniciou-mais-um-ano-letivo-2","status":"publish","type":"post","link":"https:\/\/bojornal.pt\/?p=11844","title":{"rendered":"Iniciou mais um ano letivo"},"content":{"rendered":"\n<p>Iniciou o ano letivo 2022\/2023. Deixamos as m\u00e1scaras, utilizamos o Sal\u00e3o de Conv\u00edvio, cruzamo-nos sem medos&#8230; \u00c9 com enorme esperan\u00e7a e alegria que o Agrupamento de Escolas Em\u00eddio Garcia d\u00e1 as boas-vindas aos nossos alunos, especialmente a todos os que chegam pela primeira vez. <\/p>\n\n\n\n<figure class=\"wp-block-gallery has-nested-images columns-default is-cropped wp-block-gallery-1 is-layout-flex wp-block-gallery-is-layout-flex\">\n<figure class=\"wp-block-image size-large is-style-default\"><img loading=\"lazy\" decoding=\"async\" width=\"461\" height=\"1024\" data-id=\"11845\" src=\"https:\/\/bojornal.pt\/wp-content\/uploads\/2022\/09\/WhatsApp-Image-2022-09-16-at-18.51.14-461x1024.jpeg\" alt=\"\" class=\"wp-image-11845\" srcset=\"https:\/\/bojornal.pt\/wp-content\/uploads\/2022\/09\/WhatsApp-Image-2022-09-16-at-18.51.14-461x1024.jpeg 461w, https:\/\/bojornal.pt\/wp-content\/uploads\/2022\/09\/WhatsApp-Image-2022-09-16-at-18.51.14-135x300.jpeg 135w, https:\/\/bojornal.pt\/wp-content\/uploads\/2022\/09\/WhatsApp-Image-2022-09-16-at-18.51.14-68x150.jpeg 68w, https:\/\/bojornal.pt\/wp-content\/uploads\/2022\/09\/WhatsApp-Image-2022-09-16-at-18.51.14-768x1707.jpeg 768w, https:\/\/bojornal.pt\/wp-content\/uploads\/2022\/09\/WhatsApp-Image-2022-09-16-at-18.51.14-691x1536.jpeg 691w, https:\/\/bojornal.pt\/wp-content\/uploads\/2022\/09\/WhatsApp-Image-2022-09-16-at-18.51.14.jpeg 900w\" sizes=\"auto, (max-width: 461px) 100vw, 461px\" \/><\/figure>\n\n\n\n<figure class=\"wp-block-image size-large is-style-default\"><img loading=\"lazy\" decoding=\"async\" width=\"1024\" height=\"461\" data-id=\"11846\" src=\"https:\/\/bojornal.pt\/wp-content\/uploads\/2022\/09\/WhatsApp-Image-2022-09-16-at-18.51.20-1024x461.jpeg\" alt=\"\" class=\"wp-image-11846\" srcset=\"https:\/\/bojornal.pt\/wp-content\/uploads\/2022\/09\/WhatsApp-Image-2022-09-16-at-18.51.20-1024x461.jpeg 1024w, https:\/\/bojornal.pt\/wp-content\/uploads\/2022\/09\/WhatsApp-Image-2022-09-16-at-18.51.20-300x135.jpeg 300w, https:\/\/bojornal.pt\/wp-content\/uploads\/2022\/09\/WhatsApp-Image-2022-09-16-at-18.51.20-150x68.jpeg 150w, https:\/\/bojornal.pt\/wp-content\/uploads\/2022\/09\/WhatsApp-Image-2022-09-16-at-18.51.20-768x346.jpeg 768w, https:\/\/bojornal.pt\/wp-content\/uploads\/2022\/09\/WhatsApp-Image-2022-09-16-at-18.51.20-1536x691.jpeg 1536w, https:\/\/bojornal.pt\/wp-content\/uploads\/2022\/09\/WhatsApp-Image-2022-09-16-at-18.51.20.jpeg 2000w\" sizes=\"auto, (max-width: 1024px) 100vw, 1024px\" \/><\/figure>\n<\/figure>\n","protected":false},"excerpt":{"rendered":"<p>Iniciou o ano letivo 2022\/2023. Deixamos as m\u00e1scaras, utilizamos o Sal\u00e3o de Conv\u00edvio, cruzamo-nos sem medos&#8230; \u00c9 com enorme esperan\u00e7a e alegria que o Agrupamento de Escolas Em\u00eddio Garcia d\u00e1 as boas-vindas aos nossos&#46;&#46;&#46;<\/p>\n","protected":false},"author":2,"featured_media":11845,"comment_status":"closed","ping_status":"open","sticky":false,"template":"","format":"standard","meta":{"footnotes":""},"categories":[14,2,3,9,13],"tags":[],"class_list":["post-11844","post","type-post","status-publish","format-standard","has-post-thumbnail","hentry","category-1o-ciclo","category-atualidade","category-cultura","category-em-foco","category-escola-paulo-quintela"],"_links":{"self":[{"href":"https:\/\/bojornal.pt\/index.php?rest_route=\/wp\/v2\/posts\/11844","targetHints":{"allow":["GET"]}}],"collection":[{"href":"https:\/\/bojornal.pt\/index.php?rest_route=\/wp\/v2\/posts"}],"about":[{"href":"https:\/\/bojornal.pt\/index.php?rest_route=\/wp\/v2\/types\/post"}],"author":[{"embeddable":true,"href":"https:\/\/bojornal.pt\/index.php?rest_route=\/wp\/v2\/users\/2"}],"replies":[{"embeddable":true,"href":"https:\/\/bojornal.pt\/index.php?rest_route=%2Fwp%2Fv2%2Fcomments&post=11844"}],"version-history":[{"count":0,"href":"https:\/\/bojornal.pt\/index.php?rest_route=\/wp\/v2\/posts\/11844\/revisions"}],"wp:featuredmedia":[{"embeddable":true,"href":"https:\/\/bojornal.pt\/index.php?rest_route=\/wp\/v2\/media\/11845"}],"wp:attachment":[{"href":"https:\/\/bojornal.pt\/index.php?rest_route=%2Fwp%2Fv2%2Fmedia&parent=11844"}],"wp:term":[{"taxonomy":"category","embeddable":true,"href":"https:\/\/bojornal.pt\/index.php?rest_route=%2Fwp%2Fv2%2Fcategories&post=11844"},{"taxonomy":"post_tag","embeddable":true,"href":"https:\/\/bojornal.pt\/index.php?rest_route=%2Fwp%2Fv2%2Ftags&post=11844"}],"curies":[{"name":"wp","href":"https:\/\/api.w.org\/{rel}","templated":true}]}}