{"id":11828,"date":"2022-06-28T18:21:00","date_gmt":"2022-06-28T17:21:00","guid":{"rendered":"https:\/\/bojornal.pt\/?p=11828"},"modified":"2022-07-15T18:41:00","modified_gmt":"2022-07-15T17:41:00","slug":"semana-da-cidadania-na-escola-paulo-quintela","status":"publish","type":"post","link":"https:\/\/bojornal.pt\/?p=11828","title":{"rendered":"\u201cSemana da Cidadania\u201d na Escola Paulo Quintela"},"content":{"rendered":"\n<figure class=\"wp-block-gallery has-nested-images columns-default is-cropped wp-block-gallery-1 is-layout-flex wp-block-gallery-is-layout-flex\">\n<figure class=\"wp-block-image size-large is-style-default\"><img loading=\"lazy\" decoding=\"async\" width=\"1024\" height=\"613\" data-id=\"11829\" src=\"https:\/\/bojornal.pt\/wp-content\/uploads\/2022\/07\/Semana-da-Cidadania-1-1024x613.jpg\" alt=\"\" class=\"wp-image-11829\" srcset=\"https:\/\/bojornal.pt\/wp-content\/uploads\/2022\/07\/Semana-da-Cidadania-1-1024x613.jpg 1024w, https:\/\/bojornal.pt\/wp-content\/uploads\/2022\/07\/Semana-da-Cidadania-1-300x180.jpg 300w, https:\/\/bojornal.pt\/wp-content\/uploads\/2022\/07\/Semana-da-Cidadania-1-150x90.jpg 150w, https:\/\/bojornal.pt\/wp-content\/uploads\/2022\/07\/Semana-da-Cidadania-1-768x460.jpg 768w, https:\/\/bojornal.pt\/wp-content\/uploads\/2022\/07\/Semana-da-Cidadania-1-1536x920.jpg 1536w, https:\/\/bojornal.pt\/wp-content\/uploads\/2022\/07\/Semana-da-Cidadania-1-2048x1226.jpg 2048w\" sizes=\"auto, (max-width: 1024px) 100vw, 1024px\" \/><\/figure>\n\n\n\n<figure class=\"wp-block-image size-large is-style-default\"><img loading=\"lazy\" decoding=\"async\" width=\"1024\" height=\"576\" data-id=\"11830\" src=\"https:\/\/bojornal.pt\/wp-content\/uploads\/2022\/07\/Semana-da-Cidadania-2-1024x576.jpg\" alt=\"\" class=\"wp-image-11830\" srcset=\"https:\/\/bojornal.pt\/wp-content\/uploads\/2022\/07\/Semana-da-Cidadania-2-1024x576.jpg 1024w, https:\/\/bojornal.pt\/wp-content\/uploads\/2022\/07\/Semana-da-Cidadania-2-300x169.jpg 300w, https:\/\/bojornal.pt\/wp-content\/uploads\/2022\/07\/Semana-da-Cidadania-2-150x84.jpg 150w, https:\/\/bojornal.pt\/wp-content\/uploads\/2022\/07\/Semana-da-Cidadania-2-768x432.jpg 768w, https:\/\/bojornal.pt\/wp-content\/uploads\/2022\/07\/Semana-da-Cidadania-2-1536x864.jpg 1536w, https:\/\/bojornal.pt\/wp-content\/uploads\/2022\/07\/Semana-da-Cidadania-2-2048x1152.jpg 2048w\" sizes=\"auto, (max-width: 1024px) 100vw, 1024px\" \/><\/figure>\n<\/figure>\n\n\n\n<p>Entre os dias 6 e 9 de junho, a disciplina de Cidadania e Desenvolvimento juntamente com os seus alunos, organizou a \u201cSemana da Cidadania\u201d.<\/p>\n\n\n\n<p>Os alunos das v\u00e1rias turmas puderam mostrar os trabalhos realizados ao longo do ano letivo nas v\u00e1rias disciplinas envolvidas em cada dom\u00ednio da Cidadania.<\/p>\n\n\n\n<p>Assim, toda a comunidade escolar foi convidada a visitar e participar nas exposi\u00e7\u00f5es e atividades que se encontravam distribu\u00eddas pela escola \u2013 exposi\u00e7\u00f5es de trabalhos, apresenta\u00e7\u00f5es digitais, bandas desenhadas, m\u00fasicas, pe\u00e7a de teatro \u201cDesculpa-me\u201d, distribui\u00e7\u00e3o de marcadores e autocolantes elaborados pelos alunos, hortinha biol\u00f3gica, prova de doces tradicionais e ainda a constru\u00e7\u00e3o de um painel \u201cCidadania \u00e9&#8230;\u201d, onde os alunos puderam partilhar a sua opini\u00e3o escrevendo uma palavra, uma frase ou at\u00e9 um desenho.<\/p>\n\n\n\n<p>De salientar que esta atividade foi bastante prof\u00edcua e bem acolhida, demonstrando que o trabalho desenvolvido em Cidadania teve um impacto muito positivo, n\u00e3o s\u00f3 nos alunos, mas tamb\u00e9m em toda a comunidade escolar.<\/p>\n\n\n\n<p>Destaca-se ainda a valiosa colabora\u00e7\u00e3o da BAG, biblioteca da nossa escola, que muito contribuiu para o sucesso desta atividade e de todos os docentes que atrav\u00e9s do seu empenho e sensibilidade conseguiram motivar os alunos para os v\u00e1rios dom\u00ednios da Cidadania.<\/p>\n","protected":false},"excerpt":{"rendered":"<p>Entre os dias 6 e 9 de junho, a disciplina de Cidadania e Desenvolvimento juntamente com os seus alunos, organizou a \u201cSemana da Cidadania\u201d. Os alunos das v\u00e1rias turmas puderam mostrar os trabalhos realizados&#46;&#46;&#46;<\/p>\n","protected":false},"author":2,"featured_media":11830,"comment_status":"closed","ping_status":"open","sticky":false,"template":"","format":"standard","meta":{"footnotes":""},"categories":[2,9,13],"tags":[],"class_list":["post-11828","post","type-post","status-publish","format-standard","has-post-thumbnail","hentry","category-atualidade","category-em-foco","category-escola-paulo-quintela"],"_links":{"self":[{"href":"https:\/\/bojornal.pt\/index.php?rest_route=\/wp\/v2\/posts\/11828","targetHints":{"allow":["GET"]}}],"collection":[{"href":"https:\/\/bojornal.pt\/index.php?rest_route=\/wp\/v2\/posts"}],"about":[{"href":"https:\/\/bojornal.pt\/index.php?rest_route=\/wp\/v2\/types\/post"}],"author":[{"embeddable":true,"href":"https:\/\/bojornal.pt\/index.php?rest_route=\/wp\/v2\/users\/2"}],"replies":[{"embeddable":true,"href":"https:\/\/bojornal.pt\/index.php?rest_route=%2Fwp%2Fv2%2Fcomments&post=11828"}],"version-history":[{"count":0,"href":"https:\/\/bojornal.pt\/index.php?rest_route=\/wp\/v2\/posts\/11828\/revisions"}],"wp:featuredmedia":[{"embeddable":true,"href":"https:\/\/bojornal.pt\/index.php?rest_route=\/wp\/v2\/media\/11830"}],"wp:attachment":[{"href":"https:\/\/bojornal.pt\/index.php?rest_route=%2Fwp%2Fv2%2Fmedia&parent=11828"}],"wp:term":[{"taxonomy":"category","embeddable":true,"href":"https:\/\/bojornal.pt\/index.php?rest_route=%2Fwp%2Fv2%2Fcategories&post=11828"},{"taxonomy":"post_tag","embeddable":true,"href":"https:\/\/bojornal.pt\/index.php?rest_route=%2Fwp%2Fv2%2Ftags&post=11828"}],"curies":[{"name":"wp","href":"https:\/\/api.w.org\/{rel}","templated":true}]}}