{"id":11753,"date":"2022-06-25T00:12:00","date_gmt":"2022-06-24T23:12:00","guid":{"rendered":"https:\/\/bojornal.pt\/?p=11753"},"modified":"2022-07-02T01:09:11","modified_gmt":"2022-07-02T00:09:11","slug":"visita-a-radio-brigantia","status":"publish","type":"post","link":"https:\/\/bojornal.pt\/?p=11753","title":{"rendered":"Visita \u00e0 R\u00e1dio Brigantia"},"content":{"rendered":"\n<p><strong><em>Alunos do 8\u00baC tiveram um contacto mais pr\u00f3ximo com o fen\u00f3meno da r\u00e1dio<\/em><\/strong><\/p>\n\n\n\n<figure class=\"wp-block-gallery has-nested-images columns-default is-cropped wp-block-gallery-1 is-layout-flex wp-block-gallery-is-layout-flex\">\n<figure class=\"wp-block-image size-large is-style-default\"><img loading=\"lazy\" decoding=\"async\" width=\"1024\" height=\"768\" data-id=\"11812\" src=\"https:\/\/bojornal.pt\/wp-content\/uploads\/2022\/07\/visita-a-brigantia-8c-1-1024x768.jpg\" alt=\"\" class=\"wp-image-11812\" srcset=\"https:\/\/bojornal.pt\/wp-content\/uploads\/2022\/07\/visita-a-brigantia-8c-1-1024x768.jpg 1024w, https:\/\/bojornal.pt\/wp-content\/uploads\/2022\/07\/visita-a-brigantia-8c-1-300x225.jpg 300w, https:\/\/bojornal.pt\/wp-content\/uploads\/2022\/07\/visita-a-brigantia-8c-1-150x113.jpg 150w, https:\/\/bojornal.pt\/wp-content\/uploads\/2022\/07\/visita-a-brigantia-8c-1-768x576.jpg 768w, https:\/\/bojornal.pt\/wp-content\/uploads\/2022\/07\/visita-a-brigantia-8c-1-1536x1152.jpg 1536w, https:\/\/bojornal.pt\/wp-content\/uploads\/2022\/07\/visita-a-brigantia-8c-1-2048x1536.jpg 2048w\" sizes=\"auto, (max-width: 1024px) 100vw, 1024px\" \/><\/figure>\n\n\n\n<figure class=\"wp-block-image size-large is-style-default\"><img loading=\"lazy\" decoding=\"async\" width=\"1024\" height=\"768\" data-id=\"11815\" src=\"https:\/\/bojornal.pt\/wp-content\/uploads\/2022\/07\/visita-a-brigantia-8c-2-1024x768.jpg\" alt=\"\" class=\"wp-image-11815\" srcset=\"https:\/\/bojornal.pt\/wp-content\/uploads\/2022\/07\/visita-a-brigantia-8c-2-1024x768.jpg 1024w, https:\/\/bojornal.pt\/wp-content\/uploads\/2022\/07\/visita-a-brigantia-8c-2-300x225.jpg 300w, https:\/\/bojornal.pt\/wp-content\/uploads\/2022\/07\/visita-a-brigantia-8c-2-150x113.jpg 150w, https:\/\/bojornal.pt\/wp-content\/uploads\/2022\/07\/visita-a-brigantia-8c-2-768x576.jpg 768w, https:\/\/bojornal.pt\/wp-content\/uploads\/2022\/07\/visita-a-brigantia-8c-2-1536x1152.jpg 1536w, https:\/\/bojornal.pt\/wp-content\/uploads\/2022\/07\/visita-a-brigantia-8c-2-2048x1536.jpg 2048w\" sizes=\"auto, (max-width: 1024px) 100vw, 1024px\" \/><\/figure>\n\n\n\n<figure class=\"wp-block-image size-large is-style-default\"><img loading=\"lazy\" decoding=\"async\" width=\"1024\" height=\"768\" data-id=\"11816\" src=\"https:\/\/bojornal.pt\/wp-content\/uploads\/2022\/07\/visita-a-brigantia-8c-3-1024x768.jpg\" alt=\"\" class=\"wp-image-11816\" srcset=\"https:\/\/bojornal.pt\/wp-content\/uploads\/2022\/07\/visita-a-brigantia-8c-3-1024x768.jpg 1024w, https:\/\/bojornal.pt\/wp-content\/uploads\/2022\/07\/visita-a-brigantia-8c-3-300x225.jpg 300w, https:\/\/bojornal.pt\/wp-content\/uploads\/2022\/07\/visita-a-brigantia-8c-3-150x113.jpg 150w, https:\/\/bojornal.pt\/wp-content\/uploads\/2022\/07\/visita-a-brigantia-8c-3-768x576.jpg 768w, https:\/\/bojornal.pt\/wp-content\/uploads\/2022\/07\/visita-a-brigantia-8c-3-1536x1152.jpg 1536w, https:\/\/bojornal.pt\/wp-content\/uploads\/2022\/07\/visita-a-brigantia-8c-3-2048x1536.jpg 2048w\" sizes=\"auto, (max-width: 1024px) 100vw, 1024px\" \/><\/figure>\n\n\n\n<figure class=\"wp-block-image size-large is-style-default\"><img loading=\"lazy\" decoding=\"async\" width=\"1024\" height=\"768\" data-id=\"11817\" src=\"https:\/\/bojornal.pt\/wp-content\/uploads\/2022\/07\/visita-a-brigantia-8c-4-1024x768.jpg\" alt=\"\" class=\"wp-image-11817\" srcset=\"https:\/\/bojornal.pt\/wp-content\/uploads\/2022\/07\/visita-a-brigantia-8c-4-1024x768.jpg 1024w, https:\/\/bojornal.pt\/wp-content\/uploads\/2022\/07\/visita-a-brigantia-8c-4-300x225.jpg 300w, https:\/\/bojornal.pt\/wp-content\/uploads\/2022\/07\/visita-a-brigantia-8c-4-150x113.jpg 150w, https:\/\/bojornal.pt\/wp-content\/uploads\/2022\/07\/visita-a-brigantia-8c-4-768x576.jpg 768w, https:\/\/bojornal.pt\/wp-content\/uploads\/2022\/07\/visita-a-brigantia-8c-4-1536x1152.jpg 1536w, https:\/\/bojornal.pt\/wp-content\/uploads\/2022\/07\/visita-a-brigantia-8c-4-2048x1536.jpg 2048w\" sizes=\"auto, (max-width: 1024px) 100vw, 1024px\" \/><\/figure>\n\n\n\n<figure class=\"wp-block-image size-large is-style-default\"><img loading=\"lazy\" decoding=\"async\" width=\"1024\" height=\"768\" data-id=\"11814\" src=\"https:\/\/bojornal.pt\/wp-content\/uploads\/2022\/07\/visita-a-brigantia-8c-5-1024x768.jpg\" alt=\"\" class=\"wp-image-11814\" srcset=\"https:\/\/bojornal.pt\/wp-content\/uploads\/2022\/07\/visita-a-brigantia-8c-5-1024x768.jpg 1024w, https:\/\/bojornal.pt\/wp-content\/uploads\/2022\/07\/visita-a-brigantia-8c-5-300x225.jpg 300w, https:\/\/bojornal.pt\/wp-content\/uploads\/2022\/07\/visita-a-brigantia-8c-5-150x113.jpg 150w, https:\/\/bojornal.pt\/wp-content\/uploads\/2022\/07\/visita-a-brigantia-8c-5-768x576.jpg 768w, https:\/\/bojornal.pt\/wp-content\/uploads\/2022\/07\/visita-a-brigantia-8c-5-1536x1152.jpg 1536w, https:\/\/bojornal.pt\/wp-content\/uploads\/2022\/07\/visita-a-brigantia-8c-5-2048x1536.jpg 2048w\" sizes=\"auto, (max-width: 1024px) 100vw, 1024px\" \/><\/figure>\n<\/figure>\n\n\n\n<p>Acompanhados pela sua Diretora de Turma, no \u00e2mbito da disciplina de Cidadania e Desenvolvimento, os alunos do 8.\u00baC visitaram a r\u00e1dio Brigantia.<\/p>\n\n\n\n<p>Foi no dia 11 de maio que estes alunos tiveram a oportunidade de visitar as instala\u00e7\u00f5es da r\u00e1dio local Brigantia e experimentar as tecnologias utilizadas nesta r\u00e1dio, tanto as atuais como as mais antigas. Tiveram ainda a oportunidade de entrevistar algu\u00e9m como um verdadeiro radialista.<\/p>\n\n\n\n<p>Nesta visita, entre outras coisas, aprenderam como era feita a transmiss\u00e3o FM e AM ou que a dist\u00e2ncia de alcance para as transmiss\u00f5es FM \u00e9 mais reduzida do que para as AM.<\/p>\n\n\n\n<p>Estes alunos tiveram a oportunidade de ter uma aula pr\u00e1tica para aplicar os seus conhecimentos.<\/p>\n\n\n\n<p>A visita \u00e0 r\u00e1dio Brigantia foi uma experi\u00eancia nova e educativa que lhes ensinou como funciona uma r\u00e1dio, algo que estes alunos sempre tiveram curiosidade em conhecer.<\/p>\n\n\n\n<p class=\"has-text-align-right\">&nbsp;&nbsp;&nbsp;&nbsp;&nbsp;&nbsp;&nbsp;&nbsp;&nbsp;&nbsp;&nbsp;&nbsp;&nbsp;&nbsp;&nbsp;&nbsp;&nbsp;&nbsp;&nbsp;&nbsp;&nbsp;&nbsp;&nbsp;&nbsp;&nbsp;&nbsp;&nbsp;&nbsp;&nbsp;&nbsp;&nbsp;&nbsp;&nbsp;&nbsp;&nbsp;&nbsp;&nbsp;&nbsp;&nbsp;&nbsp;&nbsp;&nbsp;&nbsp;&nbsp;&nbsp;&nbsp;&nbsp;&nbsp;                            &nbsp;Afonso Rito, Daniel Gomes e Marco Rodrigues &nbsp;(8.\u00baC)<\/p>\n","protected":false},"excerpt":{"rendered":"<p>Alunos do 8\u00baC tiveram um contacto mais pr\u00f3ximo com o fen\u00f3meno da r\u00e1dio Acompanhados pela sua Diretora de Turma, no \u00e2mbito da disciplina de Cidadania e Desenvolvimento, os alunos do 8.\u00baC visitaram a r\u00e1dio&#46;&#46;&#46;<\/p>\n","protected":false},"author":2,"featured_media":11814,"comment_status":"closed","ping_status":"open","sticky":false,"template":"","format":"standard","meta":{"footnotes":""},"categories":[2,9,16],"tags":[],"class_list":["post-11753","post","type-post","status-publish","format-standard","has-post-thumbnail","hentry","category-atualidade","category-em-foco","category-escola-secundaria-emidio-garcia"],"_links":{"self":[{"href":"https:\/\/bojornal.pt\/index.php?rest_route=\/wp\/v2\/posts\/11753","targetHints":{"allow":["GET"]}}],"collection":[{"href":"https:\/\/bojornal.pt\/index.php?rest_route=\/wp\/v2\/posts"}],"about":[{"href":"https:\/\/bojornal.pt\/index.php?rest_route=\/wp\/v2\/types\/post"}],"author":[{"embeddable":true,"href":"https:\/\/bojornal.pt\/index.php?rest_route=\/wp\/v2\/users\/2"}],"replies":[{"embeddable":true,"href":"https:\/\/bojornal.pt\/index.php?rest_route=%2Fwp%2Fv2%2Fcomments&post=11753"}],"version-history":[{"count":0,"href":"https:\/\/bojornal.pt\/index.php?rest_route=\/wp\/v2\/posts\/11753\/revisions"}],"wp:featuredmedia":[{"embeddable":true,"href":"https:\/\/bojornal.pt\/index.php?rest_route=\/wp\/v2\/media\/11814"}],"wp:attachment":[{"href":"https:\/\/bojornal.pt\/index.php?rest_route=%2Fwp%2Fv2%2Fmedia&parent=11753"}],"wp:term":[{"taxonomy":"category","embeddable":true,"href":"https:\/\/bojornal.pt\/index.php?rest_route=%2Fwp%2Fv2%2Fcategories&post=11753"},{"taxonomy":"post_tag","embeddable":true,"href":"https:\/\/bojornal.pt\/index.php?rest_route=%2Fwp%2Fv2%2Ftags&post=11753"}],"curies":[{"name":"wp","href":"https:\/\/api.w.org\/{rel}","templated":true}]}}