{"id":11735,"date":"2022-06-13T09:52:00","date_gmt":"2022-06-13T08:52:00","guid":{"rendered":"https:\/\/bojornal.pt\/?p=11735"},"modified":"2022-06-13T10:03:20","modified_gmt":"2022-06-13T09:03:20","slug":"alunos-do-liceu-destacam-se-no-xadrez","status":"publish","type":"post","link":"https:\/\/bojornal.pt\/?p=11735","title":{"rendered":"Alunos do Liceu destacam-se no Torneio Interescolar de Xadrez"},"content":{"rendered":"\n<p><strong><em>Pedro Maltez venceu o XII Torneio Interescolar de Xadrez \u201cCidade de Bragan\u00e7a\u201d<\/em><\/strong><\/p>\n\n\n\n<figure class=\"wp-block-image size-full is-style-default\"><img loading=\"lazy\" decoding=\"async\" width=\"900\" height=\"600\" src=\"https:\/\/bojornal.pt\/wp-content\/uploads\/2022\/06\/Torneio-Xadrez.jpg\" alt=\"\" class=\"wp-image-11736\" srcset=\"https:\/\/bojornal.pt\/wp-content\/uploads\/2022\/06\/Torneio-Xadrez.jpg 900w, https:\/\/bojornal.pt\/wp-content\/uploads\/2022\/06\/Torneio-Xadrez-300x200.jpg 300w, https:\/\/bojornal.pt\/wp-content\/uploads\/2022\/06\/Torneio-Xadrez-150x100.jpg 150w, https:\/\/bojornal.pt\/wp-content\/uploads\/2022\/06\/Torneio-Xadrez-768x512.jpg 768w\" sizes=\"auto, (max-width: 900px) 100vw, 900px\" \/><\/figure>\n\n\n\n<p>O Agrupamento de Escolas Em\u00eddio Garcia distinguiu-se no XII Torneio Interescolar de Xadrez \u201cCidade de Bragan\u00e7a\u201d. Os tr\u00eas alunos do Liceu que participaram no evento ficaram no top 4 da classifica\u00e7\u00e3o, destacando-se o aluno Pedro Maltez, o grande vencedor da prova, na sua categoria. Al\u00e9m de Pedro Maltez, participaram os alunos Jos\u00e9 Bragada e Alexandre Cabral.<\/p>\n\n\n\n<p>O Torneio Interescolar de Xadrez &#8220;Cidade de Bragan\u00e7a&#8221; decorreu no Bragan\u00e7a Shopping e contou\u00a0com a participa\u00e7\u00e3o de cerca de 50 alunos das escolas Em\u00eddio Garcia, Abade Ba\u00e7al, Augusto Moreno, Izeda e Nadir Afonso de Chaves.<\/p>\n","protected":false},"excerpt":{"rendered":"<p>Pedro Maltez venceu o XII Torneio Interescolar de Xadrez \u201cCidade de Bragan\u00e7a\u201d O Agrupamento de Escolas Em\u00eddio Garcia distinguiu-se no XII Torneio Interescolar de Xadrez \u201cCidade de Bragan\u00e7a\u201d. Os tr\u00eas alunos do Liceu que&#46;&#46;&#46;<\/p>\n","protected":false},"author":2,"featured_media":11736,"comment_status":"closed","ping_status":"open","sticky":false,"template":"","format":"standard","meta":{"footnotes":""},"categories":[2,9,16],"tags":[],"class_list":["post-11735","post","type-post","status-publish","format-standard","has-post-thumbnail","hentry","category-atualidade","category-em-foco","category-escola-secundaria-emidio-garcia"],"_links":{"self":[{"href":"https:\/\/bojornal.pt\/index.php?rest_route=\/wp\/v2\/posts\/11735","targetHints":{"allow":["GET"]}}],"collection":[{"href":"https:\/\/bojornal.pt\/index.php?rest_route=\/wp\/v2\/posts"}],"about":[{"href":"https:\/\/bojornal.pt\/index.php?rest_route=\/wp\/v2\/types\/post"}],"author":[{"embeddable":true,"href":"https:\/\/bojornal.pt\/index.php?rest_route=\/wp\/v2\/users\/2"}],"replies":[{"embeddable":true,"href":"https:\/\/bojornal.pt\/index.php?rest_route=%2Fwp%2Fv2%2Fcomments&post=11735"}],"version-history":[{"count":0,"href":"https:\/\/bojornal.pt\/index.php?rest_route=\/wp\/v2\/posts\/11735\/revisions"}],"wp:featuredmedia":[{"embeddable":true,"href":"https:\/\/bojornal.pt\/index.php?rest_route=\/wp\/v2\/media\/11736"}],"wp:attachment":[{"href":"https:\/\/bojornal.pt\/index.php?rest_route=%2Fwp%2Fv2%2Fmedia&parent=11735"}],"wp:term":[{"taxonomy":"category","embeddable":true,"href":"https:\/\/bojornal.pt\/index.php?rest_route=%2Fwp%2Fv2%2Fcategories&post=11735"},{"taxonomy":"post_tag","embeddable":true,"href":"https:\/\/bojornal.pt\/index.php?rest_route=%2Fwp%2Fv2%2Ftags&post=11735"}],"curies":[{"name":"wp","href":"https:\/\/api.w.org\/{rel}","templated":true}]}}