{"id":11683,"date":"2022-06-06T18:18:00","date_gmt":"2022-06-06T17:18:00","guid":{"rendered":"https:\/\/bojornal.pt\/?p=11683"},"modified":"2022-06-08T18:20:37","modified_gmt":"2022-06-08T17:20:37","slug":"exposicao-agentes-patogenicos-e-imunidade","status":"publish","type":"post","link":"https:\/\/bojornal.pt\/?p=11683","title":{"rendered":"Exposi\u00e7\u00e3o: Agentes patog\u00e9nicos e imunidade"},"content":{"rendered":"\n<figure class=\"wp-block-gallery has-nested-images columns-default is-cropped wp-block-gallery-1 is-layout-flex wp-block-gallery-is-layout-flex\">\n<figure class=\"wp-block-image size-large is-style-default\"><img loading=\"lazy\" decoding=\"async\" width=\"1024\" height=\"473\" data-id=\"11684\" src=\"https:\/\/bojornal.pt\/wp-content\/uploads\/2022\/06\/Agentes-patogenicos-1-1024x473.jpg\" alt=\"\" class=\"wp-image-11684\" srcset=\"https:\/\/bojornal.pt\/wp-content\/uploads\/2022\/06\/Agentes-patogenicos-1-1024x473.jpg 1024w, https:\/\/bojornal.pt\/wp-content\/uploads\/2022\/06\/Agentes-patogenicos-1-300x139.jpg 300w, https:\/\/bojornal.pt\/wp-content\/uploads\/2022\/06\/Agentes-patogenicos-1-150x69.jpg 150w, https:\/\/bojornal.pt\/wp-content\/uploads\/2022\/06\/Agentes-patogenicos-1-768x355.jpg 768w, https:\/\/bojornal.pt\/wp-content\/uploads\/2022\/06\/Agentes-patogenicos-1-1536x710.jpg 1536w, https:\/\/bojornal.pt\/wp-content\/uploads\/2022\/06\/Agentes-patogenicos-1-2048x947.jpg 2048w\" sizes=\"auto, (max-width: 1024px) 100vw, 1024px\" \/><\/figure>\n\n\n\n<figure class=\"wp-block-image size-large is-style-default\"><img loading=\"lazy\" decoding=\"async\" width=\"1024\" height=\"473\" data-id=\"11685\" src=\"https:\/\/bojornal.pt\/wp-content\/uploads\/2022\/06\/Agentes-patogenicos-2-1024x473.jpg\" alt=\"\" class=\"wp-image-11685\" srcset=\"https:\/\/bojornal.pt\/wp-content\/uploads\/2022\/06\/Agentes-patogenicos-2-1024x473.jpg 1024w, https:\/\/bojornal.pt\/wp-content\/uploads\/2022\/06\/Agentes-patogenicos-2-300x139.jpg 300w, https:\/\/bojornal.pt\/wp-content\/uploads\/2022\/06\/Agentes-patogenicos-2-150x69.jpg 150w, https:\/\/bojornal.pt\/wp-content\/uploads\/2022\/06\/Agentes-patogenicos-2-768x355.jpg 768w, https:\/\/bojornal.pt\/wp-content\/uploads\/2022\/06\/Agentes-patogenicos-2-1536x710.jpg 1536w, https:\/\/bojornal.pt\/wp-content\/uploads\/2022\/06\/Agentes-patogenicos-2-2048x947.jpg 2048w\" sizes=\"auto, (max-width: 1024px) 100vw, 1024px\" \/><\/figure>\n<\/figure>\n\n\n\n<p>O \u00e1trio da Escola Em\u00eddio Garcia acolheu uma exposi\u00e7\u00e3o de trabalhos realizados pelos alunos de 12\u00ba ano, no \u00e2mbito da disciplina de Biologia. Desafiados pelo professor de Biologia, Eduardo Esteves, os alunos do 12\u00ba B e C deram asas \u00e0 imagina\u00e7\u00e3o e \u00e0 sua criatividade e procuraram atrav\u00e9s da utiliza\u00e7\u00e3o de materiais simples e reutiliz\u00e1veis recriar com mestria e rigor cient\u00edfico alguns processos relacionados com o sistema imunit\u00e1rio, assim como, apresentar modelos\/maquetas de agentes patog\u00e9nicos, nomeadamente v\u00edrus e bact\u00e9rias. Entre os principais objetivos desta iniciativa encontram-se a possibilidade de explicar diversos processos imunit\u00e1rios e promover estrat\u00e9gias de interven\u00e7\u00e3o na escola e fam\u00edlia enquanto cidad\u00e3os cientificamente informados.<\/p>\n","protected":false},"excerpt":{"rendered":"<p>O \u00e1trio da Escola Em\u00eddio Garcia acolheu uma exposi\u00e7\u00e3o de trabalhos realizados pelos alunos de 12\u00ba ano, no \u00e2mbito da disciplina de Biologia. Desafiados pelo professor de Biologia, Eduardo Esteves, os alunos do 12\u00ba&#46;&#46;&#46;<\/p>\n","protected":false},"author":2,"featured_media":11685,"comment_status":"closed","ping_status":"open","sticky":false,"template":"","format":"standard","meta":{"footnotes":""},"categories":[2,9,16],"tags":[],"class_list":["post-11683","post","type-post","status-publish","format-standard","has-post-thumbnail","hentry","category-atualidade","category-em-foco","category-escola-secundaria-emidio-garcia"],"_links":{"self":[{"href":"https:\/\/bojornal.pt\/index.php?rest_route=\/wp\/v2\/posts\/11683","targetHints":{"allow":["GET"]}}],"collection":[{"href":"https:\/\/bojornal.pt\/index.php?rest_route=\/wp\/v2\/posts"}],"about":[{"href":"https:\/\/bojornal.pt\/index.php?rest_route=\/wp\/v2\/types\/post"}],"author":[{"embeddable":true,"href":"https:\/\/bojornal.pt\/index.php?rest_route=\/wp\/v2\/users\/2"}],"replies":[{"embeddable":true,"href":"https:\/\/bojornal.pt\/index.php?rest_route=%2Fwp%2Fv2%2Fcomments&post=11683"}],"version-history":[{"count":0,"href":"https:\/\/bojornal.pt\/index.php?rest_route=\/wp\/v2\/posts\/11683\/revisions"}],"wp:featuredmedia":[{"embeddable":true,"href":"https:\/\/bojornal.pt\/index.php?rest_route=\/wp\/v2\/media\/11685"}],"wp:attachment":[{"href":"https:\/\/bojornal.pt\/index.php?rest_route=%2Fwp%2Fv2%2Fmedia&parent=11683"}],"wp:term":[{"taxonomy":"category","embeddable":true,"href":"https:\/\/bojornal.pt\/index.php?rest_route=%2Fwp%2Fv2%2Fcategories&post=11683"},{"taxonomy":"post_tag","embeddable":true,"href":"https:\/\/bojornal.pt\/index.php?rest_route=%2Fwp%2Fv2%2Ftags&post=11683"}],"curies":[{"name":"wp","href":"https:\/\/api.w.org\/{rel}","templated":true}]}}