{"id":11643,"date":"2022-06-06T10:18:10","date_gmt":"2022-06-06T09:18:10","guid":{"rendered":"https:\/\/bojornal.pt\/?p=11643"},"modified":"2022-06-06T10:18:13","modified_gmt":"2022-06-06T09:18:13","slug":"bencao-de-finalistas","status":"publish","type":"post","link":"https:\/\/bojornal.pt\/?p=11643","title":{"rendered":"B\u00ean\u00e7\u00e3o de Finalistas"},"content":{"rendered":"\n<figure class=\"wp-block-gallery has-nested-images columns-default is-cropped wp-block-gallery-1 is-layout-flex wp-block-gallery-is-layout-flex\">\n<figure class=\"wp-block-image size-large is-style-default\"><img loading=\"lazy\" decoding=\"async\" width=\"1024\" height=\"683\" data-id=\"11647\" src=\"https:\/\/bojornal.pt\/wp-content\/uploads\/2022\/06\/Bencao-Finalistas3-1-1024x683.jpg\" alt=\"\" class=\"wp-image-11647\" srcset=\"https:\/\/bojornal.pt\/wp-content\/uploads\/2022\/06\/Bencao-Finalistas3-1-1024x683.jpg 1024w, https:\/\/bojornal.pt\/wp-content\/uploads\/2022\/06\/Bencao-Finalistas3-1-300x200.jpg 300w, https:\/\/bojornal.pt\/wp-content\/uploads\/2022\/06\/Bencao-Finalistas3-1-150x100.jpg 150w, https:\/\/bojornal.pt\/wp-content\/uploads\/2022\/06\/Bencao-Finalistas3-1-768x512.jpg 768w, https:\/\/bojornal.pt\/wp-content\/uploads\/2022\/06\/Bencao-Finalistas3-1-1536x1024.jpg 1536w, https:\/\/bojornal.pt\/wp-content\/uploads\/2022\/06\/Bencao-Finalistas3-1.jpg 2048w\" sizes=\"auto, (max-width: 1024px) 100vw, 1024px\" \/><\/figure>\n\n\n\n<figure class=\"wp-block-image size-large is-style-default\"><img loading=\"lazy\" decoding=\"async\" width=\"1024\" height=\"683\" data-id=\"11644\" src=\"https:\/\/bojornal.pt\/wp-content\/uploads\/2022\/06\/Bencao-Finalistas2-1-1024x683.jpg\" alt=\"\" class=\"wp-image-11644\" srcset=\"https:\/\/bojornal.pt\/wp-content\/uploads\/2022\/06\/Bencao-Finalistas2-1-1024x683.jpg 1024w, https:\/\/bojornal.pt\/wp-content\/uploads\/2022\/06\/Bencao-Finalistas2-1-300x200.jpg 300w, https:\/\/bojornal.pt\/wp-content\/uploads\/2022\/06\/Bencao-Finalistas2-1-150x100.jpg 150w, https:\/\/bojornal.pt\/wp-content\/uploads\/2022\/06\/Bencao-Finalistas2-1-768x512.jpg 768w, https:\/\/bojornal.pt\/wp-content\/uploads\/2022\/06\/Bencao-Finalistas2-1-1536x1024.jpg 1536w, https:\/\/bojornal.pt\/wp-content\/uploads\/2022\/06\/Bencao-Finalistas2-1.jpg 2048w\" sizes=\"auto, (max-width: 1024px) 100vw, 1024px\" \/><\/figure>\n\n\n\n<figure class=\"wp-block-image size-large is-style-default\"><img loading=\"lazy\" decoding=\"async\" width=\"1024\" height=\"683\" data-id=\"11645\" src=\"https:\/\/bojornal.pt\/wp-content\/uploads\/2022\/06\/Bencao-Finalistas1-1-1024x683.jpg\" alt=\"\" class=\"wp-image-11645\" srcset=\"https:\/\/bojornal.pt\/wp-content\/uploads\/2022\/06\/Bencao-Finalistas1-1-1024x683.jpg 1024w, https:\/\/bojornal.pt\/wp-content\/uploads\/2022\/06\/Bencao-Finalistas1-1-300x200.jpg 300w, https:\/\/bojornal.pt\/wp-content\/uploads\/2022\/06\/Bencao-Finalistas1-1-150x100.jpg 150w, https:\/\/bojornal.pt\/wp-content\/uploads\/2022\/06\/Bencao-Finalistas1-1-768x512.jpg 768w, https:\/\/bojornal.pt\/wp-content\/uploads\/2022\/06\/Bencao-Finalistas1-1-1536x1024.jpg 1536w, https:\/\/bojornal.pt\/wp-content\/uploads\/2022\/06\/Bencao-Finalistas1-1.jpg 2048w\" sizes=\"auto, (max-width: 1024px) 100vw, 1024px\" \/><\/figure>\n\n\n\n<figure class=\"wp-block-image size-large is-style-default\"><img loading=\"lazy\" decoding=\"async\" width=\"1024\" height=\"683\" data-id=\"11654\" src=\"https:\/\/bojornal.pt\/wp-content\/uploads\/2022\/06\/Bencao-de-Finalistas-2022-2-1024x683.jpg\" alt=\"\" class=\"wp-image-11654\" srcset=\"https:\/\/bojornal.pt\/wp-content\/uploads\/2022\/06\/Bencao-de-Finalistas-2022-2-1024x683.jpg 1024w, https:\/\/bojornal.pt\/wp-content\/uploads\/2022\/06\/Bencao-de-Finalistas-2022-2-300x200.jpg 300w, https:\/\/bojornal.pt\/wp-content\/uploads\/2022\/06\/Bencao-de-Finalistas-2022-2-150x100.jpg 150w, https:\/\/bojornal.pt\/wp-content\/uploads\/2022\/06\/Bencao-de-Finalistas-2022-2-768x512.jpg 768w, https:\/\/bojornal.pt\/wp-content\/uploads\/2022\/06\/Bencao-de-Finalistas-2022-2-1536x1024.jpg 1536w, https:\/\/bojornal.pt\/wp-content\/uploads\/2022\/06\/Bencao-de-Finalistas-2022-2-2048x1365.jpg 2048w\" sizes=\"auto, (max-width: 1024px) 100vw, 1024px\" \/><\/figure>\n\n\n\n<figure class=\"wp-block-image size-large is-style-default\"><img loading=\"lazy\" decoding=\"async\" width=\"1024\" height=\"683\" data-id=\"11661\" src=\"https:\/\/bojornal.pt\/wp-content\/uploads\/2022\/06\/Bencao-de-Finalistas-2022-3-1024x683.jpg\" alt=\"\" class=\"wp-image-11661\" srcset=\"https:\/\/bojornal.pt\/wp-content\/uploads\/2022\/06\/Bencao-de-Finalistas-2022-3-1024x683.jpg 1024w, https:\/\/bojornal.pt\/wp-content\/uploads\/2022\/06\/Bencao-de-Finalistas-2022-3-300x200.jpg 300w, https:\/\/bojornal.pt\/wp-content\/uploads\/2022\/06\/Bencao-de-Finalistas-2022-3-150x100.jpg 150w, https:\/\/bojornal.pt\/wp-content\/uploads\/2022\/06\/Bencao-de-Finalistas-2022-3-768x512.jpg 768w, https:\/\/bojornal.pt\/wp-content\/uploads\/2022\/06\/Bencao-de-Finalistas-2022-3-1536x1024.jpg 1536w, https:\/\/bojornal.pt\/wp-content\/uploads\/2022\/06\/Bencao-de-Finalistas-2022-3-2048x1365.jpg 2048w\" sizes=\"auto, (max-width: 1024px) 100vw, 1024px\" \/><\/figure>\n\n\n\n<figure class=\"wp-block-image size-large is-style-default\"><img loading=\"lazy\" decoding=\"async\" width=\"1024\" height=\"683\" data-id=\"11655\" src=\"https:\/\/bojornal.pt\/wp-content\/uploads\/2022\/06\/Bencao-de-Finalistas-2022-4-1024x683.jpg\" alt=\"\" class=\"wp-image-11655\" srcset=\"https:\/\/bojornal.pt\/wp-content\/uploads\/2022\/06\/Bencao-de-Finalistas-2022-4-1024x683.jpg 1024w, https:\/\/bojornal.pt\/wp-content\/uploads\/2022\/06\/Bencao-de-Finalistas-2022-4-300x200.jpg 300w, https:\/\/bojornal.pt\/wp-content\/uploads\/2022\/06\/Bencao-de-Finalistas-2022-4-150x100.jpg 150w, https:\/\/bojornal.pt\/wp-content\/uploads\/2022\/06\/Bencao-de-Finalistas-2022-4-768x512.jpg 768w, https:\/\/bojornal.pt\/wp-content\/uploads\/2022\/06\/Bencao-de-Finalistas-2022-4-1536x1024.jpg 1536w, https:\/\/bojornal.pt\/wp-content\/uploads\/2022\/06\/Bencao-de-Finalistas-2022-4-2048x1365.jpg 2048w\" sizes=\"auto, (max-width: 1024px) 100vw, 1024px\" \/><\/figure>\n\n\n\n<figure class=\"wp-block-image size-large is-style-default\"><img loading=\"lazy\" decoding=\"async\" width=\"1024\" height=\"683\" data-id=\"11658\" src=\"https:\/\/bojornal.pt\/wp-content\/uploads\/2022\/06\/Bencao-de-Finalistas-2022-7-1024x683.jpg\" alt=\"\" class=\"wp-image-11658\" srcset=\"https:\/\/bojornal.pt\/wp-content\/uploads\/2022\/06\/Bencao-de-Finalistas-2022-7-1024x683.jpg 1024w, https:\/\/bojornal.pt\/wp-content\/uploads\/2022\/06\/Bencao-de-Finalistas-2022-7-300x200.jpg 300w, https:\/\/bojornal.pt\/wp-content\/uploads\/2022\/06\/Bencao-de-Finalistas-2022-7-150x100.jpg 150w, https:\/\/bojornal.pt\/wp-content\/uploads\/2022\/06\/Bencao-de-Finalistas-2022-7-768x512.jpg 768w, https:\/\/bojornal.pt\/wp-content\/uploads\/2022\/06\/Bencao-de-Finalistas-2022-7-1536x1024.jpg 1536w, https:\/\/bojornal.pt\/wp-content\/uploads\/2022\/06\/Bencao-de-Finalistas-2022-7-2048x1365.jpg 2048w\" sizes=\"auto, (max-width: 1024px) 100vw, 1024px\" \/><\/figure>\n\n\n\n<figure class=\"wp-block-image size-large is-style-default\"><img loading=\"lazy\" decoding=\"async\" width=\"1024\" height=\"683\" data-id=\"11659\" src=\"https:\/\/bojornal.pt\/wp-content\/uploads\/2022\/06\/Bencao-de-Finalistas-2022-8-1024x683.jpg\" alt=\"\" class=\"wp-image-11659\" srcset=\"https:\/\/bojornal.pt\/wp-content\/uploads\/2022\/06\/Bencao-de-Finalistas-2022-8-1024x683.jpg 1024w, https:\/\/bojornal.pt\/wp-content\/uploads\/2022\/06\/Bencao-de-Finalistas-2022-8-300x200.jpg 300w, https:\/\/bojornal.pt\/wp-content\/uploads\/2022\/06\/Bencao-de-Finalistas-2022-8-150x100.jpg 150w, https:\/\/bojornal.pt\/wp-content\/uploads\/2022\/06\/Bencao-de-Finalistas-2022-8-768x512.jpg 768w, https:\/\/bojornal.pt\/wp-content\/uploads\/2022\/06\/Bencao-de-Finalistas-2022-8-1536x1024.jpg 1536w, https:\/\/bojornal.pt\/wp-content\/uploads\/2022\/06\/Bencao-de-Finalistas-2022-8-2048x1365.jpg 2048w\" sizes=\"auto, (max-width: 1024px) 100vw, 1024px\" \/><\/figure>\n\n\n\n<figure class=\"wp-block-image size-large is-style-default\"><img loading=\"lazy\" decoding=\"async\" width=\"1024\" height=\"683\" data-id=\"11648\" src=\"https:\/\/bojornal.pt\/wp-content\/uploads\/2022\/06\/Bencao-de-Finalistas-2022-13-1024x683.jpg\" alt=\"\" class=\"wp-image-11648\" srcset=\"https:\/\/bojornal.pt\/wp-content\/uploads\/2022\/06\/Bencao-de-Finalistas-2022-13-1024x683.jpg 1024w, https:\/\/bojornal.pt\/wp-content\/uploads\/2022\/06\/Bencao-de-Finalistas-2022-13-300x200.jpg 300w, https:\/\/bojornal.pt\/wp-content\/uploads\/2022\/06\/Bencao-de-Finalistas-2022-13-150x100.jpg 150w, https:\/\/bojornal.pt\/wp-content\/uploads\/2022\/06\/Bencao-de-Finalistas-2022-13-768x512.jpg 768w, https:\/\/bojornal.pt\/wp-content\/uploads\/2022\/06\/Bencao-de-Finalistas-2022-13-1536x1024.jpg 1536w, https:\/\/bojornal.pt\/wp-content\/uploads\/2022\/06\/Bencao-de-Finalistas-2022-13-2048x1365.jpg 2048w\" sizes=\"auto, (max-width: 1024px) 100vw, 1024px\" \/><\/figure>\n\n\n\n<figure class=\"wp-block-image size-large is-style-default\"><img loading=\"lazy\" decoding=\"async\" width=\"1024\" height=\"683\" data-id=\"11665\" src=\"https:\/\/bojornal.pt\/wp-content\/uploads\/2022\/06\/Bencao-de-Finalistas-2022-17-1024x683.jpg\" alt=\"\" class=\"wp-image-11665\" srcset=\"https:\/\/bojornal.pt\/wp-content\/uploads\/2022\/06\/Bencao-de-Finalistas-2022-17-1024x683.jpg 1024w, https:\/\/bojornal.pt\/wp-content\/uploads\/2022\/06\/Bencao-de-Finalistas-2022-17-300x200.jpg 300w, https:\/\/bojornal.pt\/wp-content\/uploads\/2022\/06\/Bencao-de-Finalistas-2022-17-150x100.jpg 150w, https:\/\/bojornal.pt\/wp-content\/uploads\/2022\/06\/Bencao-de-Finalistas-2022-17-768x512.jpg 768w, https:\/\/bojornal.pt\/wp-content\/uploads\/2022\/06\/Bencao-de-Finalistas-2022-17-1536x1024.jpg 1536w, https:\/\/bojornal.pt\/wp-content\/uploads\/2022\/06\/Bencao-de-Finalistas-2022-17-2048x1365.jpg 2048w\" sizes=\"auto, (max-width: 1024px) 100vw, 1024px\" \/><\/figure>\n\n\n\n<figure class=\"wp-block-image size-large is-style-default\"><img loading=\"lazy\" decoding=\"async\" width=\"1024\" height=\"683\" data-id=\"11663\" src=\"https:\/\/bojornal.pt\/wp-content\/uploads\/2022\/06\/Bencao-de-Finalistas-2022-18-1024x683.jpg\" alt=\"\" class=\"wp-image-11663\" srcset=\"https:\/\/bojornal.pt\/wp-content\/uploads\/2022\/06\/Bencao-de-Finalistas-2022-18-1024x683.jpg 1024w, https:\/\/bojornal.pt\/wp-content\/uploads\/2022\/06\/Bencao-de-Finalistas-2022-18-300x200.jpg 300w, https:\/\/bojornal.pt\/wp-content\/uploads\/2022\/06\/Bencao-de-Finalistas-2022-18-150x100.jpg 150w, https:\/\/bojornal.pt\/wp-content\/uploads\/2022\/06\/Bencao-de-Finalistas-2022-18-768x512.jpg 768w, https:\/\/bojornal.pt\/wp-content\/uploads\/2022\/06\/Bencao-de-Finalistas-2022-18-1536x1024.jpg 1536w, https:\/\/bojornal.pt\/wp-content\/uploads\/2022\/06\/Bencao-de-Finalistas-2022-18-2048x1365.jpg 2048w\" sizes=\"auto, (max-width: 1024px) 100vw, 1024px\" \/><\/figure>\n\n\n\n<figure class=\"wp-block-image size-large is-style-default\"><img loading=\"lazy\" decoding=\"async\" width=\"1024\" height=\"683\" data-id=\"11657\" src=\"https:\/\/bojornal.pt\/wp-content\/uploads\/2022\/06\/Bencao-de-Finalistas-2022-23-1024x683.jpg\" alt=\"\" class=\"wp-image-11657\" srcset=\"https:\/\/bojornal.pt\/wp-content\/uploads\/2022\/06\/Bencao-de-Finalistas-2022-23-1024x683.jpg 1024w, https:\/\/bojornal.pt\/wp-content\/uploads\/2022\/06\/Bencao-de-Finalistas-2022-23-300x200.jpg 300w, https:\/\/bojornal.pt\/wp-content\/uploads\/2022\/06\/Bencao-de-Finalistas-2022-23-150x100.jpg 150w, https:\/\/bojornal.pt\/wp-content\/uploads\/2022\/06\/Bencao-de-Finalistas-2022-23-768x512.jpg 768w, https:\/\/bojornal.pt\/wp-content\/uploads\/2022\/06\/Bencao-de-Finalistas-2022-23-1536x1024.jpg 1536w, https:\/\/bojornal.pt\/wp-content\/uploads\/2022\/06\/Bencao-de-Finalistas-2022-23-2048x1365.jpg 2048w\" sizes=\"auto, (max-width: 1024px) 100vw, 1024px\" \/><\/figure>\n\n\n\n<figure class=\"wp-block-image size-large is-style-default\"><img loading=\"lazy\" decoding=\"async\" width=\"1024\" height=\"683\" data-id=\"11660\" src=\"https:\/\/bojornal.pt\/wp-content\/uploads\/2022\/06\/Bencao-de-Finalistas-2022-24-1024x683.jpg\" alt=\"\" class=\"wp-image-11660\" srcset=\"https:\/\/bojornal.pt\/wp-content\/uploads\/2022\/06\/Bencao-de-Finalistas-2022-24-1024x683.jpg 1024w, https:\/\/bojornal.pt\/wp-content\/uploads\/2022\/06\/Bencao-de-Finalistas-2022-24-300x200.jpg 300w, https:\/\/bojornal.pt\/wp-content\/uploads\/2022\/06\/Bencao-de-Finalistas-2022-24-150x100.jpg 150w, https:\/\/bojornal.pt\/wp-content\/uploads\/2022\/06\/Bencao-de-Finalistas-2022-24-768x512.jpg 768w, https:\/\/bojornal.pt\/wp-content\/uploads\/2022\/06\/Bencao-de-Finalistas-2022-24-1536x1024.jpg 1536w, https:\/\/bojornal.pt\/wp-content\/uploads\/2022\/06\/Bencao-de-Finalistas-2022-24-2048x1365.jpg 2048w\" sizes=\"auto, (max-width: 1024px) 100vw, 1024px\" \/><\/figure>\n\n\n\n<figure class=\"wp-block-image size-large is-style-default\"><img loading=\"lazy\" decoding=\"async\" width=\"1024\" height=\"683\" data-id=\"11664\" src=\"https:\/\/bojornal.pt\/wp-content\/uploads\/2022\/06\/Bencao-de-Finalistas-2022-25-1024x683.jpg\" alt=\"\" class=\"wp-image-11664\" srcset=\"https:\/\/bojornal.pt\/wp-content\/uploads\/2022\/06\/Bencao-de-Finalistas-2022-25-1024x683.jpg 1024w, https:\/\/bojornal.pt\/wp-content\/uploads\/2022\/06\/Bencao-de-Finalistas-2022-25-300x200.jpg 300w, https:\/\/bojornal.pt\/wp-content\/uploads\/2022\/06\/Bencao-de-Finalistas-2022-25-150x100.jpg 150w, https:\/\/bojornal.pt\/wp-content\/uploads\/2022\/06\/Bencao-de-Finalistas-2022-25-768x512.jpg 768w, https:\/\/bojornal.pt\/wp-content\/uploads\/2022\/06\/Bencao-de-Finalistas-2022-25-1536x1024.jpg 1536w, https:\/\/bojornal.pt\/wp-content\/uploads\/2022\/06\/Bencao-de-Finalistas-2022-25-2048x1365.jpg 2048w\" sizes=\"auto, (max-width: 1024px) 100vw, 1024px\" \/><\/figure>\n\n\n\n<figure class=\"wp-block-image size-large is-style-default\"><img loading=\"lazy\" decoding=\"async\" width=\"1024\" height=\"683\" data-id=\"11646\" src=\"https:\/\/bojornal.pt\/wp-content\/uploads\/2022\/06\/Bencao-Finalistas4-1-1024x683.jpg\" alt=\"\" class=\"wp-image-11646\" srcset=\"https:\/\/bojornal.pt\/wp-content\/uploads\/2022\/06\/Bencao-Finalistas4-1-1024x683.jpg 1024w, https:\/\/bojornal.pt\/wp-content\/uploads\/2022\/06\/Bencao-Finalistas4-1-300x200.jpg 300w, https:\/\/bojornal.pt\/wp-content\/uploads\/2022\/06\/Bencao-Finalistas4-1-150x100.jpg 150w, https:\/\/bojornal.pt\/wp-content\/uploads\/2022\/06\/Bencao-Finalistas4-1-768x512.jpg 768w, https:\/\/bojornal.pt\/wp-content\/uploads\/2022\/06\/Bencao-Finalistas4-1-1536x1024.jpg 1536w, https:\/\/bojornal.pt\/wp-content\/uploads\/2022\/06\/Bencao-Finalistas4-1.jpg 2048w\" sizes=\"auto, (max-width: 1024px) 100vw, 1024px\" \/><\/figure>\n\n\n\n<figure class=\"wp-block-image size-large is-style-default\"><img loading=\"lazy\" decoding=\"async\" width=\"1024\" height=\"683\" data-id=\"11670\" src=\"https:\/\/bojornal.pt\/wp-content\/uploads\/2022\/06\/Bencao-de-Finalistas-2022-7-1-1024x683.jpg\" alt=\"\" class=\"wp-image-11670\" srcset=\"https:\/\/bojornal.pt\/wp-content\/uploads\/2022\/06\/Bencao-de-Finalistas-2022-7-1-1024x683.jpg 1024w, https:\/\/bojornal.pt\/wp-content\/uploads\/2022\/06\/Bencao-de-Finalistas-2022-7-1-300x200.jpg 300w, https:\/\/bojornal.pt\/wp-content\/uploads\/2022\/06\/Bencao-de-Finalistas-2022-7-1-150x100.jpg 150w, https:\/\/bojornal.pt\/wp-content\/uploads\/2022\/06\/Bencao-de-Finalistas-2022-7-1-768x512.jpg 768w, https:\/\/bojornal.pt\/wp-content\/uploads\/2022\/06\/Bencao-de-Finalistas-2022-7-1-1536x1024.jpg 1536w, https:\/\/bojornal.pt\/wp-content\/uploads\/2022\/06\/Bencao-de-Finalistas-2022-7-1-2048x1365.jpg 2048w\" sizes=\"auto, (max-width: 1024px) 100vw, 1024px\" \/><\/figure>\n\n\n\n<figure class=\"wp-block-image size-large is-style-default\"><img loading=\"lazy\" decoding=\"async\" width=\"1024\" height=\"683\" data-id=\"11675\" src=\"https:\/\/bojornal.pt\/wp-content\/uploads\/2022\/06\/Bencao-de-Finalistas-2022-9-1024x683.jpg\" alt=\"\" class=\"wp-image-11675\" srcset=\"https:\/\/bojornal.pt\/wp-content\/uploads\/2022\/06\/Bencao-de-Finalistas-2022-9-1024x683.jpg 1024w, https:\/\/bojornal.pt\/wp-content\/uploads\/2022\/06\/Bencao-de-Finalistas-2022-9-300x200.jpg 300w, https:\/\/bojornal.pt\/wp-content\/uploads\/2022\/06\/Bencao-de-Finalistas-2022-9-150x100.jpg 150w, https:\/\/bojornal.pt\/wp-content\/uploads\/2022\/06\/Bencao-de-Finalistas-2022-9-768x512.jpg 768w, https:\/\/bojornal.pt\/wp-content\/uploads\/2022\/06\/Bencao-de-Finalistas-2022-9-1536x1024.jpg 1536w, https:\/\/bojornal.pt\/wp-content\/uploads\/2022\/06\/Bencao-de-Finalistas-2022-9-2048x1365.jpg 2048w\" sizes=\"auto, (max-width: 1024px) 100vw, 1024px\" \/><\/figure>\n\n\n\n<figure class=\"wp-block-image size-large is-style-default\"><img loading=\"lazy\" decoding=\"async\" width=\"1024\" height=\"683\" data-id=\"11668\" src=\"https:\/\/bojornal.pt\/wp-content\/uploads\/2022\/06\/Bencao-de-Finalistas-2022-10-1-1024x683.jpg\" alt=\"\" class=\"wp-image-11668\" srcset=\"https:\/\/bojornal.pt\/wp-content\/uploads\/2022\/06\/Bencao-de-Finalistas-2022-10-1-1024x683.jpg 1024w, https:\/\/bojornal.pt\/wp-content\/uploads\/2022\/06\/Bencao-de-Finalistas-2022-10-1-300x200.jpg 300w, https:\/\/bojornal.pt\/wp-content\/uploads\/2022\/06\/Bencao-de-Finalistas-2022-10-1-150x100.jpg 150w, https:\/\/bojornal.pt\/wp-content\/uploads\/2022\/06\/Bencao-de-Finalistas-2022-10-1-768x512.jpg 768w, https:\/\/bojornal.pt\/wp-content\/uploads\/2022\/06\/Bencao-de-Finalistas-2022-10-1-1536x1024.jpg 1536w, https:\/\/bojornal.pt\/wp-content\/uploads\/2022\/06\/Bencao-de-Finalistas-2022-10-1-2048x1365.jpg 2048w\" sizes=\"auto, (max-width: 1024px) 100vw, 1024px\" \/><\/figure>\n\n\n\n<figure class=\"wp-block-image size-large is-style-default\"><img loading=\"lazy\" decoding=\"async\" width=\"1024\" height=\"683\" data-id=\"11676\" src=\"https:\/\/bojornal.pt\/wp-content\/uploads\/2022\/06\/Bencao-de-Finalistas-2022-16-1024x683.jpg\" alt=\"\" class=\"wp-image-11676\" srcset=\"https:\/\/bojornal.pt\/wp-content\/uploads\/2022\/06\/Bencao-de-Finalistas-2022-16-1024x683.jpg 1024w, https:\/\/bojornal.pt\/wp-content\/uploads\/2022\/06\/Bencao-de-Finalistas-2022-16-300x200.jpg 300w, https:\/\/bojornal.pt\/wp-content\/uploads\/2022\/06\/Bencao-de-Finalistas-2022-16-150x100.jpg 150w, https:\/\/bojornal.pt\/wp-content\/uploads\/2022\/06\/Bencao-de-Finalistas-2022-16-768x512.jpg 768w, https:\/\/bojornal.pt\/wp-content\/uploads\/2022\/06\/Bencao-de-Finalistas-2022-16-1536x1024.jpg 1536w, https:\/\/bojornal.pt\/wp-content\/uploads\/2022\/06\/Bencao-de-Finalistas-2022-16-2048x1365.jpg 2048w\" sizes=\"auto, (max-width: 1024px) 100vw, 1024px\" \/><\/figure>\n\n\n\n<figure class=\"wp-block-image size-large is-style-default\"><img loading=\"lazy\" decoding=\"async\" width=\"1024\" height=\"683\" data-id=\"11677\" src=\"https:\/\/bojornal.pt\/wp-content\/uploads\/2022\/06\/Bencao-de-Finalistas-2022-18-1-1024x683.jpg\" alt=\"\" class=\"wp-image-11677\" srcset=\"https:\/\/bojornal.pt\/wp-content\/uploads\/2022\/06\/Bencao-de-Finalistas-2022-18-1-1024x683.jpg 1024w, https:\/\/bojornal.pt\/wp-content\/uploads\/2022\/06\/Bencao-de-Finalistas-2022-18-1-300x200.jpg 300w, https:\/\/bojornal.pt\/wp-content\/uploads\/2022\/06\/Bencao-de-Finalistas-2022-18-1-150x100.jpg 150w, https:\/\/bojornal.pt\/wp-content\/uploads\/2022\/06\/Bencao-de-Finalistas-2022-18-1-768x512.jpg 768w, https:\/\/bojornal.pt\/wp-content\/uploads\/2022\/06\/Bencao-de-Finalistas-2022-18-1-1536x1024.jpg 1536w, https:\/\/bojornal.pt\/wp-content\/uploads\/2022\/06\/Bencao-de-Finalistas-2022-18-1-2048x1365.jpg 2048w\" sizes=\"auto, (max-width: 1024px) 100vw, 1024px\" \/><\/figure>\n\n\n\n<figure class=\"wp-block-image size-large is-style-default\"><img loading=\"lazy\" decoding=\"async\" width=\"1024\" height=\"683\" data-id=\"11672\" src=\"https:\/\/bojornal.pt\/wp-content\/uploads\/2022\/06\/Bencao-de-Finalistas-2022-21-1-1024x683.jpg\" alt=\"\" class=\"wp-image-11672\" srcset=\"https:\/\/bojornal.pt\/wp-content\/uploads\/2022\/06\/Bencao-de-Finalistas-2022-21-1-1024x683.jpg 1024w, https:\/\/bojornal.pt\/wp-content\/uploads\/2022\/06\/Bencao-de-Finalistas-2022-21-1-300x200.jpg 300w, https:\/\/bojornal.pt\/wp-content\/uploads\/2022\/06\/Bencao-de-Finalistas-2022-21-1-150x100.jpg 150w, https:\/\/bojornal.pt\/wp-content\/uploads\/2022\/06\/Bencao-de-Finalistas-2022-21-1-768x512.jpg 768w, https:\/\/bojornal.pt\/wp-content\/uploads\/2022\/06\/Bencao-de-Finalistas-2022-21-1-1536x1024.jpg 1536w, https:\/\/bojornal.pt\/wp-content\/uploads\/2022\/06\/Bencao-de-Finalistas-2022-21-1-2048x1365.jpg 2048w\" sizes=\"auto, (max-width: 1024px) 100vw, 1024px\" \/><\/figure>\n\n\n\n<figure class=\"wp-block-image size-large is-style-default\"><img loading=\"lazy\" decoding=\"async\" width=\"1024\" height=\"683\" data-id=\"11674\" src=\"https:\/\/bojornal.pt\/wp-content\/uploads\/2022\/06\/Bencao-de-Finalistas-2022-22-1-1024x683.jpg\" alt=\"\" class=\"wp-image-11674\" srcset=\"https:\/\/bojornal.pt\/wp-content\/uploads\/2022\/06\/Bencao-de-Finalistas-2022-22-1-1024x683.jpg 1024w, https:\/\/bojornal.pt\/wp-content\/uploads\/2022\/06\/Bencao-de-Finalistas-2022-22-1-300x200.jpg 300w, https:\/\/bojornal.pt\/wp-content\/uploads\/2022\/06\/Bencao-de-Finalistas-2022-22-1-150x100.jpg 150w, https:\/\/bojornal.pt\/wp-content\/uploads\/2022\/06\/Bencao-de-Finalistas-2022-22-1-768x512.jpg 768w, https:\/\/bojornal.pt\/wp-content\/uploads\/2022\/06\/Bencao-de-Finalistas-2022-22-1-1536x1024.jpg 1536w, https:\/\/bojornal.pt\/wp-content\/uploads\/2022\/06\/Bencao-de-Finalistas-2022-22-1-2048x1365.jpg 2048w\" sizes=\"auto, (max-width: 1024px) 100vw, 1024px\" \/><\/figure>\n\n\n\n<figure class=\"wp-block-image size-large is-style-default\"><img loading=\"lazy\" decoding=\"async\" width=\"1024\" height=\"683\" data-id=\"11671\" src=\"https:\/\/bojornal.pt\/wp-content\/uploads\/2022\/06\/Bencao-de-Finalistas-2022-23-1-1024x683.jpg\" alt=\"\" class=\"wp-image-11671\" srcset=\"https:\/\/bojornal.pt\/wp-content\/uploads\/2022\/06\/Bencao-de-Finalistas-2022-23-1-1024x683.jpg 1024w, https:\/\/bojornal.pt\/wp-content\/uploads\/2022\/06\/Bencao-de-Finalistas-2022-23-1-300x200.jpg 300w, https:\/\/bojornal.pt\/wp-content\/uploads\/2022\/06\/Bencao-de-Finalistas-2022-23-1-150x100.jpg 150w, https:\/\/bojornal.pt\/wp-content\/uploads\/2022\/06\/Bencao-de-Finalistas-2022-23-1-768x512.jpg 768w, https:\/\/bojornal.pt\/wp-content\/uploads\/2022\/06\/Bencao-de-Finalistas-2022-23-1-1536x1024.jpg 1536w, https:\/\/bojornal.pt\/wp-content\/uploads\/2022\/06\/Bencao-de-Finalistas-2022-23-1-2048x1365.jpg 2048w\" sizes=\"auto, (max-width: 1024px) 100vw, 1024px\" \/><\/figure>\n\n\n\n<figure class=\"wp-block-image size-large is-style-default\"><img loading=\"lazy\" decoding=\"async\" width=\"1024\" height=\"683\" data-id=\"11673\" src=\"https:\/\/bojornal.pt\/wp-content\/uploads\/2022\/06\/Bencao-de-Finalistas-2022-24-1-1024x683.jpg\" alt=\"\" class=\"wp-image-11673\" srcset=\"https:\/\/bojornal.pt\/wp-content\/uploads\/2022\/06\/Bencao-de-Finalistas-2022-24-1-1024x683.jpg 1024w, https:\/\/bojornal.pt\/wp-content\/uploads\/2022\/06\/Bencao-de-Finalistas-2022-24-1-300x200.jpg 300w, https:\/\/bojornal.pt\/wp-content\/uploads\/2022\/06\/Bencao-de-Finalistas-2022-24-1-150x100.jpg 150w, https:\/\/bojornal.pt\/wp-content\/uploads\/2022\/06\/Bencao-de-Finalistas-2022-24-1-768x512.jpg 768w, https:\/\/bojornal.pt\/wp-content\/uploads\/2022\/06\/Bencao-de-Finalistas-2022-24-1-1536x1024.jpg 1536w, https:\/\/bojornal.pt\/wp-content\/uploads\/2022\/06\/Bencao-de-Finalistas-2022-24-1-2048x1365.jpg 2048w\" sizes=\"auto, (max-width: 1024px) 100vw, 1024px\" \/><\/figure>\n\n\n\n<figure class=\"wp-block-image size-large is-style-default\"><img loading=\"lazy\" decoding=\"async\" width=\"1024\" height=\"683\" data-id=\"11678\" src=\"https:\/\/bojornal.pt\/wp-content\/uploads\/2022\/06\/Bencao-de-Finalistas-2022-25-1-1024x683.jpg\" alt=\"\" class=\"wp-image-11678\" srcset=\"https:\/\/bojornal.pt\/wp-content\/uploads\/2022\/06\/Bencao-de-Finalistas-2022-25-1-1024x683.jpg 1024w, https:\/\/bojornal.pt\/wp-content\/uploads\/2022\/06\/Bencao-de-Finalistas-2022-25-1-300x200.jpg 300w, https:\/\/bojornal.pt\/wp-content\/uploads\/2022\/06\/Bencao-de-Finalistas-2022-25-1-150x100.jpg 150w, https:\/\/bojornal.pt\/wp-content\/uploads\/2022\/06\/Bencao-de-Finalistas-2022-25-1-768x512.jpg 768w, https:\/\/bojornal.pt\/wp-content\/uploads\/2022\/06\/Bencao-de-Finalistas-2022-25-1-1536x1024.jpg 1536w, https:\/\/bojornal.pt\/wp-content\/uploads\/2022\/06\/Bencao-de-Finalistas-2022-25-1-2048x1365.jpg 2048w\" sizes=\"auto, (max-width: 1024px) 100vw, 1024px\" \/><\/figure>\n\n\n\n<figure class=\"wp-block-image size-large is-style-default\"><img loading=\"lazy\" decoding=\"async\" width=\"1024\" height=\"683\" data-id=\"11666\" src=\"https:\/\/bojornal.pt\/wp-content\/uploads\/2022\/06\/Bencao-Finalistas2-2-1024x683.jpg\" alt=\"\" class=\"wp-image-11666\" srcset=\"https:\/\/bojornal.pt\/wp-content\/uploads\/2022\/06\/Bencao-Finalistas2-2-1024x683.jpg 1024w, https:\/\/bojornal.pt\/wp-content\/uploads\/2022\/06\/Bencao-Finalistas2-2-300x200.jpg 300w, https:\/\/bojornal.pt\/wp-content\/uploads\/2022\/06\/Bencao-Finalistas2-2-150x100.jpg 150w, https:\/\/bojornal.pt\/wp-content\/uploads\/2022\/06\/Bencao-Finalistas2-2-768x512.jpg 768w, https:\/\/bojornal.pt\/wp-content\/uploads\/2022\/06\/Bencao-Finalistas2-2-1536x1024.jpg 1536w, https:\/\/bojornal.pt\/wp-content\/uploads\/2022\/06\/Bencao-Finalistas2-2.jpg 2048w\" sizes=\"auto, (max-width: 1024px) 100vw, 1024px\" \/><\/figure>\n\n\n\n<figure class=\"wp-block-image size-large is-style-default\"><img loading=\"lazy\" decoding=\"async\" width=\"1024\" height=\"683\" data-id=\"11679\" src=\"https:\/\/bojornal.pt\/wp-content\/uploads\/2022\/06\/Bencao-de-Finalistas-2022-5-2-1024x683.jpg\" alt=\"\" class=\"wp-image-11679\" srcset=\"https:\/\/bojornal.pt\/wp-content\/uploads\/2022\/06\/Bencao-de-Finalistas-2022-5-2-1024x683.jpg 1024w, https:\/\/bojornal.pt\/wp-content\/uploads\/2022\/06\/Bencao-de-Finalistas-2022-5-2-300x200.jpg 300w, https:\/\/bojornal.pt\/wp-content\/uploads\/2022\/06\/Bencao-de-Finalistas-2022-5-2-150x100.jpg 150w, https:\/\/bojornal.pt\/wp-content\/uploads\/2022\/06\/Bencao-de-Finalistas-2022-5-2-768x512.jpg 768w, https:\/\/bojornal.pt\/wp-content\/uploads\/2022\/06\/Bencao-de-Finalistas-2022-5-2-1536x1024.jpg 1536w, https:\/\/bojornal.pt\/wp-content\/uploads\/2022\/06\/Bencao-de-Finalistas-2022-5-2-2048x1365.jpg 2048w\" sizes=\"auto, (max-width: 1024px) 100vw, 1024px\" \/><\/figure>\n\n\n\n<figure class=\"wp-block-image size-large is-style-default\"><img loading=\"lazy\" decoding=\"async\" width=\"1024\" height=\"683\" data-id=\"11680\" src=\"https:\/\/bojornal.pt\/wp-content\/uploads\/2022\/06\/Bencao-de-Finalistas-2022-6-2-1024x683.jpg\" alt=\"\" class=\"wp-image-11680\" srcset=\"https:\/\/bojornal.pt\/wp-content\/uploads\/2022\/06\/Bencao-de-Finalistas-2022-6-2-1024x683.jpg 1024w, https:\/\/bojornal.pt\/wp-content\/uploads\/2022\/06\/Bencao-de-Finalistas-2022-6-2-300x200.jpg 300w, https:\/\/bojornal.pt\/wp-content\/uploads\/2022\/06\/Bencao-de-Finalistas-2022-6-2-150x100.jpg 150w, https:\/\/bojornal.pt\/wp-content\/uploads\/2022\/06\/Bencao-de-Finalistas-2022-6-2-768x512.jpg 768w, https:\/\/bojornal.pt\/wp-content\/uploads\/2022\/06\/Bencao-de-Finalistas-2022-6-2-1536x1024.jpg 1536w, https:\/\/bojornal.pt\/wp-content\/uploads\/2022\/06\/Bencao-de-Finalistas-2022-6-2-2048x1365.jpg 2048w\" sizes=\"auto, (max-width: 1024px) 100vw, 1024px\" \/><\/figure>\n<\/figure>\n\n\n\n<p>A Catedral de Bragan\u00e7a acolheu a tradicional \u201cB\u00ean\u00e7\u00e3o de Finalistas\u201d do Liceu. Este ano, a celebra\u00e7\u00e3o, realizada no passado dia 2 de junho, contou com cerca de 170 dos nossos finalistas, acompanhados dos seus familiares, num momento marcado pela alegria e emo\u00e7\u00e3o. A liturgia da celebra\u00e7\u00e3o esteve associada ao tema da paz e contou com a participa\u00e7\u00e3o dos alunos, principalmente de 12\u00baano. Na homilia, o P. Oct\u00e1vio Sobrinho incentivou os nossos alunos a promoverem e fomentarem os valores crist\u00e3os como o da caridade e da paz.<\/p>\n","protected":false},"excerpt":{"rendered":"<p>A Catedral de Bragan\u00e7a acolheu a tradicional \u201cB\u00ean\u00e7\u00e3o de Finalistas\u201d do Liceu. Este ano, a celebra\u00e7\u00e3o, realizada no passado dia 2 de junho, contou com cerca de 170 dos nossos finalistas, acompanhados dos seus&#46;&#46;&#46;<\/p>\n","protected":false},"author":2,"featured_media":11636,"comment_status":"closed","ping_status":"open","sticky":false,"template":"","format":"standard","meta":{"footnotes":""},"categories":[2,9,16],"tags":[],"class_list":["post-11643","post","type-post","status-publish","format-standard","has-post-thumbnail","hentry","category-atualidade","category-em-foco","category-escola-secundaria-emidio-garcia"],"_links":{"self":[{"href":"https:\/\/bojornal.pt\/index.php?rest_route=\/wp\/v2\/posts\/11643","targetHints":{"allow":["GET"]}}],"collection":[{"href":"https:\/\/bojornal.pt\/index.php?rest_route=\/wp\/v2\/posts"}],"about":[{"href":"https:\/\/bojornal.pt\/index.php?rest_route=\/wp\/v2\/types\/post"}],"author":[{"embeddable":true,"href":"https:\/\/bojornal.pt\/index.php?rest_route=\/wp\/v2\/users\/2"}],"replies":[{"embeddable":true,"href":"https:\/\/bojornal.pt\/index.php?rest_route=%2Fwp%2Fv2%2Fcomments&post=11643"}],"version-history":[{"count":0,"href":"https:\/\/bojornal.pt\/index.php?rest_route=\/wp\/v2\/posts\/11643\/revisions"}],"wp:featuredmedia":[{"embeddable":true,"href":"https:\/\/bojornal.pt\/index.php?rest_route=\/wp\/v2\/media\/11636"}],"wp:attachment":[{"href":"https:\/\/bojornal.pt\/index.php?rest_route=%2Fwp%2Fv2%2Fmedia&parent=11643"}],"wp:term":[{"taxonomy":"category","embeddable":true,"href":"https:\/\/bojornal.pt\/index.php?rest_route=%2Fwp%2Fv2%2Fcategories&post=11643"},{"taxonomy":"post_tag","embeddable":true,"href":"https:\/\/bojornal.pt\/index.php?rest_route=%2Fwp%2Fv2%2Ftags&post=11643"}],"curies":[{"name":"wp","href":"https:\/\/api.w.org\/{rel}","templated":true}]}}