{"id":11633,"date":"2022-06-05T00:32:38","date_gmt":"2022-06-04T23:32:38","guid":{"rendered":"https:\/\/bojornal.pt\/?p=11633"},"modified":"2022-06-05T00:32:40","modified_gmt":"2022-06-04T23:32:40","slug":"bencao-de-finalistas-da-escola-emidio-garcia","status":"publish","type":"post","link":"https:\/\/bojornal.pt\/?p=11633","title":{"rendered":"B\u00ean\u00e7\u00e3o de Finalistas da Escola Em\u00eddio Garcia"},"content":{"rendered":"\n<p><strong><em>\u201c(Re)construir&#8221; a paz foi o tema da celebra\u00e7\u00e3o que reuniu cerca de 700 pessoas na Catedral de Bragan\u00e7a<\/em><\/strong><\/p>\n\n\n\n<figure class=\"wp-block-gallery has-nested-images columns-default is-cropped wp-block-gallery-1 is-layout-flex wp-block-gallery-is-layout-flex\">\n<figure class=\"wp-block-image size-large is-style-default\"><img loading=\"lazy\" decoding=\"async\" width=\"1024\" height=\"683\" data-id=\"11636\" src=\"https:\/\/bojornal.pt\/wp-content\/uploads\/2022\/06\/Bencao-Finalistas1-1024x683.jpg\" alt=\"\" class=\"wp-image-11636\" srcset=\"https:\/\/bojornal.pt\/wp-content\/uploads\/2022\/06\/Bencao-Finalistas1-1024x683.jpg 1024w, https:\/\/bojornal.pt\/wp-content\/uploads\/2022\/06\/Bencao-Finalistas1-300x200.jpg 300w, https:\/\/bojornal.pt\/wp-content\/uploads\/2022\/06\/Bencao-Finalistas1-150x100.jpg 150w, https:\/\/bojornal.pt\/wp-content\/uploads\/2022\/06\/Bencao-Finalistas1-768x512.jpg 768w, https:\/\/bojornal.pt\/wp-content\/uploads\/2022\/06\/Bencao-Finalistas1-1536x1024.jpg 1536w, https:\/\/bojornal.pt\/wp-content\/uploads\/2022\/06\/Bencao-Finalistas1.jpg 2048w\" sizes=\"auto, (max-width: 1024px) 100vw, 1024px\" \/><\/figure>\n\n\n\n<figure class=\"wp-block-image size-large is-style-default\"><img loading=\"lazy\" decoding=\"async\" width=\"1024\" height=\"683\" data-id=\"11637\" src=\"https:\/\/bojornal.pt\/wp-content\/uploads\/2022\/06\/Bencao-Finalistas4-1024x683.jpg\" alt=\"\" class=\"wp-image-11637\" srcset=\"https:\/\/bojornal.pt\/wp-content\/uploads\/2022\/06\/Bencao-Finalistas4-1024x683.jpg 1024w, https:\/\/bojornal.pt\/wp-content\/uploads\/2022\/06\/Bencao-Finalistas4-300x200.jpg 300w, https:\/\/bojornal.pt\/wp-content\/uploads\/2022\/06\/Bencao-Finalistas4-150x100.jpg 150w, https:\/\/bojornal.pt\/wp-content\/uploads\/2022\/06\/Bencao-Finalistas4-768x512.jpg 768w, https:\/\/bojornal.pt\/wp-content\/uploads\/2022\/06\/Bencao-Finalistas4-1536x1024.jpg 1536w, https:\/\/bojornal.pt\/wp-content\/uploads\/2022\/06\/Bencao-Finalistas4.jpg 2048w\" sizes=\"auto, (max-width: 1024px) 100vw, 1024px\" \/><\/figure>\n\n\n\n<figure class=\"wp-block-image size-large is-style-default\"><img loading=\"lazy\" decoding=\"async\" width=\"1024\" height=\"683\" data-id=\"11634\" src=\"https:\/\/bojornal.pt\/wp-content\/uploads\/2022\/06\/Bencao-Finalistas3-1024x683.jpg\" alt=\"\" class=\"wp-image-11634\" srcset=\"https:\/\/bojornal.pt\/wp-content\/uploads\/2022\/06\/Bencao-Finalistas3-1024x683.jpg 1024w, https:\/\/bojornal.pt\/wp-content\/uploads\/2022\/06\/Bencao-Finalistas3-300x200.jpg 300w, https:\/\/bojornal.pt\/wp-content\/uploads\/2022\/06\/Bencao-Finalistas3-150x100.jpg 150w, https:\/\/bojornal.pt\/wp-content\/uploads\/2022\/06\/Bencao-Finalistas3-768x512.jpg 768w, https:\/\/bojornal.pt\/wp-content\/uploads\/2022\/06\/Bencao-Finalistas3-1536x1024.jpg 1536w, https:\/\/bojornal.pt\/wp-content\/uploads\/2022\/06\/Bencao-Finalistas3.jpg 2048w\" sizes=\"auto, (max-width: 1024px) 100vw, 1024px\" \/><\/figure>\n\n\n\n<figure class=\"wp-block-image size-large is-style-default\"><img loading=\"lazy\" decoding=\"async\" width=\"1024\" height=\"683\" data-id=\"11635\" src=\"https:\/\/bojornal.pt\/wp-content\/uploads\/2022\/06\/Bencao-Finalistas2-1024x683.jpg\" alt=\"\" class=\"wp-image-11635\" srcset=\"https:\/\/bojornal.pt\/wp-content\/uploads\/2022\/06\/Bencao-Finalistas2-1024x683.jpg 1024w, https:\/\/bojornal.pt\/wp-content\/uploads\/2022\/06\/Bencao-Finalistas2-300x200.jpg 300w, https:\/\/bojornal.pt\/wp-content\/uploads\/2022\/06\/Bencao-Finalistas2-150x100.jpg 150w, https:\/\/bojornal.pt\/wp-content\/uploads\/2022\/06\/Bencao-Finalistas2-768x512.jpg 768w, https:\/\/bojornal.pt\/wp-content\/uploads\/2022\/06\/Bencao-Finalistas2-1536x1024.jpg 1536w, https:\/\/bojornal.pt\/wp-content\/uploads\/2022\/06\/Bencao-Finalistas2.jpg 2048w\" sizes=\"auto, (max-width: 1024px) 100vw, 1024px\" \/><\/figure>\n<\/figure>\n\n\n\n<p>A Catedral de Bragan\u00e7a acolheu a tradicional \u201cB\u00ean\u00e7\u00e3o de Finalistas\u201d da Escola Em\u00eddio Garcia. Este ano, a celebra\u00e7\u00e3o, realizada no passado dia 2 de junho, contou com cerca de 170 finalistas e seus familiares que viveram momentos \u00fanicos de f\u00e9 e emo\u00e7\u00e3o. A liturgia da celebra\u00e7\u00e3o esteve associada ao tema da paz e contou com a participa\u00e7\u00e3o dos alunos, principalmente de 12\u00baano. Na homilia, o P. Oct\u00e1vio Sobrinho incentivou os jovens a promoverem e fomentarem os valores crist\u00e3os como o da caridade e da paz. A m\u00fasica lit\u00fargica contou com a participa\u00e7\u00e3o de alunos de diversos ciclos de ensino, num coro composto por cerca de quatro dezenas de alunos. <\/p>\n","protected":false},"excerpt":{"rendered":"<p>\u201c(Re)construir&#8221; a paz foi o tema da celebra\u00e7\u00e3o que reuniu cerca de 700 pessoas na Catedral de Bragan\u00e7a A Catedral de Bragan\u00e7a acolheu a tradicional \u201cB\u00ean\u00e7\u00e3o de Finalistas\u201d da Escola Em\u00eddio Garcia. Este ano,&#46;&#46;&#46;<\/p>\n","protected":false},"author":2,"featured_media":11635,"comment_status":"closed","ping_status":"open","sticky":false,"template":"","format":"standard","meta":{"footnotes":""},"categories":[2,9,16],"tags":[],"class_list":["post-11633","post","type-post","status-publish","format-standard","has-post-thumbnail","hentry","category-atualidade","category-em-foco","category-escola-secundaria-emidio-garcia"],"_links":{"self":[{"href":"https:\/\/bojornal.pt\/index.php?rest_route=\/wp\/v2\/posts\/11633","targetHints":{"allow":["GET"]}}],"collection":[{"href":"https:\/\/bojornal.pt\/index.php?rest_route=\/wp\/v2\/posts"}],"about":[{"href":"https:\/\/bojornal.pt\/index.php?rest_route=\/wp\/v2\/types\/post"}],"author":[{"embeddable":true,"href":"https:\/\/bojornal.pt\/index.php?rest_route=\/wp\/v2\/users\/2"}],"replies":[{"embeddable":true,"href":"https:\/\/bojornal.pt\/index.php?rest_route=%2Fwp%2Fv2%2Fcomments&post=11633"}],"version-history":[{"count":0,"href":"https:\/\/bojornal.pt\/index.php?rest_route=\/wp\/v2\/posts\/11633\/revisions"}],"wp:featuredmedia":[{"embeddable":true,"href":"https:\/\/bojornal.pt\/index.php?rest_route=\/wp\/v2\/media\/11635"}],"wp:attachment":[{"href":"https:\/\/bojornal.pt\/index.php?rest_route=%2Fwp%2Fv2%2Fmedia&parent=11633"}],"wp:term":[{"taxonomy":"category","embeddable":true,"href":"https:\/\/bojornal.pt\/index.php?rest_route=%2Fwp%2Fv2%2Fcategories&post=11633"},{"taxonomy":"post_tag","embeddable":true,"href":"https:\/\/bojornal.pt\/index.php?rest_route=%2Fwp%2Fv2%2Ftags&post=11633"}],"curies":[{"name":"wp","href":"https:\/\/api.w.org\/{rel}","templated":true}]}}