{"id":11619,"date":"2022-06-05T00:25:27","date_gmt":"2022-06-04T23:25:27","guid":{"rendered":"https:\/\/bojornal.pt\/?p=11619"},"modified":"2022-06-05T00:25:59","modified_gmt":"2022-06-04T23:25:59","slug":"pais-e-filhos-caminham-pela-esperanca","status":"publish","type":"post","link":"https:\/\/bojornal.pt\/?p=11619","title":{"rendered":"Pais e Filhos caminham\u2026 pela esperan\u00e7a!"},"content":{"rendered":"\n<p><strong><em>Caminhada solid\u00e1ria at\u00e9 Nossa Senhora da Cabe\u00e7a<\/em><\/strong><\/p>\n\n\n\n<figure class=\"wp-block-gallery has-nested-images columns-default is-cropped wp-block-gallery-1 is-layout-flex wp-block-gallery-is-layout-flex\">\n<figure class=\"wp-block-image size-large is-style-default\"><img loading=\"lazy\" decoding=\"async\" width=\"876\" height=\"657\" data-id=\"11622\" src=\"https:\/\/bojornal.pt\/wp-content\/uploads\/2022\/06\/Caminhada-Pais-e-Filhos.jpg\" alt=\"\" class=\"wp-image-11622\" srcset=\"https:\/\/bojornal.pt\/wp-content\/uploads\/2022\/06\/Caminhada-Pais-e-Filhos.jpg 876w, https:\/\/bojornal.pt\/wp-content\/uploads\/2022\/06\/Caminhada-Pais-e-Filhos-300x225.jpg 300w, https:\/\/bojornal.pt\/wp-content\/uploads\/2022\/06\/Caminhada-Pais-e-Filhos-150x113.jpg 150w, https:\/\/bojornal.pt\/wp-content\/uploads\/2022\/06\/Caminhada-Pais-e-Filhos-768x576.jpg 768w\" sizes=\"auto, (max-width: 876px) 100vw, 876px\" \/><\/figure>\n\n\n\n<figure class=\"wp-block-image size-large is-style-default\"><img loading=\"lazy\" decoding=\"async\" width=\"876\" height=\"657\" data-id=\"11621\" src=\"https:\/\/bojornal.pt\/wp-content\/uploads\/2022\/06\/Caminhada-Pais-e-Filhos1.jpg\" alt=\"\" class=\"wp-image-11621\" srcset=\"https:\/\/bojornal.pt\/wp-content\/uploads\/2022\/06\/Caminhada-Pais-e-Filhos1.jpg 876w, https:\/\/bojornal.pt\/wp-content\/uploads\/2022\/06\/Caminhada-Pais-e-Filhos1-300x225.jpg 300w, https:\/\/bojornal.pt\/wp-content\/uploads\/2022\/06\/Caminhada-Pais-e-Filhos1-150x113.jpg 150w, https:\/\/bojornal.pt\/wp-content\/uploads\/2022\/06\/Caminhada-Pais-e-Filhos1-768x576.jpg 768w\" sizes=\"auto, (max-width: 876px) 100vw, 876px\" \/><\/figure>\n\n\n\n<figure class=\"wp-block-image size-large is-style-default\"><img loading=\"lazy\" decoding=\"async\" width=\"876\" height=\"657\" data-id=\"11625\" src=\"https:\/\/bojornal.pt\/wp-content\/uploads\/2022\/06\/Caminhada-Pais-e-Filhos2.jpg\" alt=\"\" class=\"wp-image-11625\" srcset=\"https:\/\/bojornal.pt\/wp-content\/uploads\/2022\/06\/Caminhada-Pais-e-Filhos2.jpg 876w, https:\/\/bojornal.pt\/wp-content\/uploads\/2022\/06\/Caminhada-Pais-e-Filhos2-300x225.jpg 300w, https:\/\/bojornal.pt\/wp-content\/uploads\/2022\/06\/Caminhada-Pais-e-Filhos2-150x113.jpg 150w, https:\/\/bojornal.pt\/wp-content\/uploads\/2022\/06\/Caminhada-Pais-e-Filhos2-768x576.jpg 768w\" sizes=\"auto, (max-width: 876px) 100vw, 876px\" \/><\/figure>\n\n\n\n<figure class=\"wp-block-image size-large is-style-default\"><img loading=\"lazy\" decoding=\"async\" width=\"876\" height=\"657\" data-id=\"11628\" src=\"https:\/\/bojornal.pt\/wp-content\/uploads\/2022\/06\/Caminhada-Pais-e-Filhos3.jpg\" alt=\"\" class=\"wp-image-11628\" srcset=\"https:\/\/bojornal.pt\/wp-content\/uploads\/2022\/06\/Caminhada-Pais-e-Filhos3.jpg 876w, https:\/\/bojornal.pt\/wp-content\/uploads\/2022\/06\/Caminhada-Pais-e-Filhos3-300x225.jpg 300w, https:\/\/bojornal.pt\/wp-content\/uploads\/2022\/06\/Caminhada-Pais-e-Filhos3-150x113.jpg 150w, https:\/\/bojornal.pt\/wp-content\/uploads\/2022\/06\/Caminhada-Pais-e-Filhos3-768x576.jpg 768w\" sizes=\"auto, (max-width: 876px) 100vw, 876px\" \/><\/figure>\n\n\n\n<figure class=\"wp-block-image size-large is-style-default\"><img loading=\"lazy\" decoding=\"async\" width=\"876\" height=\"657\" data-id=\"11620\" src=\"https:\/\/bojornal.pt\/wp-content\/uploads\/2022\/06\/Caminhada-Pais-e-Filhos4.jpg\" alt=\"\" class=\"wp-image-11620\" srcset=\"https:\/\/bojornal.pt\/wp-content\/uploads\/2022\/06\/Caminhada-Pais-e-Filhos4.jpg 876w, https:\/\/bojornal.pt\/wp-content\/uploads\/2022\/06\/Caminhada-Pais-e-Filhos4-300x225.jpg 300w, https:\/\/bojornal.pt\/wp-content\/uploads\/2022\/06\/Caminhada-Pais-e-Filhos4-150x113.jpg 150w, https:\/\/bojornal.pt\/wp-content\/uploads\/2022\/06\/Caminhada-Pais-e-Filhos4-768x576.jpg 768w\" sizes=\"auto, (max-width: 876px) 100vw, 876px\" \/><\/figure>\n\n\n\n<figure class=\"wp-block-image size-large is-style-default\"><img loading=\"lazy\" decoding=\"async\" width=\"876\" height=\"657\" data-id=\"11626\" src=\"https:\/\/bojornal.pt\/wp-content\/uploads\/2022\/06\/Caminhada-Pais-e-Filhos5.jpg\" alt=\"\" class=\"wp-image-11626\" srcset=\"https:\/\/bojornal.pt\/wp-content\/uploads\/2022\/06\/Caminhada-Pais-e-Filhos5.jpg 876w, https:\/\/bojornal.pt\/wp-content\/uploads\/2022\/06\/Caminhada-Pais-e-Filhos5-300x225.jpg 300w, https:\/\/bojornal.pt\/wp-content\/uploads\/2022\/06\/Caminhada-Pais-e-Filhos5-150x113.jpg 150w, https:\/\/bojornal.pt\/wp-content\/uploads\/2022\/06\/Caminhada-Pais-e-Filhos5-768x576.jpg 768w\" sizes=\"auto, (max-width: 876px) 100vw, 876px\" \/><\/figure>\n\n\n\n<figure class=\"wp-block-image size-large is-style-default\"><img loading=\"lazy\" decoding=\"async\" width=\"876\" height=\"657\" data-id=\"11624\" src=\"https:\/\/bojornal.pt\/wp-content\/uploads\/2022\/06\/Caminhada-Pais-e-Filhos6.jpg\" alt=\"\" class=\"wp-image-11624\" srcset=\"https:\/\/bojornal.pt\/wp-content\/uploads\/2022\/06\/Caminhada-Pais-e-Filhos6.jpg 876w, https:\/\/bojornal.pt\/wp-content\/uploads\/2022\/06\/Caminhada-Pais-e-Filhos6-300x225.jpg 300w, https:\/\/bojornal.pt\/wp-content\/uploads\/2022\/06\/Caminhada-Pais-e-Filhos6-150x113.jpg 150w, https:\/\/bojornal.pt\/wp-content\/uploads\/2022\/06\/Caminhada-Pais-e-Filhos6-768x576.jpg 768w\" sizes=\"auto, (max-width: 876px) 100vw, 876px\" \/><\/figure>\n\n\n\n<figure class=\"wp-block-image size-large is-style-default\"><img loading=\"lazy\" decoding=\"async\" width=\"876\" height=\"657\" data-id=\"11627\" src=\"https:\/\/bojornal.pt\/wp-content\/uploads\/2022\/06\/Caminhada-Pais-e-Filhos10.jpg\" alt=\"\" class=\"wp-image-11627\" srcset=\"https:\/\/bojornal.pt\/wp-content\/uploads\/2022\/06\/Caminhada-Pais-e-Filhos10.jpg 876w, https:\/\/bojornal.pt\/wp-content\/uploads\/2022\/06\/Caminhada-Pais-e-Filhos10-300x225.jpg 300w, https:\/\/bojornal.pt\/wp-content\/uploads\/2022\/06\/Caminhada-Pais-e-Filhos10-150x113.jpg 150w, https:\/\/bojornal.pt\/wp-content\/uploads\/2022\/06\/Caminhada-Pais-e-Filhos10-768x576.jpg 768w\" sizes=\"auto, (max-width: 876px) 100vw, 876px\" \/><\/figure>\n\n\n\n<figure class=\"wp-block-image size-large is-style-default\"><img loading=\"lazy\" decoding=\"async\" width=\"876\" height=\"657\" data-id=\"11623\" src=\"https:\/\/bojornal.pt\/wp-content\/uploads\/2022\/06\/Caminhada-Pais-e-Filhos8.jpg\" alt=\"\" class=\"wp-image-11623\" srcset=\"https:\/\/bojornal.pt\/wp-content\/uploads\/2022\/06\/Caminhada-Pais-e-Filhos8.jpg 876w, https:\/\/bojornal.pt\/wp-content\/uploads\/2022\/06\/Caminhada-Pais-e-Filhos8-300x225.jpg 300w, https:\/\/bojornal.pt\/wp-content\/uploads\/2022\/06\/Caminhada-Pais-e-Filhos8-150x113.jpg 150w, https:\/\/bojornal.pt\/wp-content\/uploads\/2022\/06\/Caminhada-Pais-e-Filhos8-768x576.jpg 768w\" sizes=\"auto, (max-width: 876px) 100vw, 876px\" \/><\/figure>\n\n\n\n<figure class=\"wp-block-image size-large is-style-default\"><img loading=\"lazy\" decoding=\"async\" width=\"876\" height=\"657\" data-id=\"11629\" src=\"https:\/\/bojornal.pt\/wp-content\/uploads\/2022\/06\/Caminhada-Pais-e-Filhos7.jpg\" alt=\"\" class=\"wp-image-11629\" srcset=\"https:\/\/bojornal.pt\/wp-content\/uploads\/2022\/06\/Caminhada-Pais-e-Filhos7.jpg 876w, https:\/\/bojornal.pt\/wp-content\/uploads\/2022\/06\/Caminhada-Pais-e-Filhos7-300x225.jpg 300w, https:\/\/bojornal.pt\/wp-content\/uploads\/2022\/06\/Caminhada-Pais-e-Filhos7-150x113.jpg 150w, https:\/\/bojornal.pt\/wp-content\/uploads\/2022\/06\/Caminhada-Pais-e-Filhos7-768x576.jpg 768w\" sizes=\"auto, (max-width: 876px) 100vw, 876px\" \/><\/figure>\n<\/figure>\n\n\n\n<p>A Associa\u00e7\u00e3o de Pais do Agrupamento de Escolas Em\u00eddio Garcia realizou a j\u00e1 tradicional caminhada \u201cPais e Filhos\u201d. Este ano, o tema central foi o da \u201cesperan\u00e7a\u201d que mobilizou pais, professores, funcion\u00e1rios e alunos e se colocaram a caminho em dire\u00e7\u00e3o ao Santu\u00e1rio de Nossa Senhora da Cabe\u00e7a, em Nogueira. Pelo caminho, os participantes transportaram a luz como s\u00edmbolo da esperan\u00e7a. A iniciativa terminou com a Celebra\u00e7\u00e3o da Eucaristia por todos aqueles que sofrem adversidades. \u00a0<\/p>\n","protected":false},"excerpt":{"rendered":"<p>Caminhada solid\u00e1ria at\u00e9 Nossa Senhora da Cabe\u00e7a A Associa\u00e7\u00e3o de Pais do Agrupamento de Escolas Em\u00eddio Garcia realizou a j\u00e1 tradicional caminhada \u201cPais e Filhos\u201d. Este ano, o tema central foi o da \u201cesperan\u00e7a\u201d&#46;&#46;&#46;<\/p>\n","protected":false},"author":2,"featured_media":11624,"comment_status":"closed","ping_status":"open","sticky":false,"template":"","format":"standard","meta":{"footnotes":""},"categories":[14,2,9,13,16],"tags":[],"class_list":["post-11619","post","type-post","status-publish","format-standard","has-post-thumbnail","hentry","category-1o-ciclo","category-atualidade","category-em-foco","category-escola-paulo-quintela","category-escola-secundaria-emidio-garcia"],"_links":{"self":[{"href":"https:\/\/bojornal.pt\/index.php?rest_route=\/wp\/v2\/posts\/11619","targetHints":{"allow":["GET"]}}],"collection":[{"href":"https:\/\/bojornal.pt\/index.php?rest_route=\/wp\/v2\/posts"}],"about":[{"href":"https:\/\/bojornal.pt\/index.php?rest_route=\/wp\/v2\/types\/post"}],"author":[{"embeddable":true,"href":"https:\/\/bojornal.pt\/index.php?rest_route=\/wp\/v2\/users\/2"}],"replies":[{"embeddable":true,"href":"https:\/\/bojornal.pt\/index.php?rest_route=%2Fwp%2Fv2%2Fcomments&post=11619"}],"version-history":[{"count":0,"href":"https:\/\/bojornal.pt\/index.php?rest_route=\/wp\/v2\/posts\/11619\/revisions"}],"wp:featuredmedia":[{"embeddable":true,"href":"https:\/\/bojornal.pt\/index.php?rest_route=\/wp\/v2\/media\/11624"}],"wp:attachment":[{"href":"https:\/\/bojornal.pt\/index.php?rest_route=%2Fwp%2Fv2%2Fmedia&parent=11619"}],"wp:term":[{"taxonomy":"category","embeddable":true,"href":"https:\/\/bojornal.pt\/index.php?rest_route=%2Fwp%2Fv2%2Fcategories&post=11619"},{"taxonomy":"post_tag","embeddable":true,"href":"https:\/\/bojornal.pt\/index.php?rest_route=%2Fwp%2Fv2%2Ftags&post=11619"}],"curies":[{"name":"wp","href":"https:\/\/api.w.org\/{rel}","templated":true}]}}