{"id":11475,"date":"2022-05-19T20:19:57","date_gmt":"2022-05-19T19:19:57","guid":{"rendered":"https:\/\/bojornal.pt\/?p=11475"},"modified":"2022-05-19T20:22:02","modified_gmt":"2022-05-19T19:22:02","slug":"farinha-vai-a-escola","status":"publish","type":"post","link":"https:\/\/bojornal.pt\/?p=11475","title":{"rendered":"&#8220;Farinha&#8221; vai \u00e0 escola"},"content":{"rendered":"\n<figure class=\"wp-block-gallery has-nested-images columns-default is-cropped wp-block-gallery-1 is-layout-flex wp-block-gallery-is-layout-flex\">\n<figure class=\"wp-block-image size-large is-style-default\"><img loading=\"lazy\" decoding=\"async\" width=\"1024\" height=\"479\" data-id=\"11478\" src=\"https:\/\/bojornal.pt\/wp-content\/uploads\/2022\/05\/Farinha-vai-a-escola-1-1024x479.jpg\" alt=\"\" class=\"wp-image-11478\" srcset=\"https:\/\/bojornal.pt\/wp-content\/uploads\/2022\/05\/Farinha-vai-a-escola-1-1024x479.jpg 1024w, https:\/\/bojornal.pt\/wp-content\/uploads\/2022\/05\/Farinha-vai-a-escola-1-300x140.jpg 300w, https:\/\/bojornal.pt\/wp-content\/uploads\/2022\/05\/Farinha-vai-a-escola-1-150x70.jpg 150w, https:\/\/bojornal.pt\/wp-content\/uploads\/2022\/05\/Farinha-vai-a-escola-1-768x359.jpg 768w, https:\/\/bojornal.pt\/wp-content\/uploads\/2022\/05\/Farinha-vai-a-escola-1-1536x718.jpg 1536w, https:\/\/bojornal.pt\/wp-content\/uploads\/2022\/05\/Farinha-vai-a-escola-1.jpg 1920w\" sizes=\"auto, (max-width: 1024px) 100vw, 1024px\" \/><\/figure>\n\n\n\n<figure class=\"wp-block-image size-large is-style-default\"><img loading=\"lazy\" decoding=\"async\" width=\"1024\" height=\"479\" data-id=\"11476\" src=\"https:\/\/bojornal.pt\/wp-content\/uploads\/2022\/05\/Farinha-vai-a-escola-2-1024x479.jpg\" alt=\"\" class=\"wp-image-11476\" srcset=\"https:\/\/bojornal.pt\/wp-content\/uploads\/2022\/05\/Farinha-vai-a-escola-2-1024x479.jpg 1024w, https:\/\/bojornal.pt\/wp-content\/uploads\/2022\/05\/Farinha-vai-a-escola-2-300x140.jpg 300w, https:\/\/bojornal.pt\/wp-content\/uploads\/2022\/05\/Farinha-vai-a-escola-2-150x70.jpg 150w, https:\/\/bojornal.pt\/wp-content\/uploads\/2022\/05\/Farinha-vai-a-escola-2-768x359.jpg 768w, https:\/\/bojornal.pt\/wp-content\/uploads\/2022\/05\/Farinha-vai-a-escola-2-1536x718.jpg 1536w, https:\/\/bojornal.pt\/wp-content\/uploads\/2022\/05\/Farinha-vai-a-escola-2.jpg 1920w\" sizes=\"auto, (max-width: 1024px) 100vw, 1024px\" \/><\/figure>\n\n\n\n<figure class=\"wp-block-image size-large is-style-default\"><img loading=\"lazy\" decoding=\"async\" width=\"1024\" height=\"479\" data-id=\"11477\" src=\"https:\/\/bojornal.pt\/wp-content\/uploads\/2022\/05\/Farinha-vai-a-escola-3-1024x479.jpg\" alt=\"\" class=\"wp-image-11477\" srcset=\"https:\/\/bojornal.pt\/wp-content\/uploads\/2022\/05\/Farinha-vai-a-escola-3-1024x479.jpg 1024w, https:\/\/bojornal.pt\/wp-content\/uploads\/2022\/05\/Farinha-vai-a-escola-3-300x140.jpg 300w, https:\/\/bojornal.pt\/wp-content\/uploads\/2022\/05\/Farinha-vai-a-escola-3-150x70.jpg 150w, https:\/\/bojornal.pt\/wp-content\/uploads\/2022\/05\/Farinha-vai-a-escola-3-768x359.jpg 768w, https:\/\/bojornal.pt\/wp-content\/uploads\/2022\/05\/Farinha-vai-a-escola-3-1536x718.jpg 1536w, https:\/\/bojornal.pt\/wp-content\/uploads\/2022\/05\/Farinha-vai-a-escola-3.jpg 1920w\" sizes=\"auto, (max-width: 1024px) 100vw, 1024px\" \/><\/figure>\n<\/figure>\n\n\n\n<p>Inclu\u00edda na programa\u00e7\u00e3o da SEMANA DO CORA\u00c7\u00c3O, na Escola Paulo Quintela, foi recebida a equipa educativa da f\u00e1brica de farinhas <em>Lusitana<\/em>, composta por dois nutricionistas e a mascote (O Farinhas).<br \/>Os alunos ficaram a conhecer melhor os processos de transforma\u00e7\u00e3o dos cereais e os diferentes tipos de farinhas, bem como a import\u00e2ncia de preferirmos os cereais integrais em detrimento dos refinados.<br \/>Todas as turmas participaram na sess\u00e3o de sensibiliza\u00e7\u00e3o com entusiasmo e interesse.<\/p>\n","protected":false},"excerpt":{"rendered":"<p>Inclu\u00edda na programa\u00e7\u00e3o da SEMANA DO CORA\u00c7\u00c3O, na Escola Paulo Quintela, foi recebida a equipa educativa da f\u00e1brica de farinhas Lusitana, composta por dois nutricionistas e a mascote (O Farinhas).Os alunos ficaram a conhecer&#46;&#46;&#46;<\/p>\n","protected":false},"author":2,"featured_media":11478,"comment_status":"closed","ping_status":"open","sticky":false,"template":"","format":"standard","meta":{"footnotes":""},"categories":[9,13],"tags":[],"class_list":["post-11475","post","type-post","status-publish","format-standard","has-post-thumbnail","hentry","category-em-foco","category-escola-paulo-quintela"],"_links":{"self":[{"href":"https:\/\/bojornal.pt\/index.php?rest_route=\/wp\/v2\/posts\/11475","targetHints":{"allow":["GET"]}}],"collection":[{"href":"https:\/\/bojornal.pt\/index.php?rest_route=\/wp\/v2\/posts"}],"about":[{"href":"https:\/\/bojornal.pt\/index.php?rest_route=\/wp\/v2\/types\/post"}],"author":[{"embeddable":true,"href":"https:\/\/bojornal.pt\/index.php?rest_route=\/wp\/v2\/users\/2"}],"replies":[{"embeddable":true,"href":"https:\/\/bojornal.pt\/index.php?rest_route=%2Fwp%2Fv2%2Fcomments&post=11475"}],"version-history":[{"count":0,"href":"https:\/\/bojornal.pt\/index.php?rest_route=\/wp\/v2\/posts\/11475\/revisions"}],"wp:featuredmedia":[{"embeddable":true,"href":"https:\/\/bojornal.pt\/index.php?rest_route=\/wp\/v2\/media\/11478"}],"wp:attachment":[{"href":"https:\/\/bojornal.pt\/index.php?rest_route=%2Fwp%2Fv2%2Fmedia&parent=11475"}],"wp:term":[{"taxonomy":"category","embeddable":true,"href":"https:\/\/bojornal.pt\/index.php?rest_route=%2Fwp%2Fv2%2Fcategories&post=11475"},{"taxonomy":"post_tag","embeddable":true,"href":"https:\/\/bojornal.pt\/index.php?rest_route=%2Fwp%2Fv2%2Ftags&post=11475"}],"curies":[{"name":"wp","href":"https:\/\/api.w.org\/{rel}","templated":true}]}}