{"id":11425,"date":"2022-05-18T10:08:00","date_gmt":"2022-05-18T09:08:00","guid":{"rendered":"https:\/\/bojornal.pt\/?p=11425"},"modified":"2022-05-18T10:52:25","modified_gmt":"2022-05-18T09:52:25","slug":"alunos-de-9oano-visitam-porto","status":"publish","type":"post","link":"https:\/\/bojornal.pt\/?p=11425","title":{"rendered":"Alunos de 9\u00baAno visitam Porto"},"content":{"rendered":"\n<figure class=\"wp-block-gallery has-nested-images columns-default is-cropped wp-block-gallery-1 is-layout-flex wp-block-gallery-is-layout-flex\">\n<figure class=\"wp-block-image size-large is-style-default\"><img loading=\"lazy\" decoding=\"async\" width=\"1024\" height=\"768\" data-id=\"11427\" src=\"https:\/\/bojornal.pt\/wp-content\/uploads\/2022\/05\/Visita-de-9ano_Porto-8-1024x768.jpg\" alt=\"\" class=\"wp-image-11427\" srcset=\"https:\/\/bojornal.pt\/wp-content\/uploads\/2022\/05\/Visita-de-9ano_Porto-8-1024x768.jpg 1024w, https:\/\/bojornal.pt\/wp-content\/uploads\/2022\/05\/Visita-de-9ano_Porto-8-300x225.jpg 300w, https:\/\/bojornal.pt\/wp-content\/uploads\/2022\/05\/Visita-de-9ano_Porto-8-150x113.jpg 150w, https:\/\/bojornal.pt\/wp-content\/uploads\/2022\/05\/Visita-de-9ano_Porto-8-768x576.jpg 768w, https:\/\/bojornal.pt\/wp-content\/uploads\/2022\/05\/Visita-de-9ano_Porto-8-1536x1152.jpg 1536w, https:\/\/bojornal.pt\/wp-content\/uploads\/2022\/05\/Visita-de-9ano_Porto-8-2048x1536.jpg 2048w\" sizes=\"auto, (max-width: 1024px) 100vw, 1024px\" \/><\/figure>\n\n\n\n<figure class=\"wp-block-image size-large is-style-default\"><img loading=\"lazy\" decoding=\"async\" width=\"1024\" height=\"768\" data-id=\"11426\" src=\"https:\/\/bojornal.pt\/wp-content\/uploads\/2022\/05\/Visita-de-9ano_Porto-19-1024x768.jpg\" alt=\"\" class=\"wp-image-11426\" srcset=\"https:\/\/bojornal.pt\/wp-content\/uploads\/2022\/05\/Visita-de-9ano_Porto-19-1024x768.jpg 1024w, https:\/\/bojornal.pt\/wp-content\/uploads\/2022\/05\/Visita-de-9ano_Porto-19-300x225.jpg 300w, https:\/\/bojornal.pt\/wp-content\/uploads\/2022\/05\/Visita-de-9ano_Porto-19-150x113.jpg 150w, https:\/\/bojornal.pt\/wp-content\/uploads\/2022\/05\/Visita-de-9ano_Porto-19-768x576.jpg 768w, https:\/\/bojornal.pt\/wp-content\/uploads\/2022\/05\/Visita-de-9ano_Porto-19-1536x1152.jpg 1536w, https:\/\/bojornal.pt\/wp-content\/uploads\/2022\/05\/Visita-de-9ano_Porto-19-2048x1536.jpg 2048w\" sizes=\"auto, (max-width: 1024px) 100vw, 1024px\" \/><\/figure>\n\n\n\n<figure class=\"wp-block-image size-large is-style-default\"><img loading=\"lazy\" decoding=\"async\" width=\"1024\" height=\"768\" data-id=\"11447\" src=\"https:\/\/bojornal.pt\/wp-content\/uploads\/2022\/05\/Visita-de-9ano_Porto-4-1024x768.jpg\" alt=\"\" class=\"wp-image-11447\" srcset=\"https:\/\/bojornal.pt\/wp-content\/uploads\/2022\/05\/Visita-de-9ano_Porto-4-1024x768.jpg 1024w, https:\/\/bojornal.pt\/wp-content\/uploads\/2022\/05\/Visita-de-9ano_Porto-4-300x225.jpg 300w, https:\/\/bojornal.pt\/wp-content\/uploads\/2022\/05\/Visita-de-9ano_Porto-4-150x113.jpg 150w, https:\/\/bojornal.pt\/wp-content\/uploads\/2022\/05\/Visita-de-9ano_Porto-4-768x576.jpg 768w, https:\/\/bojornal.pt\/wp-content\/uploads\/2022\/05\/Visita-de-9ano_Porto-4-1536x1152.jpg 1536w, https:\/\/bojornal.pt\/wp-content\/uploads\/2022\/05\/Visita-de-9ano_Porto-4-2048x1536.jpg 2048w\" sizes=\"auto, (max-width: 1024px) 100vw, 1024px\" \/><\/figure>\n\n\n\n<figure class=\"wp-block-image size-large is-style-default\"><img loading=\"lazy\" decoding=\"async\" width=\"1024\" height=\"768\" data-id=\"11445\" src=\"https:\/\/bojornal.pt\/wp-content\/uploads\/2022\/05\/Visita-de-9ano_Porto-5-1-1024x768.jpg\" alt=\"\" class=\"wp-image-11445\" srcset=\"https:\/\/bojornal.pt\/wp-content\/uploads\/2022\/05\/Visita-de-9ano_Porto-5-1-1024x768.jpg 1024w, https:\/\/bojornal.pt\/wp-content\/uploads\/2022\/05\/Visita-de-9ano_Porto-5-1-300x225.jpg 300w, https:\/\/bojornal.pt\/wp-content\/uploads\/2022\/05\/Visita-de-9ano_Porto-5-1-150x113.jpg 150w, https:\/\/bojornal.pt\/wp-content\/uploads\/2022\/05\/Visita-de-9ano_Porto-5-1-768x576.jpg 768w, https:\/\/bojornal.pt\/wp-content\/uploads\/2022\/05\/Visita-de-9ano_Porto-5-1-1536x1152.jpg 1536w, https:\/\/bojornal.pt\/wp-content\/uploads\/2022\/05\/Visita-de-9ano_Porto-5-1-2048x1536.jpg 2048w\" sizes=\"auto, (max-width: 1024px) 100vw, 1024px\" \/><\/figure>\n\n\n\n<figure class=\"wp-block-image size-large is-style-default\"><img loading=\"lazy\" decoding=\"async\" width=\"768\" height=\"1024\" data-id=\"11448\" src=\"https:\/\/bojornal.pt\/wp-content\/uploads\/2022\/05\/Visita-de-9ano_Porto-9-1-768x1024.jpg\" alt=\"\" class=\"wp-image-11448\" srcset=\"https:\/\/bojornal.pt\/wp-content\/uploads\/2022\/05\/Visita-de-9ano_Porto-9-1-768x1024.jpg 768w, https:\/\/bojornal.pt\/wp-content\/uploads\/2022\/05\/Visita-de-9ano_Porto-9-1-225x300.jpg 225w, https:\/\/bojornal.pt\/wp-content\/uploads\/2022\/05\/Visita-de-9ano_Porto-9-1-113x150.jpg 113w, https:\/\/bojornal.pt\/wp-content\/uploads\/2022\/05\/Visita-de-9ano_Porto-9-1-1152x1536.jpg 1152w, https:\/\/bojornal.pt\/wp-content\/uploads\/2022\/05\/Visita-de-9ano_Porto-9-1-1536x2048.jpg 1536w, https:\/\/bojornal.pt\/wp-content\/uploads\/2022\/05\/Visita-de-9ano_Porto-9-1-scaled.jpg 1920w\" sizes=\"auto, (max-width: 768px) 100vw, 768px\" \/><\/figure>\n\n\n\n<figure class=\"wp-block-image size-large is-style-default\"><img loading=\"lazy\" decoding=\"async\" width=\"1024\" height=\"768\" data-id=\"11446\" src=\"https:\/\/bojornal.pt\/wp-content\/uploads\/2022\/05\/Visita-de-9ano_Porto-11-1024x768.jpg\" alt=\"\" class=\"wp-image-11446\" srcset=\"https:\/\/bojornal.pt\/wp-content\/uploads\/2022\/05\/Visita-de-9ano_Porto-11-1024x768.jpg 1024w, https:\/\/bojornal.pt\/wp-content\/uploads\/2022\/05\/Visita-de-9ano_Porto-11-300x225.jpg 300w, https:\/\/bojornal.pt\/wp-content\/uploads\/2022\/05\/Visita-de-9ano_Porto-11-150x113.jpg 150w, https:\/\/bojornal.pt\/wp-content\/uploads\/2022\/05\/Visita-de-9ano_Porto-11-768x576.jpg 768w, https:\/\/bojornal.pt\/wp-content\/uploads\/2022\/05\/Visita-de-9ano_Porto-11-1536x1152.jpg 1536w, https:\/\/bojornal.pt\/wp-content\/uploads\/2022\/05\/Visita-de-9ano_Porto-11-2048x1536.jpg 2048w\" sizes=\"auto, (max-width: 1024px) 100vw, 1024px\" \/><\/figure>\n\n\n\n<figure class=\"wp-block-image size-large is-style-default\"><img loading=\"lazy\" decoding=\"async\" width=\"1024\" height=\"768\" data-id=\"11449\" src=\"https:\/\/bojornal.pt\/wp-content\/uploads\/2022\/05\/Visita-de-9ano_Porto-12-1-1024x768.jpg\" alt=\"\" class=\"wp-image-11449\" srcset=\"https:\/\/bojornal.pt\/wp-content\/uploads\/2022\/05\/Visita-de-9ano_Porto-12-1-1024x768.jpg 1024w, https:\/\/bojornal.pt\/wp-content\/uploads\/2022\/05\/Visita-de-9ano_Porto-12-1-300x225.jpg 300w, https:\/\/bojornal.pt\/wp-content\/uploads\/2022\/05\/Visita-de-9ano_Porto-12-1-150x113.jpg 150w, https:\/\/bojornal.pt\/wp-content\/uploads\/2022\/05\/Visita-de-9ano_Porto-12-1-768x576.jpg 768w, https:\/\/bojornal.pt\/wp-content\/uploads\/2022\/05\/Visita-de-9ano_Porto-12-1-1536x1152.jpg 1536w, https:\/\/bojornal.pt\/wp-content\/uploads\/2022\/05\/Visita-de-9ano_Porto-12-1-2048x1536.jpg 2048w\" sizes=\"auto, (max-width: 1024px) 100vw, 1024px\" \/><\/figure>\n\n\n\n<figure class=\"wp-block-image size-large is-style-default\"><img loading=\"lazy\" decoding=\"async\" width=\"1024\" height=\"768\" data-id=\"11450\" src=\"https:\/\/bojornal.pt\/wp-content\/uploads\/2022\/05\/Visita-de-9ano_Porto-15-1-1024x768.jpg\" alt=\"\" class=\"wp-image-11450\" srcset=\"https:\/\/bojornal.pt\/wp-content\/uploads\/2022\/05\/Visita-de-9ano_Porto-15-1-1024x768.jpg 1024w, https:\/\/bojornal.pt\/wp-content\/uploads\/2022\/05\/Visita-de-9ano_Porto-15-1-300x225.jpg 300w, https:\/\/bojornal.pt\/wp-content\/uploads\/2022\/05\/Visita-de-9ano_Porto-15-1-150x113.jpg 150w, https:\/\/bojornal.pt\/wp-content\/uploads\/2022\/05\/Visita-de-9ano_Porto-15-1-768x576.jpg 768w, https:\/\/bojornal.pt\/wp-content\/uploads\/2022\/05\/Visita-de-9ano_Porto-15-1-1536x1152.jpg 1536w, https:\/\/bojornal.pt\/wp-content\/uploads\/2022\/05\/Visita-de-9ano_Porto-15-1-2048x1536.jpg 2048w\" sizes=\"auto, (max-width: 1024px) 100vw, 1024px\" \/><\/figure>\n\n\n\n<figure class=\"wp-block-image size-large is-style-default\"><img loading=\"lazy\" decoding=\"async\" width=\"768\" height=\"1024\" data-id=\"11451\" src=\"https:\/\/bojornal.pt\/wp-content\/uploads\/2022\/05\/Visita-de-9ano_Porto-17-1-768x1024.jpg\" alt=\"\" class=\"wp-image-11451\" srcset=\"https:\/\/bojornal.pt\/wp-content\/uploads\/2022\/05\/Visita-de-9ano_Porto-17-1-768x1024.jpg 768w, https:\/\/bojornal.pt\/wp-content\/uploads\/2022\/05\/Visita-de-9ano_Porto-17-1-225x300.jpg 225w, https:\/\/bojornal.pt\/wp-content\/uploads\/2022\/05\/Visita-de-9ano_Porto-17-1-113x150.jpg 113w, https:\/\/bojornal.pt\/wp-content\/uploads\/2022\/05\/Visita-de-9ano_Porto-17-1-1152x1536.jpg 1152w, https:\/\/bojornal.pt\/wp-content\/uploads\/2022\/05\/Visita-de-9ano_Porto-17-1-1536x2048.jpg 1536w, https:\/\/bojornal.pt\/wp-content\/uploads\/2022\/05\/Visita-de-9ano_Porto-17-1-scaled.jpg 1920w\" sizes=\"auto, (max-width: 768px) 100vw, 768px\" \/><\/figure>\n\n\n\n<figure class=\"wp-block-image size-large is-style-default\"><img loading=\"lazy\" decoding=\"async\" width=\"1024\" height=\"768\" data-id=\"11454\" src=\"https:\/\/bojornal.pt\/wp-content\/uploads\/2022\/05\/Visita-de-9ano_Porto-18-1024x768.jpg\" alt=\"\" class=\"wp-image-11454\" srcset=\"https:\/\/bojornal.pt\/wp-content\/uploads\/2022\/05\/Visita-de-9ano_Porto-18-1024x768.jpg 1024w, https:\/\/bojornal.pt\/wp-content\/uploads\/2022\/05\/Visita-de-9ano_Porto-18-300x225.jpg 300w, https:\/\/bojornal.pt\/wp-content\/uploads\/2022\/05\/Visita-de-9ano_Porto-18-150x113.jpg 150w, https:\/\/bojornal.pt\/wp-content\/uploads\/2022\/05\/Visita-de-9ano_Porto-18-768x576.jpg 768w, https:\/\/bojornal.pt\/wp-content\/uploads\/2022\/05\/Visita-de-9ano_Porto-18-1536x1152.jpg 1536w, https:\/\/bojornal.pt\/wp-content\/uploads\/2022\/05\/Visita-de-9ano_Porto-18-2048x1536.jpg 2048w\" sizes=\"auto, (max-width: 1024px) 100vw, 1024px\" \/><\/figure>\n\n\n\n<figure class=\"wp-block-image size-large is-style-default\"><img loading=\"lazy\" decoding=\"async\" width=\"1024\" height=\"768\" data-id=\"11452\" src=\"https:\/\/bojornal.pt\/wp-content\/uploads\/2022\/05\/Visita-de-9ano_Porto-20-1-1024x768.jpg\" alt=\"\" class=\"wp-image-11452\" srcset=\"https:\/\/bojornal.pt\/wp-content\/uploads\/2022\/05\/Visita-de-9ano_Porto-20-1-1024x768.jpg 1024w, https:\/\/bojornal.pt\/wp-content\/uploads\/2022\/05\/Visita-de-9ano_Porto-20-1-300x225.jpg 300w, https:\/\/bojornal.pt\/wp-content\/uploads\/2022\/05\/Visita-de-9ano_Porto-20-1-150x113.jpg 150w, https:\/\/bojornal.pt\/wp-content\/uploads\/2022\/05\/Visita-de-9ano_Porto-20-1-768x576.jpg 768w, https:\/\/bojornal.pt\/wp-content\/uploads\/2022\/05\/Visita-de-9ano_Porto-20-1-1536x1152.jpg 1536w, https:\/\/bojornal.pt\/wp-content\/uploads\/2022\/05\/Visita-de-9ano_Porto-20-1-2048x1536.jpg 2048w\" sizes=\"auto, (max-width: 1024px) 100vw, 1024px\" \/><\/figure>\n\n\n\n<figure class=\"wp-block-image size-large is-style-default\"><img loading=\"lazy\" decoding=\"async\" width=\"1024\" height=\"768\" data-id=\"11453\" src=\"https:\/\/bojornal.pt\/wp-content\/uploads\/2022\/05\/Visita-de-9ano_Porto-21-1-1024x768.jpg\" alt=\"\" class=\"wp-image-11453\" srcset=\"https:\/\/bojornal.pt\/wp-content\/uploads\/2022\/05\/Visita-de-9ano_Porto-21-1-1024x768.jpg 1024w, https:\/\/bojornal.pt\/wp-content\/uploads\/2022\/05\/Visita-de-9ano_Porto-21-1-300x225.jpg 300w, https:\/\/bojornal.pt\/wp-content\/uploads\/2022\/05\/Visita-de-9ano_Porto-21-1-150x113.jpg 150w, https:\/\/bojornal.pt\/wp-content\/uploads\/2022\/05\/Visita-de-9ano_Porto-21-1-768x576.jpg 768w, https:\/\/bojornal.pt\/wp-content\/uploads\/2022\/05\/Visita-de-9ano_Porto-21-1-1536x1152.jpg 1536w, https:\/\/bojornal.pt\/wp-content\/uploads\/2022\/05\/Visita-de-9ano_Porto-21-1-2048x1536.jpg 2048w\" sizes=\"auto, (max-width: 1024px) 100vw, 1024px\" \/><\/figure>\n\n\n\n<figure class=\"wp-block-image size-large is-style-default\"><img loading=\"lazy\" decoding=\"async\" width=\"1024\" height=\"768\" data-id=\"11457\" src=\"https:\/\/bojornal.pt\/wp-content\/uploads\/2022\/05\/Visita-de-9ano_Porto-22-1024x768.jpg\" alt=\"\" class=\"wp-image-11457\" srcset=\"https:\/\/bojornal.pt\/wp-content\/uploads\/2022\/05\/Visita-de-9ano_Porto-22-1024x768.jpg 1024w, https:\/\/bojornal.pt\/wp-content\/uploads\/2022\/05\/Visita-de-9ano_Porto-22-300x225.jpg 300w, https:\/\/bojornal.pt\/wp-content\/uploads\/2022\/05\/Visita-de-9ano_Porto-22-150x113.jpg 150w, https:\/\/bojornal.pt\/wp-content\/uploads\/2022\/05\/Visita-de-9ano_Porto-22-768x576.jpg 768w, https:\/\/bojornal.pt\/wp-content\/uploads\/2022\/05\/Visita-de-9ano_Porto-22-1536x1152.jpg 1536w, https:\/\/bojornal.pt\/wp-content\/uploads\/2022\/05\/Visita-de-9ano_Porto-22-2048x1536.jpg 2048w\" sizes=\"auto, (max-width: 1024px) 100vw, 1024px\" \/><\/figure>\n\n\n\n<figure class=\"wp-block-image size-large is-style-default\"><img loading=\"lazy\" decoding=\"async\" width=\"1024\" height=\"768\" data-id=\"11455\" src=\"https:\/\/bojornal.pt\/wp-content\/uploads\/2022\/05\/Visita-de-9ano_Porto-23-1-1024x768.jpg\" alt=\"\" class=\"wp-image-11455\" srcset=\"https:\/\/bojornal.pt\/wp-content\/uploads\/2022\/05\/Visita-de-9ano_Porto-23-1-1024x768.jpg 1024w, https:\/\/bojornal.pt\/wp-content\/uploads\/2022\/05\/Visita-de-9ano_Porto-23-1-300x225.jpg 300w, https:\/\/bojornal.pt\/wp-content\/uploads\/2022\/05\/Visita-de-9ano_Porto-23-1-150x113.jpg 150w, https:\/\/bojornal.pt\/wp-content\/uploads\/2022\/05\/Visita-de-9ano_Porto-23-1-768x576.jpg 768w, https:\/\/bojornal.pt\/wp-content\/uploads\/2022\/05\/Visita-de-9ano_Porto-23-1-1536x1152.jpg 1536w, https:\/\/bojornal.pt\/wp-content\/uploads\/2022\/05\/Visita-de-9ano_Porto-23-1-2048x1536.jpg 2048w\" sizes=\"auto, (max-width: 1024px) 100vw, 1024px\" \/><\/figure>\n\n\n\n<figure class=\"wp-block-image size-large is-style-default\"><img loading=\"lazy\" decoding=\"async\" width=\"1024\" height=\"768\" data-id=\"11460\" src=\"https:\/\/bojornal.pt\/wp-content\/uploads\/2022\/05\/Visita-de-9ano_Porto-24-1-1024x768.jpg\" alt=\"\" class=\"wp-image-11460\" srcset=\"https:\/\/bojornal.pt\/wp-content\/uploads\/2022\/05\/Visita-de-9ano_Porto-24-1-1024x768.jpg 1024w, https:\/\/bojornal.pt\/wp-content\/uploads\/2022\/05\/Visita-de-9ano_Porto-24-1-300x225.jpg 300w, https:\/\/bojornal.pt\/wp-content\/uploads\/2022\/05\/Visita-de-9ano_Porto-24-1-150x113.jpg 150w, https:\/\/bojornal.pt\/wp-content\/uploads\/2022\/05\/Visita-de-9ano_Porto-24-1-768x576.jpg 768w, https:\/\/bojornal.pt\/wp-content\/uploads\/2022\/05\/Visita-de-9ano_Porto-24-1-1536x1152.jpg 1536w, https:\/\/bojornal.pt\/wp-content\/uploads\/2022\/05\/Visita-de-9ano_Porto-24-1-2048x1536.jpg 2048w\" sizes=\"auto, (max-width: 1024px) 100vw, 1024px\" \/><\/figure>\n\n\n\n<figure class=\"wp-block-image size-large is-style-default\"><img loading=\"lazy\" decoding=\"async\" width=\"1024\" height=\"768\" data-id=\"11459\" src=\"https:\/\/bojornal.pt\/wp-content\/uploads\/2022\/05\/Visita-de-9ano_Porto-25-1024x768.jpg\" alt=\"\" class=\"wp-image-11459\" srcset=\"https:\/\/bojornal.pt\/wp-content\/uploads\/2022\/05\/Visita-de-9ano_Porto-25-1024x768.jpg 1024w, https:\/\/bojornal.pt\/wp-content\/uploads\/2022\/05\/Visita-de-9ano_Porto-25-300x225.jpg 300w, https:\/\/bojornal.pt\/wp-content\/uploads\/2022\/05\/Visita-de-9ano_Porto-25-150x113.jpg 150w, https:\/\/bojornal.pt\/wp-content\/uploads\/2022\/05\/Visita-de-9ano_Porto-25-768x576.jpg 768w, https:\/\/bojornal.pt\/wp-content\/uploads\/2022\/05\/Visita-de-9ano_Porto-25-1536x1152.jpg 1536w, https:\/\/bojornal.pt\/wp-content\/uploads\/2022\/05\/Visita-de-9ano_Porto-25-2048x1536.jpg 2048w\" sizes=\"auto, (max-width: 1024px) 100vw, 1024px\" \/><\/figure>\n\n\n\n<figure class=\"wp-block-image size-large is-style-default\"><img loading=\"lazy\" decoding=\"async\" width=\"1024\" height=\"768\" data-id=\"11456\" src=\"https:\/\/bojornal.pt\/wp-content\/uploads\/2022\/05\/Visita-de-9ano_Porto-26-1-1024x768.jpg\" alt=\"\" class=\"wp-image-11456\" srcset=\"https:\/\/bojornal.pt\/wp-content\/uploads\/2022\/05\/Visita-de-9ano_Porto-26-1-1024x768.jpg 1024w, https:\/\/bojornal.pt\/wp-content\/uploads\/2022\/05\/Visita-de-9ano_Porto-26-1-300x225.jpg 300w, https:\/\/bojornal.pt\/wp-content\/uploads\/2022\/05\/Visita-de-9ano_Porto-26-1-150x113.jpg 150w, https:\/\/bojornal.pt\/wp-content\/uploads\/2022\/05\/Visita-de-9ano_Porto-26-1-768x576.jpg 768w, https:\/\/bojornal.pt\/wp-content\/uploads\/2022\/05\/Visita-de-9ano_Porto-26-1-1536x1152.jpg 1536w, https:\/\/bojornal.pt\/wp-content\/uploads\/2022\/05\/Visita-de-9ano_Porto-26-1-2048x1536.jpg 2048w\" sizes=\"auto, (max-width: 1024px) 100vw, 1024px\" \/><\/figure>\n\n\n\n<figure class=\"wp-block-image size-large is-style-default\"><img loading=\"lazy\" decoding=\"async\" width=\"1024\" height=\"768\" data-id=\"11461\" src=\"https:\/\/bojornal.pt\/wp-content\/uploads\/2022\/05\/Visita-de-9ano_Porto-27-1024x768.jpg\" alt=\"\" class=\"wp-image-11461\" srcset=\"https:\/\/bojornal.pt\/wp-content\/uploads\/2022\/05\/Visita-de-9ano_Porto-27-1024x768.jpg 1024w, https:\/\/bojornal.pt\/wp-content\/uploads\/2022\/05\/Visita-de-9ano_Porto-27-300x225.jpg 300w, https:\/\/bojornal.pt\/wp-content\/uploads\/2022\/05\/Visita-de-9ano_Porto-27-150x113.jpg 150w, https:\/\/bojornal.pt\/wp-content\/uploads\/2022\/05\/Visita-de-9ano_Porto-27-768x576.jpg 768w, https:\/\/bojornal.pt\/wp-content\/uploads\/2022\/05\/Visita-de-9ano_Porto-27-1536x1152.jpg 1536w, https:\/\/bojornal.pt\/wp-content\/uploads\/2022\/05\/Visita-de-9ano_Porto-27-2048x1536.jpg 2048w\" sizes=\"auto, (max-width: 1024px) 100vw, 1024px\" \/><\/figure>\n\n\n\n<figure class=\"wp-block-image size-large is-style-default\"><img loading=\"lazy\" decoding=\"async\" width=\"1024\" height=\"768\" data-id=\"11458\" src=\"https:\/\/bojornal.pt\/wp-content\/uploads\/2022\/05\/Visita-de-9ano_Porto-28-1024x768.jpg\" alt=\"\" class=\"wp-image-11458\" srcset=\"https:\/\/bojornal.pt\/wp-content\/uploads\/2022\/05\/Visita-de-9ano_Porto-28-1024x768.jpg 1024w, https:\/\/bojornal.pt\/wp-content\/uploads\/2022\/05\/Visita-de-9ano_Porto-28-300x225.jpg 300w, https:\/\/bojornal.pt\/wp-content\/uploads\/2022\/05\/Visita-de-9ano_Porto-28-150x113.jpg 150w, https:\/\/bojornal.pt\/wp-content\/uploads\/2022\/05\/Visita-de-9ano_Porto-28-768x576.jpg 768w, https:\/\/bojornal.pt\/wp-content\/uploads\/2022\/05\/Visita-de-9ano_Porto-28-1536x1152.jpg 1536w, https:\/\/bojornal.pt\/wp-content\/uploads\/2022\/05\/Visita-de-9ano_Porto-28-2048x1536.jpg 2048w\" sizes=\"auto, (max-width: 1024px) 100vw, 1024px\" \/><\/figure>\n\n\n\n<figure class=\"wp-block-image size-large is-style-default\"><img loading=\"lazy\" decoding=\"async\" width=\"1024\" height=\"768\" data-id=\"11462\" src=\"https:\/\/bojornal.pt\/wp-content\/uploads\/2022\/05\/Visita-de-9ano_Porto-29-1024x768.jpg\" alt=\"\" class=\"wp-image-11462\" srcset=\"https:\/\/bojornal.pt\/wp-content\/uploads\/2022\/05\/Visita-de-9ano_Porto-29-1024x768.jpg 1024w, https:\/\/bojornal.pt\/wp-content\/uploads\/2022\/05\/Visita-de-9ano_Porto-29-300x225.jpg 300w, https:\/\/bojornal.pt\/wp-content\/uploads\/2022\/05\/Visita-de-9ano_Porto-29-150x113.jpg 150w, https:\/\/bojornal.pt\/wp-content\/uploads\/2022\/05\/Visita-de-9ano_Porto-29-768x576.jpg 768w, https:\/\/bojornal.pt\/wp-content\/uploads\/2022\/05\/Visita-de-9ano_Porto-29-1536x1152.jpg 1536w, https:\/\/bojornal.pt\/wp-content\/uploads\/2022\/05\/Visita-de-9ano_Porto-29-2048x1536.jpg 2048w\" sizes=\"auto, (max-width: 1024px) 100vw, 1024px\" \/><\/figure>\n\n\n\n<figure class=\"wp-block-image size-large is-style-default\"><img loading=\"lazy\" decoding=\"async\" width=\"1024\" height=\"768\" data-id=\"11469\" src=\"https:\/\/bojornal.pt\/wp-content\/uploads\/2022\/05\/Visita-de-9ano_Porto-30-1024x768.jpg\" alt=\"\" class=\"wp-image-11469\" srcset=\"https:\/\/bojornal.pt\/wp-content\/uploads\/2022\/05\/Visita-de-9ano_Porto-30-1024x768.jpg 1024w, https:\/\/bojornal.pt\/wp-content\/uploads\/2022\/05\/Visita-de-9ano_Porto-30-300x225.jpg 300w, https:\/\/bojornal.pt\/wp-content\/uploads\/2022\/05\/Visita-de-9ano_Porto-30-150x113.jpg 150w, https:\/\/bojornal.pt\/wp-content\/uploads\/2022\/05\/Visita-de-9ano_Porto-30-768x576.jpg 768w, https:\/\/bojornal.pt\/wp-content\/uploads\/2022\/05\/Visita-de-9ano_Porto-30-1536x1152.jpg 1536w, https:\/\/bojornal.pt\/wp-content\/uploads\/2022\/05\/Visita-de-9ano_Porto-30-2048x1536.jpg 2048w\" sizes=\"auto, (max-width: 1024px) 100vw, 1024px\" \/><\/figure>\n\n\n\n<figure class=\"wp-block-image size-large is-style-default\"><img loading=\"lazy\" decoding=\"async\" width=\"1024\" height=\"768\" data-id=\"11472\" src=\"https:\/\/bojornal.pt\/wp-content\/uploads\/2022\/05\/Visita-de-9ano_Porto-31-1024x768.jpg\" alt=\"\" class=\"wp-image-11472\" srcset=\"https:\/\/bojornal.pt\/wp-content\/uploads\/2022\/05\/Visita-de-9ano_Porto-31-1024x768.jpg 1024w, https:\/\/bojornal.pt\/wp-content\/uploads\/2022\/05\/Visita-de-9ano_Porto-31-300x225.jpg 300w, https:\/\/bojornal.pt\/wp-content\/uploads\/2022\/05\/Visita-de-9ano_Porto-31-150x113.jpg 150w, https:\/\/bojornal.pt\/wp-content\/uploads\/2022\/05\/Visita-de-9ano_Porto-31-768x576.jpg 768w, https:\/\/bojornal.pt\/wp-content\/uploads\/2022\/05\/Visita-de-9ano_Porto-31-1536x1152.jpg 1536w, https:\/\/bojornal.pt\/wp-content\/uploads\/2022\/05\/Visita-de-9ano_Porto-31-2048x1536.jpg 2048w\" sizes=\"auto, (max-width: 1024px) 100vw, 1024px\" \/><\/figure>\n\n\n\n<figure class=\"wp-block-image size-large is-style-default\"><img loading=\"lazy\" decoding=\"async\" width=\"768\" height=\"1024\" data-id=\"11466\" src=\"https:\/\/bojornal.pt\/wp-content\/uploads\/2022\/05\/Visita-de-9ano_Porto-32-1-768x1024.jpg\" alt=\"\" class=\"wp-image-11466\" srcset=\"https:\/\/bojornal.pt\/wp-content\/uploads\/2022\/05\/Visita-de-9ano_Porto-32-1-768x1024.jpg 768w, https:\/\/bojornal.pt\/wp-content\/uploads\/2022\/05\/Visita-de-9ano_Porto-32-1-225x300.jpg 225w, https:\/\/bojornal.pt\/wp-content\/uploads\/2022\/05\/Visita-de-9ano_Porto-32-1-113x150.jpg 113w, https:\/\/bojornal.pt\/wp-content\/uploads\/2022\/05\/Visita-de-9ano_Porto-32-1-1152x1536.jpg 1152w, https:\/\/bojornal.pt\/wp-content\/uploads\/2022\/05\/Visita-de-9ano_Porto-32-1-1536x2048.jpg 1536w, https:\/\/bojornal.pt\/wp-content\/uploads\/2022\/05\/Visita-de-9ano_Porto-32-1-scaled.jpg 1920w\" sizes=\"auto, (max-width: 768px) 100vw, 768px\" \/><\/figure>\n\n\n\n<figure class=\"wp-block-image size-large is-style-default\"><img loading=\"lazy\" decoding=\"async\" width=\"1024\" height=\"768\" data-id=\"11471\" src=\"https:\/\/bojornal.pt\/wp-content\/uploads\/2022\/05\/Visita-de-9ano_Porto-33-1024x768.jpg\" alt=\"\" class=\"wp-image-11471\" srcset=\"https:\/\/bojornal.pt\/wp-content\/uploads\/2022\/05\/Visita-de-9ano_Porto-33-1024x768.jpg 1024w, https:\/\/bojornal.pt\/wp-content\/uploads\/2022\/05\/Visita-de-9ano_Porto-33-300x225.jpg 300w, https:\/\/bojornal.pt\/wp-content\/uploads\/2022\/05\/Visita-de-9ano_Porto-33-150x113.jpg 150w, https:\/\/bojornal.pt\/wp-content\/uploads\/2022\/05\/Visita-de-9ano_Porto-33-768x576.jpg 768w, https:\/\/bojornal.pt\/wp-content\/uploads\/2022\/05\/Visita-de-9ano_Porto-33-1536x1152.jpg 1536w, https:\/\/bojornal.pt\/wp-content\/uploads\/2022\/05\/Visita-de-9ano_Porto-33-2048x1536.jpg 2048w\" sizes=\"auto, (max-width: 1024px) 100vw, 1024px\" \/><\/figure>\n\n\n\n<figure class=\"wp-block-image size-large is-style-default\"><img loading=\"lazy\" decoding=\"async\" width=\"1024\" height=\"768\" data-id=\"11463\" src=\"https:\/\/bojornal.pt\/wp-content\/uploads\/2022\/05\/Visita-de-9ano_Porto-34-1-1024x768.jpg\" alt=\"\" class=\"wp-image-11463\" srcset=\"https:\/\/bojornal.pt\/wp-content\/uploads\/2022\/05\/Visita-de-9ano_Porto-34-1-1024x768.jpg 1024w, https:\/\/bojornal.pt\/wp-content\/uploads\/2022\/05\/Visita-de-9ano_Porto-34-1-300x225.jpg 300w, https:\/\/bojornal.pt\/wp-content\/uploads\/2022\/05\/Visita-de-9ano_Porto-34-1-150x113.jpg 150w, https:\/\/bojornal.pt\/wp-content\/uploads\/2022\/05\/Visita-de-9ano_Porto-34-1-768x576.jpg 768w, https:\/\/bojornal.pt\/wp-content\/uploads\/2022\/05\/Visita-de-9ano_Porto-34-1-1536x1152.jpg 1536w, https:\/\/bojornal.pt\/wp-content\/uploads\/2022\/05\/Visita-de-9ano_Porto-34-1-2048x1536.jpg 2048w\" sizes=\"auto, (max-width: 1024px) 100vw, 1024px\" \/><\/figure>\n\n\n\n<figure class=\"wp-block-image size-large is-style-default\"><img loading=\"lazy\" decoding=\"async\" width=\"1024\" height=\"768\" data-id=\"11464\" src=\"https:\/\/bojornal.pt\/wp-content\/uploads\/2022\/05\/Visita-de-9ano_Porto-35-1-1024x768.jpg\" alt=\"\" class=\"wp-image-11464\" srcset=\"https:\/\/bojornal.pt\/wp-content\/uploads\/2022\/05\/Visita-de-9ano_Porto-35-1-1024x768.jpg 1024w, https:\/\/bojornal.pt\/wp-content\/uploads\/2022\/05\/Visita-de-9ano_Porto-35-1-300x225.jpg 300w, https:\/\/bojornal.pt\/wp-content\/uploads\/2022\/05\/Visita-de-9ano_Porto-35-1-150x113.jpg 150w, https:\/\/bojornal.pt\/wp-content\/uploads\/2022\/05\/Visita-de-9ano_Porto-35-1-768x576.jpg 768w, https:\/\/bojornal.pt\/wp-content\/uploads\/2022\/05\/Visita-de-9ano_Porto-35-1-1536x1152.jpg 1536w, https:\/\/bojornal.pt\/wp-content\/uploads\/2022\/05\/Visita-de-9ano_Porto-35-1-2048x1536.jpg 2048w\" sizes=\"auto, (max-width: 1024px) 100vw, 1024px\" \/><\/figure>\n\n\n\n<figure class=\"wp-block-image size-large is-style-default\"><img loading=\"lazy\" decoding=\"async\" width=\"1024\" height=\"768\" data-id=\"11468\" src=\"https:\/\/bojornal.pt\/wp-content\/uploads\/2022\/05\/Visita-de-9ano_Porto-36-1024x768.jpg\" alt=\"\" class=\"wp-image-11468\" srcset=\"https:\/\/bojornal.pt\/wp-content\/uploads\/2022\/05\/Visita-de-9ano_Porto-36-1024x768.jpg 1024w, https:\/\/bojornal.pt\/wp-content\/uploads\/2022\/05\/Visita-de-9ano_Porto-36-300x225.jpg 300w, https:\/\/bojornal.pt\/wp-content\/uploads\/2022\/05\/Visita-de-9ano_Porto-36-150x113.jpg 150w, https:\/\/bojornal.pt\/wp-content\/uploads\/2022\/05\/Visita-de-9ano_Porto-36-768x576.jpg 768w, https:\/\/bojornal.pt\/wp-content\/uploads\/2022\/05\/Visita-de-9ano_Porto-36-1536x1152.jpg 1536w, https:\/\/bojornal.pt\/wp-content\/uploads\/2022\/05\/Visita-de-9ano_Porto-36-2048x1536.jpg 2048w\" sizes=\"auto, (max-width: 1024px) 100vw, 1024px\" \/><\/figure>\n\n\n\n<figure class=\"wp-block-image size-large is-style-default\"><img loading=\"lazy\" decoding=\"async\" width=\"1024\" height=\"768\" data-id=\"11467\" src=\"https:\/\/bojornal.pt\/wp-content\/uploads\/2022\/05\/Visita-de-9ano_Porto-37-1024x768.jpg\" alt=\"\" class=\"wp-image-11467\" srcset=\"https:\/\/bojornal.pt\/wp-content\/uploads\/2022\/05\/Visita-de-9ano_Porto-37-1024x768.jpg 1024w, https:\/\/bojornal.pt\/wp-content\/uploads\/2022\/05\/Visita-de-9ano_Porto-37-300x225.jpg 300w, https:\/\/bojornal.pt\/wp-content\/uploads\/2022\/05\/Visita-de-9ano_Porto-37-150x113.jpg 150w, https:\/\/bojornal.pt\/wp-content\/uploads\/2022\/05\/Visita-de-9ano_Porto-37-768x576.jpg 768w, https:\/\/bojornal.pt\/wp-content\/uploads\/2022\/05\/Visita-de-9ano_Porto-37-1536x1152.jpg 1536w, https:\/\/bojornal.pt\/wp-content\/uploads\/2022\/05\/Visita-de-9ano_Porto-37-2048x1536.jpg 2048w\" sizes=\"auto, (max-width: 1024px) 100vw, 1024px\" \/><\/figure>\n\n\n\n<figure class=\"wp-block-image size-large is-style-default\"><img loading=\"lazy\" decoding=\"async\" width=\"768\" height=\"1024\" data-id=\"11465\" src=\"https:\/\/bojornal.pt\/wp-content\/uploads\/2022\/05\/Visita-de-9ano_Porto-38-1-768x1024.jpg\" alt=\"\" class=\"wp-image-11465\" srcset=\"https:\/\/bojornal.pt\/wp-content\/uploads\/2022\/05\/Visita-de-9ano_Porto-38-1-768x1024.jpg 768w, https:\/\/bojornal.pt\/wp-content\/uploads\/2022\/05\/Visita-de-9ano_Porto-38-1-225x300.jpg 225w, https:\/\/bojornal.pt\/wp-content\/uploads\/2022\/05\/Visita-de-9ano_Porto-38-1-113x150.jpg 113w, https:\/\/bojornal.pt\/wp-content\/uploads\/2022\/05\/Visita-de-9ano_Porto-38-1-1152x1536.jpg 1152w, https:\/\/bojornal.pt\/wp-content\/uploads\/2022\/05\/Visita-de-9ano_Porto-38-1-1536x2048.jpg 1536w, https:\/\/bojornal.pt\/wp-content\/uploads\/2022\/05\/Visita-de-9ano_Porto-38-1-scaled.jpg 1920w\" sizes=\"auto, (max-width: 768px) 100vw, 768px\" \/><\/figure>\n\n\n\n<figure class=\"wp-block-image size-large is-style-default\"><img loading=\"lazy\" decoding=\"async\" width=\"1024\" height=\"768\" data-id=\"11470\" src=\"https:\/\/bojornal.pt\/wp-content\/uploads\/2022\/05\/Visita-de-9ano_Porto-43-1024x768.jpg\" alt=\"\" class=\"wp-image-11470\" srcset=\"https:\/\/bojornal.pt\/wp-content\/uploads\/2022\/05\/Visita-de-9ano_Porto-43-1024x768.jpg 1024w, https:\/\/bojornal.pt\/wp-content\/uploads\/2022\/05\/Visita-de-9ano_Porto-43-300x225.jpg 300w, https:\/\/bojornal.pt\/wp-content\/uploads\/2022\/05\/Visita-de-9ano_Porto-43-150x113.jpg 150w, https:\/\/bojornal.pt\/wp-content\/uploads\/2022\/05\/Visita-de-9ano_Porto-43-768x576.jpg 768w, https:\/\/bojornal.pt\/wp-content\/uploads\/2022\/05\/Visita-de-9ano_Porto-43-1536x1152.jpg 1536w, https:\/\/bojornal.pt\/wp-content\/uploads\/2022\/05\/Visita-de-9ano_Porto-43-2048x1536.jpg 2048w\" sizes=\"auto, (max-width: 1024px) 100vw, 1024px\" \/><\/figure>\n<\/figure>\n\n\n\n<p>A disciplina de Educa\u00e7\u00e3o Moral Religiosa e Cat\u00f3lica proporcionou a habitual visita de estudo, no passado dia 16 de maio, aos alunos da Escola Secund\u00e1ria Em\u00eddio Garcia que frequentam o 9\u00ba ano de escolaridade.<\/p>\n\n\n\n<p>Os alunos ficaram a conhecer, na cidade do Porto, alguns locais e monumentos mais emblem\u00e1ticos.<\/p>\n\n\n\n<p>Os autocarros da Rodonorte deixaram a cidade de Bragan\u00e7a, e, partiram em dire\u00e7\u00e3o ao Porto \u00e0s 07:00h. Os alunos estavam todos agitados, pois devido \u00e0 Covid-19, as t\u00e3o desejadas viagens de estudo, n\u00e3o se realizavam h\u00e1 2 anos.<\/p>\n\n\n\n<p>A chegada ao Porto deu-se por volta das 10:00h, como ainda era cedo para realizar o Cruzeiro das Sete Pontes, todos os alunos exploraram a zona do Cais de Vila Nova de Gaia.<\/p>\n\n\n\n<p>Em seguida, todas as turmas se dirigiram \u00e0 porta de embarque para realizar o Cruzeiro, marcado para as 11:00h. Deu-se ent\u00e3o a viagem no t\u00edpico Barco Rebelo, com a visita \u00e0 Foz do Douro, Ponte da Arr\u00e1bida, Ponte Lu\u00eds I, Ponte D. Infante, Ponte D.\u00aa Maria, Ponte S\u00e3o Jo\u00e3o e Ponte do Freixo, desembarc\u00e1ramos por volta das 11:50h.<\/p>\n\n\n\n<p>\u00c0s 12:30h, todos os alunos se deslocaram at\u00e9 ao MAR Shopping para almo\u00e7ar.<\/p>\n\n\n\n<p>Partimos em dire\u00e7\u00e3o ao centro do Porto, por volta das 14:30h, para fazer uma visita exterior \u00e0 torre dos Cl\u00e9rigos, \u00e0 avenida dos Aliados e \u00e0 esta\u00e7\u00e3o de S. Bento. Pudemos, tamb\u00e9m, conhecer a S\u00e9 do Porto, bem como, a bela vista que nos oferece e as fei\u00e7\u00f5es do monumento em si.<\/p>\n\n\n\n<p>A viagem terminou quando os alunos regressaram \u00e0 Esta\u00e7\u00e3o de Camionagem de Bragan\u00e7a, chegando \u00e0s 20:00h.<\/p>\n\n\n\n<p>Foi um dia vivido com muita divers\u00e3o, interesse e, principalmente, conhecimento.<\/p>\n\n\n\n<p><em>Carolina Barreira (9\u00baD)<\/em><\/p>\n","protected":false},"excerpt":{"rendered":"<p>A disciplina de Educa\u00e7\u00e3o Moral Religiosa e Cat\u00f3lica proporcionou a habitual visita de estudo, no passado dia 16 de maio, aos alunos da Escola Secund\u00e1ria Em\u00eddio Garcia que frequentam o 9\u00ba ano de escolaridade.&#46;&#46;&#46;<\/p>\n","protected":false},"author":2,"featured_media":11470,"comment_status":"closed","ping_status":"open","sticky":false,"template":"","format":"standard","meta":{"footnotes":""},"categories":[9,16],"tags":[],"class_list":["post-11425","post","type-post","status-publish","format-standard","has-post-thumbnail","hentry","category-em-foco","category-escola-secundaria-emidio-garcia"],"_links":{"self":[{"href":"https:\/\/bojornal.pt\/index.php?rest_route=\/wp\/v2\/posts\/11425","targetHints":{"allow":["GET"]}}],"collection":[{"href":"https:\/\/bojornal.pt\/index.php?rest_route=\/wp\/v2\/posts"}],"about":[{"href":"https:\/\/bojornal.pt\/index.php?rest_route=\/wp\/v2\/types\/post"}],"author":[{"embeddable":true,"href":"https:\/\/bojornal.pt\/index.php?rest_route=\/wp\/v2\/users\/2"}],"replies":[{"embeddable":true,"href":"https:\/\/bojornal.pt\/index.php?rest_route=%2Fwp%2Fv2%2Fcomments&post=11425"}],"version-history":[{"count":0,"href":"https:\/\/bojornal.pt\/index.php?rest_route=\/wp\/v2\/posts\/11425\/revisions"}],"wp:featuredmedia":[{"embeddable":true,"href":"https:\/\/bojornal.pt\/index.php?rest_route=\/wp\/v2\/media\/11470"}],"wp:attachment":[{"href":"https:\/\/bojornal.pt\/index.php?rest_route=%2Fwp%2Fv2%2Fmedia&parent=11425"}],"wp:term":[{"taxonomy":"category","embeddable":true,"href":"https:\/\/bojornal.pt\/index.php?rest_route=%2Fwp%2Fv2%2Fcategories&post=11425"},{"taxonomy":"post_tag","embeddable":true,"href":"https:\/\/bojornal.pt\/index.php?rest_route=%2Fwp%2Fv2%2Ftags&post=11425"}],"curies":[{"name":"wp","href":"https:\/\/api.w.org\/{rel}","templated":true}]}}