{"id":11395,"date":"2022-05-16T09:27:00","date_gmt":"2022-05-16T08:27:00","guid":{"rendered":"https:\/\/bojornal.pt\/?p=11395"},"modified":"2022-05-19T20:14:24","modified_gmt":"2022-05-19T19:14:24","slug":"escola-paulo-quintela-assinala-semana-do-coracao","status":"publish","type":"post","link":"https:\/\/bojornal.pt\/?p=11395","title":{"rendered":"Escola Paulo Quintela assinala \u201cSemana do Cora\u00e7\u00e3o\u201d"},"content":{"rendered":"\n<figure class=\"wp-block-gallery has-nested-images columns-default is-cropped wp-block-gallery-1 is-layout-flex wp-block-gallery-is-layout-flex\">\n<figure class=\"wp-block-image size-large is-style-default\"><img loading=\"lazy\" decoding=\"async\" width=\"1024\" height=\"682\" data-id=\"11397\" src=\"https:\/\/bojornal.pt\/wp-content\/uploads\/2022\/05\/Semana-do-Coracao1-1024x682.jpg\" alt=\"\" class=\"wp-image-11397\" srcset=\"https:\/\/bojornal.pt\/wp-content\/uploads\/2022\/05\/Semana-do-Coracao1-1024x682.jpg 1024w, https:\/\/bojornal.pt\/wp-content\/uploads\/2022\/05\/Semana-do-Coracao1-300x200.jpg 300w, https:\/\/bojornal.pt\/wp-content\/uploads\/2022\/05\/Semana-do-Coracao1-150x100.jpg 150w, https:\/\/bojornal.pt\/wp-content\/uploads\/2022\/05\/Semana-do-Coracao1-768x512.jpg 768w, https:\/\/bojornal.pt\/wp-content\/uploads\/2022\/05\/Semana-do-Coracao1.jpg 1280w\" sizes=\"auto, (max-width: 1024px) 100vw, 1024px\" \/><\/figure>\n\n\n\n<figure class=\"wp-block-image size-large is-style-default\"><img loading=\"lazy\" decoding=\"async\" width=\"1024\" height=\"682\" data-id=\"11396\" src=\"https:\/\/bojornal.pt\/wp-content\/uploads\/2022\/05\/Semana-do-Coracao12-1024x682.jpg\" alt=\"\" class=\"wp-image-11396\" srcset=\"https:\/\/bojornal.pt\/wp-content\/uploads\/2022\/05\/Semana-do-Coracao12-1024x682.jpg 1024w, https:\/\/bojornal.pt\/wp-content\/uploads\/2022\/05\/Semana-do-Coracao12-300x200.jpg 300w, https:\/\/bojornal.pt\/wp-content\/uploads\/2022\/05\/Semana-do-Coracao12-150x100.jpg 150w, https:\/\/bojornal.pt\/wp-content\/uploads\/2022\/05\/Semana-do-Coracao12-768x512.jpg 768w, https:\/\/bojornal.pt\/wp-content\/uploads\/2022\/05\/Semana-do-Coracao12.jpg 1280w\" sizes=\"auto, (max-width: 1024px) 100vw, 1024px\" \/><\/figure>\n\n\n\n<figure class=\"wp-block-image size-large is-style-default\"><img loading=\"lazy\" decoding=\"async\" width=\"1024\" height=\"683\" data-id=\"11417\" src=\"https:\/\/bojornal.pt\/wp-content\/uploads\/2022\/05\/Semana-do-Coracao-2-1024x683.jpg\" alt=\"\" class=\"wp-image-11417\" srcset=\"https:\/\/bojornal.pt\/wp-content\/uploads\/2022\/05\/Semana-do-Coracao-2-1024x683.jpg 1024w, https:\/\/bojornal.pt\/wp-content\/uploads\/2022\/05\/Semana-do-Coracao-2-300x200.jpg 300w, https:\/\/bojornal.pt\/wp-content\/uploads\/2022\/05\/Semana-do-Coracao-2-150x100.jpg 150w, https:\/\/bojornal.pt\/wp-content\/uploads\/2022\/05\/Semana-do-Coracao-2-768x512.jpg 768w, https:\/\/bojornal.pt\/wp-content\/uploads\/2022\/05\/Semana-do-Coracao-2-1536x1024.jpg 1536w, https:\/\/bojornal.pt\/wp-content\/uploads\/2022\/05\/Semana-do-Coracao-2-2048x1365.jpg 2048w\" sizes=\"auto, (max-width: 1024px) 100vw, 1024px\" \/><\/figure>\n\n\n\n<figure class=\"wp-block-image size-large is-style-default\"><img loading=\"lazy\" decoding=\"async\" width=\"1024\" height=\"683\" data-id=\"11416\" src=\"https:\/\/bojornal.pt\/wp-content\/uploads\/2022\/05\/Semana-do-Coracao2-2-1024x683.jpg\" alt=\"\" class=\"wp-image-11416\" srcset=\"https:\/\/bojornal.pt\/wp-content\/uploads\/2022\/05\/Semana-do-Coracao2-2-1024x683.jpg 1024w, https:\/\/bojornal.pt\/wp-content\/uploads\/2022\/05\/Semana-do-Coracao2-2-300x200.jpg 300w, https:\/\/bojornal.pt\/wp-content\/uploads\/2022\/05\/Semana-do-Coracao2-2-150x100.jpg 150w, https:\/\/bojornal.pt\/wp-content\/uploads\/2022\/05\/Semana-do-Coracao2-2-768x512.jpg 768w, https:\/\/bojornal.pt\/wp-content\/uploads\/2022\/05\/Semana-do-Coracao2-2-1536x1024.jpg 1536w, https:\/\/bojornal.pt\/wp-content\/uploads\/2022\/05\/Semana-do-Coracao2-2-2048x1365.jpg 2048w\" sizes=\"auto, (max-width: 1024px) 100vw, 1024px\" \/><\/figure>\n\n\n\n<figure class=\"wp-block-image size-large is-style-default\"><img loading=\"lazy\" decoding=\"async\" width=\"1024\" height=\"683\" data-id=\"11418\" src=\"https:\/\/bojornal.pt\/wp-content\/uploads\/2022\/05\/Semana-do-Coracao4-2-1024x683.jpg\" alt=\"\" class=\"wp-image-11418\" srcset=\"https:\/\/bojornal.pt\/wp-content\/uploads\/2022\/05\/Semana-do-Coracao4-2-1024x683.jpg 1024w, https:\/\/bojornal.pt\/wp-content\/uploads\/2022\/05\/Semana-do-Coracao4-2-300x200.jpg 300w, https:\/\/bojornal.pt\/wp-content\/uploads\/2022\/05\/Semana-do-Coracao4-2-150x100.jpg 150w, https:\/\/bojornal.pt\/wp-content\/uploads\/2022\/05\/Semana-do-Coracao4-2-768x512.jpg 768w, https:\/\/bojornal.pt\/wp-content\/uploads\/2022\/05\/Semana-do-Coracao4-2-1536x1024.jpg 1536w, https:\/\/bojornal.pt\/wp-content\/uploads\/2022\/05\/Semana-do-Coracao4-2-2048x1365.jpg 2048w\" sizes=\"auto, (max-width: 1024px) 100vw, 1024px\" \/><\/figure>\n\n\n\n<figure class=\"wp-block-image size-large is-style-default\"><img loading=\"lazy\" decoding=\"async\" width=\"1024\" height=\"683\" data-id=\"11420\" src=\"https:\/\/bojornal.pt\/wp-content\/uploads\/2022\/05\/Semana-do-Coracao5-2-1024x683.jpg\" alt=\"\" class=\"wp-image-11420\" srcset=\"https:\/\/bojornal.pt\/wp-content\/uploads\/2022\/05\/Semana-do-Coracao5-2-1024x683.jpg 1024w, https:\/\/bojornal.pt\/wp-content\/uploads\/2022\/05\/Semana-do-Coracao5-2-300x200.jpg 300w, https:\/\/bojornal.pt\/wp-content\/uploads\/2022\/05\/Semana-do-Coracao5-2-150x100.jpg 150w, https:\/\/bojornal.pt\/wp-content\/uploads\/2022\/05\/Semana-do-Coracao5-2-768x512.jpg 768w, https:\/\/bojornal.pt\/wp-content\/uploads\/2022\/05\/Semana-do-Coracao5-2-1536x1024.jpg 1536w, https:\/\/bojornal.pt\/wp-content\/uploads\/2022\/05\/Semana-do-Coracao5-2-2048x1365.jpg 2048w\" sizes=\"auto, (max-width: 1024px) 100vw, 1024px\" \/><\/figure>\n\n\n\n<figure class=\"wp-block-image size-large is-style-default\"><img loading=\"lazy\" decoding=\"async\" width=\"1024\" height=\"683\" data-id=\"11419\" src=\"https:\/\/bojornal.pt\/wp-content\/uploads\/2022\/05\/Semana-do-Coracao7-2-1024x683.jpg\" alt=\"\" class=\"wp-image-11419\" srcset=\"https:\/\/bojornal.pt\/wp-content\/uploads\/2022\/05\/Semana-do-Coracao7-2-1024x683.jpg 1024w, https:\/\/bojornal.pt\/wp-content\/uploads\/2022\/05\/Semana-do-Coracao7-2-300x200.jpg 300w, https:\/\/bojornal.pt\/wp-content\/uploads\/2022\/05\/Semana-do-Coracao7-2-150x100.jpg 150w, https:\/\/bojornal.pt\/wp-content\/uploads\/2022\/05\/Semana-do-Coracao7-2-768x512.jpg 768w, https:\/\/bojornal.pt\/wp-content\/uploads\/2022\/05\/Semana-do-Coracao7-2-1536x1024.jpg 1536w, https:\/\/bojornal.pt\/wp-content\/uploads\/2022\/05\/Semana-do-Coracao7-2-2048x1365.jpg 2048w\" sizes=\"auto, (max-width: 1024px) 100vw, 1024px\" \/><\/figure>\n\n\n\n<figure class=\"wp-block-image size-large is-style-default\"><img loading=\"lazy\" decoding=\"async\" width=\"1024\" height=\"683\" data-id=\"11422\" src=\"https:\/\/bojornal.pt\/wp-content\/uploads\/2022\/05\/Semana-do-Coracao8-2-1024x683.jpg\" alt=\"\" class=\"wp-image-11422\" srcset=\"https:\/\/bojornal.pt\/wp-content\/uploads\/2022\/05\/Semana-do-Coracao8-2-1024x683.jpg 1024w, https:\/\/bojornal.pt\/wp-content\/uploads\/2022\/05\/Semana-do-Coracao8-2-300x200.jpg 300w, https:\/\/bojornal.pt\/wp-content\/uploads\/2022\/05\/Semana-do-Coracao8-2-150x100.jpg 150w, https:\/\/bojornal.pt\/wp-content\/uploads\/2022\/05\/Semana-do-Coracao8-2-768x512.jpg 768w, https:\/\/bojornal.pt\/wp-content\/uploads\/2022\/05\/Semana-do-Coracao8-2-1536x1024.jpg 1536w, https:\/\/bojornal.pt\/wp-content\/uploads\/2022\/05\/Semana-do-Coracao8-2-2048x1365.jpg 2048w\" sizes=\"auto, (max-width: 1024px) 100vw, 1024px\" \/><\/figure>\n\n\n\n<figure class=\"wp-block-image size-large is-style-default\"><img loading=\"lazy\" decoding=\"async\" width=\"1024\" height=\"683\" data-id=\"11423\" src=\"https:\/\/bojornal.pt\/wp-content\/uploads\/2022\/05\/Semana-do-Coracao9-2-1024x683.jpg\" alt=\"\" class=\"wp-image-11423\" srcset=\"https:\/\/bojornal.pt\/wp-content\/uploads\/2022\/05\/Semana-do-Coracao9-2-1024x683.jpg 1024w, https:\/\/bojornal.pt\/wp-content\/uploads\/2022\/05\/Semana-do-Coracao9-2-300x200.jpg 300w, https:\/\/bojornal.pt\/wp-content\/uploads\/2022\/05\/Semana-do-Coracao9-2-150x100.jpg 150w, https:\/\/bojornal.pt\/wp-content\/uploads\/2022\/05\/Semana-do-Coracao9-2-768x512.jpg 768w, https:\/\/bojornal.pt\/wp-content\/uploads\/2022\/05\/Semana-do-Coracao9-2-1536x1024.jpg 1536w, https:\/\/bojornal.pt\/wp-content\/uploads\/2022\/05\/Semana-do-Coracao9-2-2048x1365.jpg 2048w\" sizes=\"auto, (max-width: 1024px) 100vw, 1024px\" \/><\/figure>\n\n\n\n<figure class=\"wp-block-image size-large is-style-default\"><img loading=\"lazy\" decoding=\"async\" width=\"1024\" height=\"683\" data-id=\"11421\" src=\"https:\/\/bojornal.pt\/wp-content\/uploads\/2022\/05\/Semana-do-Coracao10-2-1024x683.jpg\" alt=\"\" class=\"wp-image-11421\" srcset=\"https:\/\/bojornal.pt\/wp-content\/uploads\/2022\/05\/Semana-do-Coracao10-2-1024x683.jpg 1024w, https:\/\/bojornal.pt\/wp-content\/uploads\/2022\/05\/Semana-do-Coracao10-2-300x200.jpg 300w, https:\/\/bojornal.pt\/wp-content\/uploads\/2022\/05\/Semana-do-Coracao10-2-150x100.jpg 150w, https:\/\/bojornal.pt\/wp-content\/uploads\/2022\/05\/Semana-do-Coracao10-2-768x512.jpg 768w, https:\/\/bojornal.pt\/wp-content\/uploads\/2022\/05\/Semana-do-Coracao10-2-1536x1024.jpg 1536w, https:\/\/bojornal.pt\/wp-content\/uploads\/2022\/05\/Semana-do-Coracao10-2-2048x1365.jpg 2048w\" sizes=\"auto, (max-width: 1024px) 100vw, 1024px\" \/><\/figure>\n<\/figure>\n\n\n\n<p>A Escola Paulo Quintela assinalou a \u201cSEMANA DO CORA\u00c7\u00c2O&#8221;, atrav\u00e9s da realiza\u00e7\u00e3o de diversas atividades. \u00a0A caminhada da comunidade escolar, realizada no passado dia 11 de maio, constituiu uma das mais atrativas iniciativas desta semana.<br \/>Com o objetivo de sensibilizar para a import\u00e2ncia do exerc\u00edcio f\u00edsico para um estilo de vida saud\u00e1vel, alunos e professores realizaram uma caminhada com cerca de 3 km de dist\u00e2ncia, que terminou no gin\u00e1sio da Escola onde os bombeiros e a Enfermeira da equipa de sa\u00fade escolar realizaram uma demonstra\u00e7\u00e3o de Primeiros Socorros e suporte b\u00e1sico de vida.<br \/>Os alunos mostraram-se atentos, participativo e agradados por mais uma atividade diferente, depois de quase dois anos de interregno.<\/p>\n","protected":false},"excerpt":{"rendered":"<p>A Escola Paulo Quintela assinalou a \u201cSEMANA DO CORA\u00c7\u00c2O&#8221;, atrav\u00e9s da realiza\u00e7\u00e3o de diversas atividades. \u00a0A caminhada da comunidade escolar, realizada no passado dia 11 de maio, constituiu uma das mais atrativas iniciativas desta&#46;&#46;&#46;<\/p>\n","protected":false},"author":2,"featured_media":11417,"comment_status":"closed","ping_status":"open","sticky":false,"template":"","format":"standard","meta":{"footnotes":""},"categories":[9,13],"tags":[],"class_list":["post-11395","post","type-post","status-publish","format-standard","has-post-thumbnail","hentry","category-em-foco","category-escola-paulo-quintela"],"_links":{"self":[{"href":"https:\/\/bojornal.pt\/index.php?rest_route=\/wp\/v2\/posts\/11395","targetHints":{"allow":["GET"]}}],"collection":[{"href":"https:\/\/bojornal.pt\/index.php?rest_route=\/wp\/v2\/posts"}],"about":[{"href":"https:\/\/bojornal.pt\/index.php?rest_route=\/wp\/v2\/types\/post"}],"author":[{"embeddable":true,"href":"https:\/\/bojornal.pt\/index.php?rest_route=\/wp\/v2\/users\/2"}],"replies":[{"embeddable":true,"href":"https:\/\/bojornal.pt\/index.php?rest_route=%2Fwp%2Fv2%2Fcomments&post=11395"}],"version-history":[{"count":0,"href":"https:\/\/bojornal.pt\/index.php?rest_route=\/wp\/v2\/posts\/11395\/revisions"}],"wp:featuredmedia":[{"embeddable":true,"href":"https:\/\/bojornal.pt\/index.php?rest_route=\/wp\/v2\/media\/11417"}],"wp:attachment":[{"href":"https:\/\/bojornal.pt\/index.php?rest_route=%2Fwp%2Fv2%2Fmedia&parent=11395"}],"wp:term":[{"taxonomy":"category","embeddable":true,"href":"https:\/\/bojornal.pt\/index.php?rest_route=%2Fwp%2Fv2%2Fcategories&post=11395"},{"taxonomy":"post_tag","embeddable":true,"href":"https:\/\/bojornal.pt\/index.php?rest_route=%2Fwp%2Fv2%2Ftags&post=11395"}],"curies":[{"name":"wp","href":"https:\/\/api.w.org\/{rel}","templated":true}]}}