{"id":11386,"date":"2022-04-19T10:40:00","date_gmt":"2022-04-19T09:40:00","guid":{"rendered":"https:\/\/bojornal.pt\/?p=11386"},"modified":"2022-05-12T10:42:29","modified_gmt":"2022-05-12T09:42:29","slug":"psp-dinamiza-acoes-de-sensibilizacao-na-escola","status":"publish","type":"post","link":"https:\/\/bojornal.pt\/?p=11386","title":{"rendered":"PSP dinamiza a\u00e7\u00f5es de sensibiliza\u00e7\u00e3o na Escola"},"content":{"rendered":"\n<figure class=\"wp-block-gallery has-nested-images columns-default is-cropped wp-block-gallery-1 is-layout-flex wp-block-gallery-is-layout-flex\">\n<figure class=\"wp-block-image size-large is-style-default\"><img loading=\"lazy\" decoding=\"async\" width=\"1024\" height=\"479\" data-id=\"11388\" src=\"https:\/\/bojornal.pt\/wp-content\/uploads\/2022\/05\/Escola-Segura-1-1024x479.jpg\" alt=\"\" class=\"wp-image-11388\" srcset=\"https:\/\/bojornal.pt\/wp-content\/uploads\/2022\/05\/Escola-Segura-1-1024x479.jpg 1024w, https:\/\/bojornal.pt\/wp-content\/uploads\/2022\/05\/Escola-Segura-1-300x140.jpg 300w, https:\/\/bojornal.pt\/wp-content\/uploads\/2022\/05\/Escola-Segura-1-150x70.jpg 150w, https:\/\/bojornal.pt\/wp-content\/uploads\/2022\/05\/Escola-Segura-1-768x359.jpg 768w, https:\/\/bojornal.pt\/wp-content\/uploads\/2022\/05\/Escola-Segura-1-1536x719.jpg 1536w, https:\/\/bojornal.pt\/wp-content\/uploads\/2022\/05\/Escola-Segura-1.jpg 2000w\" sizes=\"auto, (max-width: 1024px) 100vw, 1024px\" \/><\/figure>\n\n\n\n<figure class=\"wp-block-image size-large is-style-default\"><img loading=\"lazy\" decoding=\"async\" width=\"1024\" height=\"479\" data-id=\"11387\" src=\"https:\/\/bojornal.pt\/wp-content\/uploads\/2022\/05\/Escola-Segura-2-1024x479.jpg\" alt=\"\" class=\"wp-image-11387\" srcset=\"https:\/\/bojornal.pt\/wp-content\/uploads\/2022\/05\/Escola-Segura-2-1024x479.jpg 1024w, https:\/\/bojornal.pt\/wp-content\/uploads\/2022\/05\/Escola-Segura-2-300x140.jpg 300w, https:\/\/bojornal.pt\/wp-content\/uploads\/2022\/05\/Escola-Segura-2-150x70.jpg 150w, https:\/\/bojornal.pt\/wp-content\/uploads\/2022\/05\/Escola-Segura-2-768x359.jpg 768w, https:\/\/bojornal.pt\/wp-content\/uploads\/2022\/05\/Escola-Segura-2-1536x719.jpg 1536w, https:\/\/bojornal.pt\/wp-content\/uploads\/2022\/05\/Escola-Segura-2.jpg 2000w\" sizes=\"auto, (max-width: 1024px) 100vw, 1024px\" \/><\/figure>\n\n\n\n<figure class=\"wp-block-image size-large is-style-default\"><img loading=\"lazy\" decoding=\"async\" width=\"1024\" height=\"479\" data-id=\"11389\" src=\"https:\/\/bojornal.pt\/wp-content\/uploads\/2022\/05\/Escola-Segura-3-1024x479.jpg\" alt=\"\" class=\"wp-image-11389\" srcset=\"https:\/\/bojornal.pt\/wp-content\/uploads\/2022\/05\/Escola-Segura-3-1024x479.jpg 1024w, https:\/\/bojornal.pt\/wp-content\/uploads\/2022\/05\/Escola-Segura-3-300x140.jpg 300w, https:\/\/bojornal.pt\/wp-content\/uploads\/2022\/05\/Escola-Segura-3-150x70.jpg 150w, https:\/\/bojornal.pt\/wp-content\/uploads\/2022\/05\/Escola-Segura-3-768x359.jpg 768w, https:\/\/bojornal.pt\/wp-content\/uploads\/2022\/05\/Escola-Segura-3-1536x719.jpg 1536w, https:\/\/bojornal.pt\/wp-content\/uploads\/2022\/05\/Escola-Segura-3.jpg 2000w\" sizes=\"auto, (max-width: 1024px) 100vw, 1024px\" \/><\/figure>\n<\/figure>\n\n\n\n<p>Ao longo dos primeiro e segundo per\u00edodos, foram promovidas na Escola Paulo Quintela, sess\u00f5es dinamizadas pela PSP &#8220;Escola Segura&#8221;, com a abordagem de diversas tem\u00e1ticas ligadas \u00e0 promo\u00e7\u00e3o de comportamentos mais seguros quer nos relacionamentos entre pares, quer nos comportamentos individuais.&nbsp;<\/p>\n\n\n\n<p>Estas sess\u00f5es foram realizadas em articula\u00e7\u00e3o com a disciplina de Cidadania e Desenvolvimento, nos 5\u00ba e 6\u00b0anos e as tem\u00e1ticas abordadas foram: &#8220;Bullying \u00e9 para fracos&#8221;, &#8220;Sim \u00e0 diferen\u00e7a&#8221;, &#8220;Estrada Segura&#8221; e &#8220;Internet Segura&#8221;.<\/p>\n","protected":false},"excerpt":{"rendered":"<p>Ao longo dos primeiro e segundo per\u00edodos, foram promovidas na Escola Paulo Quintela, sess\u00f5es dinamizadas pela PSP &#8220;Escola Segura&#8221;, com a abordagem de diversas tem\u00e1ticas ligadas \u00e0 promo\u00e7\u00e3o de comportamentos mais seguros quer nos&#46;&#46;&#46;<\/p>\n","protected":false},"author":2,"featured_media":11388,"comment_status":"closed","ping_status":"open","sticky":false,"template":"","format":"standard","meta":{"footnotes":""},"categories":[2,13],"tags":[],"class_list":["post-11386","post","type-post","status-publish","format-standard","has-post-thumbnail","hentry","category-atualidade","category-escola-paulo-quintela"],"_links":{"self":[{"href":"https:\/\/bojornal.pt\/index.php?rest_route=\/wp\/v2\/posts\/11386","targetHints":{"allow":["GET"]}}],"collection":[{"href":"https:\/\/bojornal.pt\/index.php?rest_route=\/wp\/v2\/posts"}],"about":[{"href":"https:\/\/bojornal.pt\/index.php?rest_route=\/wp\/v2\/types\/post"}],"author":[{"embeddable":true,"href":"https:\/\/bojornal.pt\/index.php?rest_route=\/wp\/v2\/users\/2"}],"replies":[{"embeddable":true,"href":"https:\/\/bojornal.pt\/index.php?rest_route=%2Fwp%2Fv2%2Fcomments&post=11386"}],"version-history":[{"count":0,"href":"https:\/\/bojornal.pt\/index.php?rest_route=\/wp\/v2\/posts\/11386\/revisions"}],"wp:featuredmedia":[{"embeddable":true,"href":"https:\/\/bojornal.pt\/index.php?rest_route=\/wp\/v2\/media\/11388"}],"wp:attachment":[{"href":"https:\/\/bojornal.pt\/index.php?rest_route=%2Fwp%2Fv2%2Fmedia&parent=11386"}],"wp:term":[{"taxonomy":"category","embeddable":true,"href":"https:\/\/bojornal.pt\/index.php?rest_route=%2Fwp%2Fv2%2Fcategories&post=11386"},{"taxonomy":"post_tag","embeddable":true,"href":"https:\/\/bojornal.pt\/index.php?rest_route=%2Fwp%2Fv2%2Ftags&post=11386"}],"curies":[{"name":"wp","href":"https:\/\/api.w.org\/{rel}","templated":true}]}}