{"id":11378,"date":"2022-03-23T10:32:00","date_gmt":"2022-03-23T10:32:00","guid":{"rendered":"https:\/\/bojornal.pt\/?p=11378"},"modified":"2022-05-12T10:35:07","modified_gmt":"2022-05-12T09:35:07","slug":"escola-paulo-quintela-dia-mundial-da-floresta","status":"publish","type":"post","link":"https:\/\/bojornal.pt\/?p=11378","title":{"rendered":"Escola Paulo Quintela Dia Mundial da Floresta"},"content":{"rendered":"\n<figure class=\"wp-block-gallery has-nested-images columns-default is-cropped wp-block-gallery-1 is-layout-flex wp-block-gallery-is-layout-flex\">\n<figure class=\"wp-block-image size-large is-style-default\"><img loading=\"lazy\" decoding=\"async\" width=\"1024\" height=\"479\" data-id=\"11379\" src=\"https:\/\/bojornal.pt\/wp-content\/uploads\/2022\/05\/Dia-da-Floresta_PauloQuintela-1-1024x479.jpg\" alt=\"\" class=\"wp-image-11379\" srcset=\"https:\/\/bojornal.pt\/wp-content\/uploads\/2022\/05\/Dia-da-Floresta_PauloQuintela-1-1024x479.jpg 1024w, https:\/\/bojornal.pt\/wp-content\/uploads\/2022\/05\/Dia-da-Floresta_PauloQuintela-1-300x140.jpg 300w, https:\/\/bojornal.pt\/wp-content\/uploads\/2022\/05\/Dia-da-Floresta_PauloQuintela-1-150x70.jpg 150w, https:\/\/bojornal.pt\/wp-content\/uploads\/2022\/05\/Dia-da-Floresta_PauloQuintela-1-768x359.jpg 768w, https:\/\/bojornal.pt\/wp-content\/uploads\/2022\/05\/Dia-da-Floresta_PauloQuintela-1-1536x719.jpg 1536w, https:\/\/bojornal.pt\/wp-content\/uploads\/2022\/05\/Dia-da-Floresta_PauloQuintela-1.jpg 2000w\" sizes=\"auto, (max-width: 1024px) 100vw, 1024px\" \/><\/figure>\n\n\n\n<figure class=\"wp-block-image size-large is-style-default\"><img loading=\"lazy\" decoding=\"async\" width=\"1024\" height=\"479\" data-id=\"11380\" src=\"https:\/\/bojornal.pt\/wp-content\/uploads\/2022\/05\/Dia-da-Floresta_PauloQuintela-2-1024x479.jpg\" alt=\"\" class=\"wp-image-11380\" srcset=\"https:\/\/bojornal.pt\/wp-content\/uploads\/2022\/05\/Dia-da-Floresta_PauloQuintela-2-1024x479.jpg 1024w, https:\/\/bojornal.pt\/wp-content\/uploads\/2022\/05\/Dia-da-Floresta_PauloQuintela-2-300x140.jpg 300w, https:\/\/bojornal.pt\/wp-content\/uploads\/2022\/05\/Dia-da-Floresta_PauloQuintela-2-150x70.jpg 150w, https:\/\/bojornal.pt\/wp-content\/uploads\/2022\/05\/Dia-da-Floresta_PauloQuintela-2-768x359.jpg 768w, https:\/\/bojornal.pt\/wp-content\/uploads\/2022\/05\/Dia-da-Floresta_PauloQuintela-2-1536x719.jpg 1536w, https:\/\/bojornal.pt\/wp-content\/uploads\/2022\/05\/Dia-da-Floresta_PauloQuintela-2.jpg 2000w\" sizes=\"auto, (max-width: 1024px) 100vw, 1024px\" \/><\/figure>\n\n\n\n<figure class=\"wp-block-image size-large is-style-default\"><img loading=\"lazy\" decoding=\"async\" width=\"1024\" height=\"479\" data-id=\"11383\" src=\"https:\/\/bojornal.pt\/wp-content\/uploads\/2022\/05\/Dia-da-Floresta_PauloQuintela-3-1024x479.jpg\" alt=\"\" class=\"wp-image-11383\" srcset=\"https:\/\/bojornal.pt\/wp-content\/uploads\/2022\/05\/Dia-da-Floresta_PauloQuintela-3-1024x479.jpg 1024w, https:\/\/bojornal.pt\/wp-content\/uploads\/2022\/05\/Dia-da-Floresta_PauloQuintela-3-300x140.jpg 300w, https:\/\/bojornal.pt\/wp-content\/uploads\/2022\/05\/Dia-da-Floresta_PauloQuintela-3-150x70.jpg 150w, https:\/\/bojornal.pt\/wp-content\/uploads\/2022\/05\/Dia-da-Floresta_PauloQuintela-3-768x359.jpg 768w, https:\/\/bojornal.pt\/wp-content\/uploads\/2022\/05\/Dia-da-Floresta_PauloQuintela-3-1536x719.jpg 1536w, https:\/\/bojornal.pt\/wp-content\/uploads\/2022\/05\/Dia-da-Floresta_PauloQuintela-3.jpg 2000w\" sizes=\"auto, (max-width: 1024px) 100vw, 1024px\" \/><\/figure>\n\n\n\n<figure class=\"wp-block-image size-large is-style-default\"><img loading=\"lazy\" decoding=\"async\" width=\"1024\" height=\"479\" data-id=\"11381\" src=\"https:\/\/bojornal.pt\/wp-content\/uploads\/2022\/05\/Dia-da-Floresta_PauloQuintela-4-1024x479.jpg\" alt=\"\" class=\"wp-image-11381\" srcset=\"https:\/\/bojornal.pt\/wp-content\/uploads\/2022\/05\/Dia-da-Floresta_PauloQuintela-4-1024x479.jpg 1024w, https:\/\/bojornal.pt\/wp-content\/uploads\/2022\/05\/Dia-da-Floresta_PauloQuintela-4-300x140.jpg 300w, https:\/\/bojornal.pt\/wp-content\/uploads\/2022\/05\/Dia-da-Floresta_PauloQuintela-4-150x70.jpg 150w, https:\/\/bojornal.pt\/wp-content\/uploads\/2022\/05\/Dia-da-Floresta_PauloQuintela-4-768x359.jpg 768w, https:\/\/bojornal.pt\/wp-content\/uploads\/2022\/05\/Dia-da-Floresta_PauloQuintela-4-1536x719.jpg 1536w, https:\/\/bojornal.pt\/wp-content\/uploads\/2022\/05\/Dia-da-Floresta_PauloQuintela-4.jpg 2000w\" sizes=\"auto, (max-width: 1024px) 100vw, 1024px\" \/><\/figure>\n\n\n\n<figure class=\"wp-block-image size-large is-style-default\"><img loading=\"lazy\" decoding=\"async\" width=\"1024\" height=\"479\" data-id=\"11382\" src=\"https:\/\/bojornal.pt\/wp-content\/uploads\/2022\/05\/Dia-da-Floresta_PauloQuintela-5-1024x479.jpg\" alt=\"\" class=\"wp-image-11382\" srcset=\"https:\/\/bojornal.pt\/wp-content\/uploads\/2022\/05\/Dia-da-Floresta_PauloQuintela-5-1024x479.jpg 1024w, https:\/\/bojornal.pt\/wp-content\/uploads\/2022\/05\/Dia-da-Floresta_PauloQuintela-5-300x140.jpg 300w, https:\/\/bojornal.pt\/wp-content\/uploads\/2022\/05\/Dia-da-Floresta_PauloQuintela-5-150x70.jpg 150w, https:\/\/bojornal.pt\/wp-content\/uploads\/2022\/05\/Dia-da-Floresta_PauloQuintela-5-768x359.jpg 768w, https:\/\/bojornal.pt\/wp-content\/uploads\/2022\/05\/Dia-da-Floresta_PauloQuintela-5-1536x719.jpg 1536w, https:\/\/bojornal.pt\/wp-content\/uploads\/2022\/05\/Dia-da-Floresta_PauloQuintela-5.jpg 2000w\" sizes=\"auto, (max-width: 1024px) 100vw, 1024px\" \/><\/figure>\n\n\n\n<figure class=\"wp-block-image size-large is-style-default\"><img loading=\"lazy\" decoding=\"async\" width=\"1024\" height=\"479\" data-id=\"11384\" src=\"https:\/\/bojornal.pt\/wp-content\/uploads\/2022\/05\/Dia-da-Floresta_PauloQuintela-6-1024x479.jpg\" alt=\"\" class=\"wp-image-11384\" srcset=\"https:\/\/bojornal.pt\/wp-content\/uploads\/2022\/05\/Dia-da-Floresta_PauloQuintela-6-1024x479.jpg 1024w, https:\/\/bojornal.pt\/wp-content\/uploads\/2022\/05\/Dia-da-Floresta_PauloQuintela-6-300x140.jpg 300w, https:\/\/bojornal.pt\/wp-content\/uploads\/2022\/05\/Dia-da-Floresta_PauloQuintela-6-150x70.jpg 150w, https:\/\/bojornal.pt\/wp-content\/uploads\/2022\/05\/Dia-da-Floresta_PauloQuintela-6-768x359.jpg 768w, https:\/\/bojornal.pt\/wp-content\/uploads\/2022\/05\/Dia-da-Floresta_PauloQuintela-6-1536x719.jpg 1536w, https:\/\/bojornal.pt\/wp-content\/uploads\/2022\/05\/Dia-da-Floresta_PauloQuintela-6.jpg 2000w\" sizes=\"auto, (max-width: 1024px) 100vw, 1024px\" \/><\/figure>\n<\/figure>\n\n\n\n<p>Os alunos da Escola B\u00e1sica Paulo Quintela assinalaram, no dia 21 de mar\u00e7o, o Dia Internacional da Floresta atrav\u00e9s de uma a\u00e7\u00e3o de sensibiliza\u00e7\u00e3o. Esta iniciativa Contou com a colabora\u00e7\u00e3o de t\u00e9cnicos do Parque Natural de Montesinho que sensibilizaram a plateia do nosso audit\u00f3rio para a import\u00e2ncia da floresta aut\u00f3ctone da nossa regi\u00e3o. Os alunos puderam observar exemplares dessas esp\u00e9cies, esclarecer d\u00favidas e tamb\u00e9m mostrar os seus conhecimentos sobre a tem\u00e1tica. Foi um momento agrad\u00e1vel que veio enriquecer e refor\u00e7ar conte\u00fados trabalhados em diversas disciplinas.<\/p>\n","protected":false},"excerpt":{"rendered":"<p>Os alunos da Escola B\u00e1sica Paulo Quintela assinalaram, no dia 21 de mar\u00e7o, o Dia Internacional da Floresta atrav\u00e9s de uma a\u00e7\u00e3o de sensibiliza\u00e7\u00e3o. Esta iniciativa Contou com a colabora\u00e7\u00e3o de t\u00e9cnicos do Parque&#46;&#46;&#46;<\/p>\n","protected":false},"author":2,"featured_media":11380,"comment_status":"closed","ping_status":"open","sticky":false,"template":"","format":"standard","meta":{"footnotes":""},"categories":[2,9,13],"tags":[],"class_list":["post-11378","post","type-post","status-publish","format-standard","has-post-thumbnail","hentry","category-atualidade","category-em-foco","category-escola-paulo-quintela"],"_links":{"self":[{"href":"https:\/\/bojornal.pt\/index.php?rest_route=\/wp\/v2\/posts\/11378","targetHints":{"allow":["GET"]}}],"collection":[{"href":"https:\/\/bojornal.pt\/index.php?rest_route=\/wp\/v2\/posts"}],"about":[{"href":"https:\/\/bojornal.pt\/index.php?rest_route=\/wp\/v2\/types\/post"}],"author":[{"embeddable":true,"href":"https:\/\/bojornal.pt\/index.php?rest_route=\/wp\/v2\/users\/2"}],"replies":[{"embeddable":true,"href":"https:\/\/bojornal.pt\/index.php?rest_route=%2Fwp%2Fv2%2Fcomments&post=11378"}],"version-history":[{"count":0,"href":"https:\/\/bojornal.pt\/index.php?rest_route=\/wp\/v2\/posts\/11378\/revisions"}],"wp:featuredmedia":[{"embeddable":true,"href":"https:\/\/bojornal.pt\/index.php?rest_route=\/wp\/v2\/media\/11380"}],"wp:attachment":[{"href":"https:\/\/bojornal.pt\/index.php?rest_route=%2Fwp%2Fv2%2Fmedia&parent=11378"}],"wp:term":[{"taxonomy":"category","embeddable":true,"href":"https:\/\/bojornal.pt\/index.php?rest_route=%2Fwp%2Fv2%2Fcategories&post=11378"},{"taxonomy":"post_tag","embeddable":true,"href":"https:\/\/bojornal.pt\/index.php?rest_route=%2Fwp%2Fv2%2Ftags&post=11378"}],"curies":[{"name":"wp","href":"https:\/\/api.w.org\/{rel}","templated":true}]}}