{"id":11373,"date":"2022-05-11T10:18:00","date_gmt":"2022-05-11T09:18:00","guid":{"rendered":"https:\/\/bojornal.pt\/?p=11373"},"modified":"2022-05-12T10:24:47","modified_gmt":"2022-05-12T09:24:47","slug":"semana-ubuntu-no-liceu-3odia","status":"publish","type":"post","link":"https:\/\/bojornal.pt\/?p=11373","title":{"rendered":"Semana UBUNTU no Liceu (3\u00baDia)"},"content":{"rendered":"\n<figure class=\"wp-block-gallery has-nested-images columns-default is-cropped wp-block-gallery-1 is-layout-flex wp-block-gallery-is-layout-flex\">\n<figure class=\"wp-block-image size-large is-style-default\"><img loading=\"lazy\" decoding=\"async\" width=\"1024\" height=\"576\" data-id=\"11375\" src=\"https:\/\/bojornal.pt\/wp-content\/uploads\/2022\/05\/Semana-Ubuntu.jpg\" alt=\"\" class=\"wp-image-11375\" srcset=\"https:\/\/bojornal.pt\/wp-content\/uploads\/2022\/05\/Semana-Ubuntu.jpg 1024w, https:\/\/bojornal.pt\/wp-content\/uploads\/2022\/05\/Semana-Ubuntu-300x169.jpg 300w, https:\/\/bojornal.pt\/wp-content\/uploads\/2022\/05\/Semana-Ubuntu-150x84.jpg 150w, https:\/\/bojornal.pt\/wp-content\/uploads\/2022\/05\/Semana-Ubuntu-768x432.jpg 768w\" sizes=\"auto, (max-width: 1024px) 100vw, 1024px\" \/><\/figure>\n\n\n\n<figure class=\"wp-block-image size-large is-style-default\"><img loading=\"lazy\" decoding=\"async\" width=\"1024\" height=\"576\" data-id=\"11374\" src=\"https:\/\/bojornal.pt\/wp-content\/uploads\/2022\/05\/Semana-Ubuntu_3dia.jpg\" alt=\"\" class=\"wp-image-11374\" srcset=\"https:\/\/bojornal.pt\/wp-content\/uploads\/2022\/05\/Semana-Ubuntu_3dia.jpg 1024w, https:\/\/bojornal.pt\/wp-content\/uploads\/2022\/05\/Semana-Ubuntu_3dia-300x169.jpg 300w, https:\/\/bojornal.pt\/wp-content\/uploads\/2022\/05\/Semana-Ubuntu_3dia-150x84.jpg 150w, https:\/\/bojornal.pt\/wp-content\/uploads\/2022\/05\/Semana-Ubuntu_3dia-768x432.jpg 768w\" sizes=\"auto, (max-width: 1024px) 100vw, 1024px\" \/><\/figure>\n<\/figure>\n\n\n\n<p>Terminou o terceiro dia da Semana Ubuntu. Hoje, os alunos realizaram atividades relacionadas com a supera\u00e7\u00e3o e com a for\u00e7a que nos pode levar a vencer obst\u00e1culos. <\/p>\n","protected":false},"excerpt":{"rendered":"<p>Terminou o terceiro dia da Semana Ubuntu. Hoje, os alunos realizaram atividades relacionadas com a supera\u00e7\u00e3o e com a for\u00e7a que nos pode levar a vencer obst\u00e1culos.<\/p>\n","protected":false},"author":2,"featured_media":11374,"comment_status":"closed","ping_status":"open","sticky":false,"template":"","format":"standard","meta":{"footnotes":""},"categories":[2,9,16],"tags":[],"class_list":["post-11373","post","type-post","status-publish","format-standard","has-post-thumbnail","hentry","category-atualidade","category-em-foco","category-escola-secundaria-emidio-garcia"],"_links":{"self":[{"href":"https:\/\/bojornal.pt\/index.php?rest_route=\/wp\/v2\/posts\/11373","targetHints":{"allow":["GET"]}}],"collection":[{"href":"https:\/\/bojornal.pt\/index.php?rest_route=\/wp\/v2\/posts"}],"about":[{"href":"https:\/\/bojornal.pt\/index.php?rest_route=\/wp\/v2\/types\/post"}],"author":[{"embeddable":true,"href":"https:\/\/bojornal.pt\/index.php?rest_route=\/wp\/v2\/users\/2"}],"replies":[{"embeddable":true,"href":"https:\/\/bojornal.pt\/index.php?rest_route=%2Fwp%2Fv2%2Fcomments&post=11373"}],"version-history":[{"count":0,"href":"https:\/\/bojornal.pt\/index.php?rest_route=\/wp\/v2\/posts\/11373\/revisions"}],"wp:featuredmedia":[{"embeddable":true,"href":"https:\/\/bojornal.pt\/index.php?rest_route=\/wp\/v2\/media\/11374"}],"wp:attachment":[{"href":"https:\/\/bojornal.pt\/index.php?rest_route=%2Fwp%2Fv2%2Fmedia&parent=11373"}],"wp:term":[{"taxonomy":"category","embeddable":true,"href":"https:\/\/bojornal.pt\/index.php?rest_route=%2Fwp%2Fv2%2Fcategories&post=11373"},{"taxonomy":"post_tag","embeddable":true,"href":"https:\/\/bojornal.pt\/index.php?rest_route=%2Fwp%2Fv2%2Ftags&post=11373"}],"curies":[{"name":"wp","href":"https:\/\/api.w.org\/{rel}","templated":true}]}}