{"id":11335,"date":"2022-05-07T22:53:00","date_gmt":"2022-05-07T21:53:00","guid":{"rendered":"https:\/\/bojornal.pt\/?p=11335"},"modified":"2022-05-08T22:55:44","modified_gmt":"2022-05-08T21:55:44","slug":"agrupamento-participa-na-feira-do-emprego-educacao-e-solidariedade","status":"publish","type":"post","link":"https:\/\/bojornal.pt\/?p=11335","title":{"rendered":"Agrupamento participa na Feira do Emprego, Educa\u00e7\u00e3o e Solidariedade"},"content":{"rendered":"\n<figure class=\"wp-block-gallery has-nested-images columns-default is-cropped wp-block-gallery-1 is-layout-flex wp-block-gallery-is-layout-flex\">\n<figure class=\"wp-block-image size-large is-style-default\"><img loading=\"lazy\" decoding=\"async\" width=\"1024\" height=\"768\" data-id=\"11336\" src=\"https:\/\/bojornal.pt\/wp-content\/uploads\/2022\/05\/Feira-do-Emprego-1024x768.jpg\" alt=\"\" class=\"wp-image-11336\" srcset=\"https:\/\/bojornal.pt\/wp-content\/uploads\/2022\/05\/Feira-do-Emprego-1024x768.jpg 1024w, https:\/\/bojornal.pt\/wp-content\/uploads\/2022\/05\/Feira-do-Emprego-300x225.jpg 300w, https:\/\/bojornal.pt\/wp-content\/uploads\/2022\/05\/Feira-do-Emprego-150x113.jpg 150w, https:\/\/bojornal.pt\/wp-content\/uploads\/2022\/05\/Feira-do-Emprego-768x576.jpg 768w, https:\/\/bojornal.pt\/wp-content\/uploads\/2022\/05\/Feira-do-Emprego-1536x1152.jpg 1536w, https:\/\/bojornal.pt\/wp-content\/uploads\/2022\/05\/Feira-do-Emprego.jpg 2048w\" sizes=\"auto, (max-width: 1024px) 100vw, 1024px\" \/><\/figure>\n\n\n\n<figure class=\"wp-block-image size-large is-style-default\"><img loading=\"lazy\" decoding=\"async\" width=\"1024\" height=\"768\" data-id=\"11339\" src=\"https:\/\/bojornal.pt\/wp-content\/uploads\/2022\/05\/Feira-do-Emprego1-1024x768.jpg\" alt=\"\" class=\"wp-image-11339\" srcset=\"https:\/\/bojornal.pt\/wp-content\/uploads\/2022\/05\/Feira-do-Emprego1-1024x768.jpg 1024w, https:\/\/bojornal.pt\/wp-content\/uploads\/2022\/05\/Feira-do-Emprego1-300x225.jpg 300w, https:\/\/bojornal.pt\/wp-content\/uploads\/2022\/05\/Feira-do-Emprego1-150x113.jpg 150w, https:\/\/bojornal.pt\/wp-content\/uploads\/2022\/05\/Feira-do-Emprego1-768x576.jpg 768w, https:\/\/bojornal.pt\/wp-content\/uploads\/2022\/05\/Feira-do-Emprego1-1536x1152.jpg 1536w, https:\/\/bojornal.pt\/wp-content\/uploads\/2022\/05\/Feira-do-Emprego1.jpg 2000w\" sizes=\"auto, (max-width: 1024px) 100vw, 1024px\" \/><\/figure>\n\n\n\n<figure class=\"wp-block-image size-large is-style-default\"><img loading=\"lazy\" decoding=\"async\" width=\"1024\" height=\"851\" data-id=\"11337\" src=\"https:\/\/bojornal.pt\/wp-content\/uploads\/2022\/05\/Feira-do-Emprego2-1024x851.jpg\" alt=\"\" class=\"wp-image-11337\" srcset=\"https:\/\/bojornal.pt\/wp-content\/uploads\/2022\/05\/Feira-do-Emprego2-1024x851.jpg 1024w, https:\/\/bojornal.pt\/wp-content\/uploads\/2022\/05\/Feira-do-Emprego2-300x249.jpg 300w, https:\/\/bojornal.pt\/wp-content\/uploads\/2022\/05\/Feira-do-Emprego2-150x125.jpg 150w, https:\/\/bojornal.pt\/wp-content\/uploads\/2022\/05\/Feira-do-Emprego2-768x638.jpg 768w, https:\/\/bojornal.pt\/wp-content\/uploads\/2022\/05\/Feira-do-Emprego2.jpg 1149w\" sizes=\"auto, (max-width: 1024px) 100vw, 1024px\" \/><\/figure>\n\n\n\n<figure class=\"wp-block-image size-large is-style-default\"><img loading=\"lazy\" decoding=\"async\" width=\"1024\" height=\"768\" data-id=\"11338\" src=\"https:\/\/bojornal.pt\/wp-content\/uploads\/2022\/05\/Feira-do-Emprego3-1024x768.jpg\" alt=\"\" class=\"wp-image-11338\" srcset=\"https:\/\/bojornal.pt\/wp-content\/uploads\/2022\/05\/Feira-do-Emprego3-1024x768.jpg 1024w, https:\/\/bojornal.pt\/wp-content\/uploads\/2022\/05\/Feira-do-Emprego3-300x225.jpg 300w, https:\/\/bojornal.pt\/wp-content\/uploads\/2022\/05\/Feira-do-Emprego3-150x113.jpg 150w, https:\/\/bojornal.pt\/wp-content\/uploads\/2022\/05\/Feira-do-Emprego3-768x576.jpg 768w, https:\/\/bojornal.pt\/wp-content\/uploads\/2022\/05\/Feira-do-Emprego3-1536x1152.jpg 1536w, https:\/\/bojornal.pt\/wp-content\/uploads\/2022\/05\/Feira-do-Emprego3.jpg 2000w\" sizes=\"auto, (max-width: 1024px) 100vw, 1024px\" \/><\/figure>\n<\/figure>\n\n\n\n<p>Este ano o Agrupamento Em\u00eddio Garcia participou em mais uma edi\u00e7\u00e3o da Feira do Emprego, Educa\u00e7\u00e3o e Solidariedade, evento promovido pela CLDS e o Munic\u00edpio de Bragan\u00e7a, nos passados dias 4 e 5 de maio. O Agrupamento divulgou a sua oferta formativa, sendo que os alunos dos cursos de sa\u00fade e animador sociocultural bem como a associa\u00e7\u00e3o de estudantes ficaram respons\u00e1veis pelo stand. A Banda Liceu protagonizou na Pra\u00e7a Cam\u00f5es, em Bragan\u00e7a, uma magn\u00edfica e elogiada atua\u00e7\u00e3o. No Liceu, o Sal\u00e3o Nobre acolheu uma a\u00e7\u00e3o de divulga\u00e7\u00e3o das ci\u00eancias policiais, para alunos de 12\u00baano. Com efeito os ex-alunos da Escola Em\u00eddio Garcia, Jo\u00e3o Melgo e Jo\u00e3o Moreira e outro transmontano, Jo\u00e3o Regino, foram os cadetes palestrantes que encantaram a plateia.<\/p>\n","protected":false},"excerpt":{"rendered":"<p>Este ano o Agrupamento Em\u00eddio Garcia participou em mais uma edi\u00e7\u00e3o da Feira do Emprego, Educa\u00e7\u00e3o e Solidariedade, evento promovido pela CLDS e o Munic\u00edpio de Bragan\u00e7a, nos passados dias 4 e 5 de&#46;&#46;&#46;<\/p>\n","protected":false},"author":2,"featured_media":11336,"comment_status":"closed","ping_status":"open","sticky":false,"template":"","format":"standard","meta":{"footnotes":""},"categories":[2,9],"tags":[],"class_list":["post-11335","post","type-post","status-publish","format-standard","has-post-thumbnail","hentry","category-atualidade","category-em-foco"],"_links":{"self":[{"href":"https:\/\/bojornal.pt\/index.php?rest_route=\/wp\/v2\/posts\/11335","targetHints":{"allow":["GET"]}}],"collection":[{"href":"https:\/\/bojornal.pt\/index.php?rest_route=\/wp\/v2\/posts"}],"about":[{"href":"https:\/\/bojornal.pt\/index.php?rest_route=\/wp\/v2\/types\/post"}],"author":[{"embeddable":true,"href":"https:\/\/bojornal.pt\/index.php?rest_route=\/wp\/v2\/users\/2"}],"replies":[{"embeddable":true,"href":"https:\/\/bojornal.pt\/index.php?rest_route=%2Fwp%2Fv2%2Fcomments&post=11335"}],"version-history":[{"count":0,"href":"https:\/\/bojornal.pt\/index.php?rest_route=\/wp\/v2\/posts\/11335\/revisions"}],"wp:featuredmedia":[{"embeddable":true,"href":"https:\/\/bojornal.pt\/index.php?rest_route=\/wp\/v2\/media\/11336"}],"wp:attachment":[{"href":"https:\/\/bojornal.pt\/index.php?rest_route=%2Fwp%2Fv2%2Fmedia&parent=11335"}],"wp:term":[{"taxonomy":"category","embeddable":true,"href":"https:\/\/bojornal.pt\/index.php?rest_route=%2Fwp%2Fv2%2Fcategories&post=11335"},{"taxonomy":"post_tag","embeddable":true,"href":"https:\/\/bojornal.pt\/index.php?rest_route=%2Fwp%2Fv2%2Ftags&post=11335"}],"curies":[{"name":"wp","href":"https:\/\/api.w.org\/{rel}","templated":true}]}}