{"id":11313,"date":"2022-05-08T21:08:19","date_gmt":"2022-05-08T20:08:19","guid":{"rendered":"https:\/\/bojornal.pt\/?p=11313"},"modified":"2022-05-08T21:08:21","modified_gmt":"2022-05-08T20:08:21","slug":"aluna-do-liceu-participou-em-oeiras-na-final-das-olimpiadas-portuguesas-de-biologia-de-2022","status":"publish","type":"post","link":"https:\/\/bojornal.pt\/?p=11313","title":{"rendered":"Aluna do Liceu participou, em Oeiras, na final das Olimp\u00edadas Portuguesas de Biologia de 2022\u00a0"},"content":{"rendered":"\n<figure class=\"wp-block-image size-large is-style-default\"><img loading=\"lazy\" decoding=\"async\" width=\"1024\" height=\"473\" src=\"https:\/\/bojornal.pt\/wp-content\/uploads\/2022\/05\/MicrosoftTeams-image-1-1024x473.jpg\" alt=\"\" class=\"wp-image-11314\" srcset=\"https:\/\/bojornal.pt\/wp-content\/uploads\/2022\/05\/MicrosoftTeams-image-1-1024x473.jpg 1024w, https:\/\/bojornal.pt\/wp-content\/uploads\/2022\/05\/MicrosoftTeams-image-1-300x139.jpg 300w, https:\/\/bojornal.pt\/wp-content\/uploads\/2022\/05\/MicrosoftTeams-image-1-150x69.jpg 150w, https:\/\/bojornal.pt\/wp-content\/uploads\/2022\/05\/MicrosoftTeams-image-1-768x355.jpg 768w, https:\/\/bojornal.pt\/wp-content\/uploads\/2022\/05\/MicrosoftTeams-image-1-1536x710.jpg 1536w, https:\/\/bojornal.pt\/wp-content\/uploads\/2022\/05\/MicrosoftTeams-image-1-2048x947.jpg 2048w\" sizes=\"auto, (max-width: 1024px) 100vw, 1024px\" \/><\/figure>\n\n\n\n<p>Decorreu em Oeiras, entre os dias 22 e 24 de abril, a eliminat\u00f3ria final das Olimp\u00edadas Portuguesas de Biologia (OPB) de 2022. Participaram nesta fase das olimp\u00edadas cerca de 47 alunos, dos 11\u00ba e 12\u00ba anos de v\u00e1rias escolas do pa\u00eds. A Escola Em\u00eddio Garcia marcou presen\u00e7a na eliminat\u00f3ria final atrav\u00e9s da participa\u00e7\u00e3o da aluna Sara dos Santos Vaz, do 12\u00ba ano. At\u00e9 chegar a esta fase, a Sara ultrapassou a 1\u00aa e 2\u00aa Eliminat\u00f3ria das Olimp\u00edadas de Biologia (Categoria S\u00e9nior \u2013 12\u00ba ano) tendo ficado entre os 50 primeiros classificados da 2\u00aa eliminat\u00f3ria a n\u00edvel Nacional. Nesta final, a Sara realizou 4 provas: uma prova de bioqu\u00edmica, uma prova de bioinform\u00e1tica, uma de zoologia e uma de biossistem\u00e1tica. A elabora\u00e7\u00e3o e aplica\u00e7\u00e3o das provas pr\u00e1ticas esteve a cargo do Instituto Nacional de Investiga\u00e7\u00e3o Agr\u00e1ria e Veterin\u00e1ria (INIAV) e do Instituto de Tecnologia Qu\u00edmica e Biol\u00f3gica Ant\u00f3nio Xavier (ITQB). Os alunos apurados ir\u00e3o representar Portugal nas Olimp\u00edadas Internacionais de Biologia (IBO) e nas Olimp\u00edadas Ibero-americanas de Biologia (OIAB). \u202f\u00a0<\/p>\n\n\n\n<p>O Professor Eduardo Esteves respons\u00e1vel pelas Olimp\u00edadas de Biologia a n\u00edvel da Escola, considera que a Sara Vaz teve uma participa\u00e7\u00e3o merit\u00f3ria e representou muito bem a nossa escola nestas atividades de car\u00e1ter cient\u00edfico.\u00a0 O professor espera poder contar com um maior envolvimento dos alunos nas pr\u00f3ximas Olimp\u00edadas Portuguesa de Biologia de 2023.\u00a0<\/p>\n","protected":false},"excerpt":{"rendered":"<p>Decorreu em Oeiras, entre os dias 22 e 24 de abril, a eliminat\u00f3ria final das Olimp\u00edadas Portuguesas de Biologia (OPB) de 2022. Participaram nesta fase das olimp\u00edadas cerca de 47 alunos, dos 11\u00ba e&#46;&#46;&#46;<\/p>\n","protected":false},"author":2,"featured_media":11314,"comment_status":"closed","ping_status":"open","sticky":false,"template":"","format":"standard","meta":{"footnotes":""},"categories":[2,9,16],"tags":[],"class_list":["post-11313","post","type-post","status-publish","format-standard","has-post-thumbnail","hentry","category-atualidade","category-em-foco","category-escola-secundaria-emidio-garcia"],"_links":{"self":[{"href":"https:\/\/bojornal.pt\/index.php?rest_route=\/wp\/v2\/posts\/11313","targetHints":{"allow":["GET"]}}],"collection":[{"href":"https:\/\/bojornal.pt\/index.php?rest_route=\/wp\/v2\/posts"}],"about":[{"href":"https:\/\/bojornal.pt\/index.php?rest_route=\/wp\/v2\/types\/post"}],"author":[{"embeddable":true,"href":"https:\/\/bojornal.pt\/index.php?rest_route=\/wp\/v2\/users\/2"}],"replies":[{"embeddable":true,"href":"https:\/\/bojornal.pt\/index.php?rest_route=%2Fwp%2Fv2%2Fcomments&post=11313"}],"version-history":[{"count":0,"href":"https:\/\/bojornal.pt\/index.php?rest_route=\/wp\/v2\/posts\/11313\/revisions"}],"wp:featuredmedia":[{"embeddable":true,"href":"https:\/\/bojornal.pt\/index.php?rest_route=\/wp\/v2\/media\/11314"}],"wp:attachment":[{"href":"https:\/\/bojornal.pt\/index.php?rest_route=%2Fwp%2Fv2%2Fmedia&parent=11313"}],"wp:term":[{"taxonomy":"category","embeddable":true,"href":"https:\/\/bojornal.pt\/index.php?rest_route=%2Fwp%2Fv2%2Fcategories&post=11313"},{"taxonomy":"post_tag","embeddable":true,"href":"https:\/\/bojornal.pt\/index.php?rest_route=%2Fwp%2Fv2%2Ftags&post=11313"}],"curies":[{"name":"wp","href":"https:\/\/api.w.org\/{rel}","templated":true}]}}