{"id":11292,"date":"2022-04-10T23:05:00","date_gmt":"2022-04-10T22:05:00","guid":{"rendered":"https:\/\/bojornal.pt\/?p=11292"},"modified":"2022-05-02T23:16:57","modified_gmt":"2022-05-02T22:16:57","slug":"semana-da-astronomia","status":"publish","type":"post","link":"https:\/\/bojornal.pt\/?p=11292","title":{"rendered":"Semana da Astronomia"},"content":{"rendered":"\n<figure class=\"wp-block-gallery has-nested-images columns-default is-cropped wp-block-gallery-1 is-layout-flex wp-block-gallery-is-layout-flex\">\n<figure class=\"wp-block-image size-large is-style-default\"><img loading=\"lazy\" decoding=\"async\" width=\"768\" height=\"1024\" data-id=\"11298\" src=\"https:\/\/bojornal.pt\/wp-content\/uploads\/2022\/05\/Semana-Astronomia-9-768x1024.jpeg\" alt=\"\" class=\"wp-image-11298\" srcset=\"https:\/\/bojornal.pt\/wp-content\/uploads\/2022\/05\/Semana-Astronomia-9-768x1024.jpeg 768w, https:\/\/bojornal.pt\/wp-content\/uploads\/2022\/05\/Semana-Astronomia-9-225x300.jpeg 225w, https:\/\/bojornal.pt\/wp-content\/uploads\/2022\/05\/Semana-Astronomia-9-113x150.jpeg 113w, https:\/\/bojornal.pt\/wp-content\/uploads\/2022\/05\/Semana-Astronomia-9-1152x1536.jpeg 1152w, https:\/\/bojornal.pt\/wp-content\/uploads\/2022\/05\/Semana-Astronomia-9.jpeg 1536w\" sizes=\"auto, (max-width: 768px) 100vw, 768px\" \/><\/figure>\n\n\n\n<figure class=\"wp-block-image size-large is-style-default\"><img loading=\"lazy\" decoding=\"async\" width=\"1024\" height=\"768\" data-id=\"11293\" src=\"https:\/\/bojornal.pt\/wp-content\/uploads\/2022\/05\/Semana-Astronomia-10-1024x768.jpeg\" alt=\"\" class=\"wp-image-11293\" srcset=\"https:\/\/bojornal.pt\/wp-content\/uploads\/2022\/05\/Semana-Astronomia-10-1024x768.jpeg 1024w, https:\/\/bojornal.pt\/wp-content\/uploads\/2022\/05\/Semana-Astronomia-10-300x225.jpeg 300w, https:\/\/bojornal.pt\/wp-content\/uploads\/2022\/05\/Semana-Astronomia-10-150x113.jpeg 150w, https:\/\/bojornal.pt\/wp-content\/uploads\/2022\/05\/Semana-Astronomia-10-768x576.jpeg 768w, https:\/\/bojornal.pt\/wp-content\/uploads\/2022\/05\/Semana-Astronomia-10-1536x1152.jpeg 1536w, https:\/\/bojornal.pt\/wp-content\/uploads\/2022\/05\/Semana-Astronomia-10.jpeg 2048w\" sizes=\"auto, (max-width: 1024px) 100vw, 1024px\" \/><\/figure>\n\n\n\n<figure class=\"wp-block-image size-large is-style-default\"><img loading=\"lazy\" decoding=\"async\" width=\"1024\" height=\"768\" data-id=\"11301\" src=\"https:\/\/bojornal.pt\/wp-content\/uploads\/2022\/05\/Semana-Astronomia-12-1024x768.jpeg\" alt=\"\" class=\"wp-image-11301\" srcset=\"https:\/\/bojornal.pt\/wp-content\/uploads\/2022\/05\/Semana-Astronomia-12-1024x768.jpeg 1024w, https:\/\/bojornal.pt\/wp-content\/uploads\/2022\/05\/Semana-Astronomia-12-300x225.jpeg 300w, https:\/\/bojornal.pt\/wp-content\/uploads\/2022\/05\/Semana-Astronomia-12-150x113.jpeg 150w, https:\/\/bojornal.pt\/wp-content\/uploads\/2022\/05\/Semana-Astronomia-12-768x576.jpeg 768w, https:\/\/bojornal.pt\/wp-content\/uploads\/2022\/05\/Semana-Astronomia-12-1536x1152.jpeg 1536w, https:\/\/bojornal.pt\/wp-content\/uploads\/2022\/05\/Semana-Astronomia-12.jpeg 1600w\" sizes=\"auto, (max-width: 1024px) 100vw, 1024px\" \/><\/figure>\n\n\n\n<figure class=\"wp-block-image size-large is-style-default\"><img loading=\"lazy\" decoding=\"async\" width=\"1024\" height=\"768\" data-id=\"11299\" src=\"https:\/\/bojornal.pt\/wp-content\/uploads\/2022\/05\/Semana-Astronomia-11-1024x768.jpeg\" alt=\"\" class=\"wp-image-11299\" srcset=\"https:\/\/bojornal.pt\/wp-content\/uploads\/2022\/05\/Semana-Astronomia-11-1024x768.jpeg 1024w, https:\/\/bojornal.pt\/wp-content\/uploads\/2022\/05\/Semana-Astronomia-11-300x225.jpeg 300w, https:\/\/bojornal.pt\/wp-content\/uploads\/2022\/05\/Semana-Astronomia-11-150x113.jpeg 150w, https:\/\/bojornal.pt\/wp-content\/uploads\/2022\/05\/Semana-Astronomia-11-768x576.jpeg 768w, https:\/\/bojornal.pt\/wp-content\/uploads\/2022\/05\/Semana-Astronomia-11-1536x1152.jpeg 1536w, https:\/\/bojornal.pt\/wp-content\/uploads\/2022\/05\/Semana-Astronomia-11.jpeg 1600w\" sizes=\"auto, (max-width: 1024px) 100vw, 1024px\" \/><\/figure>\n\n\n\n<figure class=\"wp-block-image size-large is-style-default\"><img loading=\"lazy\" decoding=\"async\" width=\"1024\" height=\"768\" data-id=\"11300\" src=\"https:\/\/bojornal.pt\/wp-content\/uploads\/2022\/05\/Semana-Astronomia-1-1024x768.jpeg\" alt=\"\" class=\"wp-image-11300\" srcset=\"https:\/\/bojornal.pt\/wp-content\/uploads\/2022\/05\/Semana-Astronomia-1-1024x768.jpeg 1024w, https:\/\/bojornal.pt\/wp-content\/uploads\/2022\/05\/Semana-Astronomia-1-300x225.jpeg 300w, https:\/\/bojornal.pt\/wp-content\/uploads\/2022\/05\/Semana-Astronomia-1-150x113.jpeg 150w, https:\/\/bojornal.pt\/wp-content\/uploads\/2022\/05\/Semana-Astronomia-1-768x576.jpeg 768w, https:\/\/bojornal.pt\/wp-content\/uploads\/2022\/05\/Semana-Astronomia-1-1536x1152.jpeg 1536w, https:\/\/bojornal.pt\/wp-content\/uploads\/2022\/05\/Semana-Astronomia-1.jpeg 1600w\" sizes=\"auto, (max-width: 1024px) 100vw, 1024px\" \/><\/figure>\n\n\n\n<figure class=\"wp-block-image size-large is-style-default\"><img loading=\"lazy\" decoding=\"async\" width=\"768\" height=\"1024\" data-id=\"11295\" src=\"https:\/\/bojornal.pt\/wp-content\/uploads\/2022\/05\/Semana-Astronomia-8-768x1024.jpeg\" alt=\"\" class=\"wp-image-11295\" srcset=\"https:\/\/bojornal.pt\/wp-content\/uploads\/2022\/05\/Semana-Astronomia-8-768x1024.jpeg 768w, https:\/\/bojornal.pt\/wp-content\/uploads\/2022\/05\/Semana-Astronomia-8-225x300.jpeg 225w, https:\/\/bojornal.pt\/wp-content\/uploads\/2022\/05\/Semana-Astronomia-8-113x150.jpeg 113w, https:\/\/bojornal.pt\/wp-content\/uploads\/2022\/05\/Semana-Astronomia-8-1152x1536.jpeg 1152w, https:\/\/bojornal.pt\/wp-content\/uploads\/2022\/05\/Semana-Astronomia-8.jpeg 1536w\" sizes=\"auto, (max-width: 768px) 100vw, 768px\" \/><\/figure>\n\n\n\n<figure class=\"wp-block-image size-large is-style-default\"><img loading=\"lazy\" decoding=\"async\" width=\"768\" height=\"1024\" data-id=\"11302\" src=\"https:\/\/bojornal.pt\/wp-content\/uploads\/2022\/05\/Semana-Astronomia-2-768x1024.jpeg\" alt=\"\" class=\"wp-image-11302\" srcset=\"https:\/\/bojornal.pt\/wp-content\/uploads\/2022\/05\/Semana-Astronomia-2-768x1024.jpeg 768w, https:\/\/bojornal.pt\/wp-content\/uploads\/2022\/05\/Semana-Astronomia-2-225x300.jpeg 225w, https:\/\/bojornal.pt\/wp-content\/uploads\/2022\/05\/Semana-Astronomia-2-113x150.jpeg 113w, https:\/\/bojornal.pt\/wp-content\/uploads\/2022\/05\/Semana-Astronomia-2-1152x1536.jpeg 1152w, https:\/\/bojornal.pt\/wp-content\/uploads\/2022\/05\/Semana-Astronomia-2.jpeg 1536w\" sizes=\"auto, (max-width: 768px) 100vw, 768px\" \/><\/figure>\n\n\n\n<figure class=\"wp-block-image size-large is-style-default\"><img loading=\"lazy\" decoding=\"async\" width=\"1024\" height=\"768\" data-id=\"11303\" src=\"https:\/\/bojornal.pt\/wp-content\/uploads\/2022\/05\/Semana-Astronomia-3-1024x768.jpeg\" alt=\"\" class=\"wp-image-11303\" srcset=\"https:\/\/bojornal.pt\/wp-content\/uploads\/2022\/05\/Semana-Astronomia-3-1024x768.jpeg 1024w, https:\/\/bojornal.pt\/wp-content\/uploads\/2022\/05\/Semana-Astronomia-3-300x225.jpeg 300w, https:\/\/bojornal.pt\/wp-content\/uploads\/2022\/05\/Semana-Astronomia-3-150x113.jpeg 150w, https:\/\/bojornal.pt\/wp-content\/uploads\/2022\/05\/Semana-Astronomia-3-768x576.jpeg 768w, https:\/\/bojornal.pt\/wp-content\/uploads\/2022\/05\/Semana-Astronomia-3-1536x1152.jpeg 1536w, https:\/\/bojornal.pt\/wp-content\/uploads\/2022\/05\/Semana-Astronomia-3.jpeg 2048w\" sizes=\"auto, (max-width: 1024px) 100vw, 1024px\" \/><\/figure>\n\n\n\n<figure class=\"wp-block-image size-large is-style-default\"><img loading=\"lazy\" decoding=\"async\" width=\"1024\" height=\"768\" data-id=\"11304\" src=\"https:\/\/bojornal.pt\/wp-content\/uploads\/2022\/05\/Semana-Astronomia-4-1024x768.jpeg\" alt=\"\" class=\"wp-image-11304\" srcset=\"https:\/\/bojornal.pt\/wp-content\/uploads\/2022\/05\/Semana-Astronomia-4-1024x768.jpeg 1024w, https:\/\/bojornal.pt\/wp-content\/uploads\/2022\/05\/Semana-Astronomia-4-300x225.jpeg 300w, https:\/\/bojornal.pt\/wp-content\/uploads\/2022\/05\/Semana-Astronomia-4-150x113.jpeg 150w, https:\/\/bojornal.pt\/wp-content\/uploads\/2022\/05\/Semana-Astronomia-4-768x576.jpeg 768w, https:\/\/bojornal.pt\/wp-content\/uploads\/2022\/05\/Semana-Astronomia-4-1536x1152.jpeg 1536w, https:\/\/bojornal.pt\/wp-content\/uploads\/2022\/05\/Semana-Astronomia-4.jpeg 2048w\" sizes=\"auto, (max-width: 1024px) 100vw, 1024px\" \/><\/figure>\n\n\n\n<figure class=\"wp-block-image size-large is-style-default\"><img loading=\"lazy\" decoding=\"async\" width=\"768\" height=\"1024\" data-id=\"11294\" src=\"https:\/\/bojornal.pt\/wp-content\/uploads\/2022\/05\/Semana-Astronomia-5-768x1024.jpeg\" alt=\"\" class=\"wp-image-11294\" srcset=\"https:\/\/bojornal.pt\/wp-content\/uploads\/2022\/05\/Semana-Astronomia-5-768x1024.jpeg 768w, https:\/\/bojornal.pt\/wp-content\/uploads\/2022\/05\/Semana-Astronomia-5-225x300.jpeg 225w, https:\/\/bojornal.pt\/wp-content\/uploads\/2022\/05\/Semana-Astronomia-5-113x150.jpeg 113w, https:\/\/bojornal.pt\/wp-content\/uploads\/2022\/05\/Semana-Astronomia-5-1152x1536.jpeg 1152w, https:\/\/bojornal.pt\/wp-content\/uploads\/2022\/05\/Semana-Astronomia-5.jpeg 1536w\" sizes=\"auto, (max-width: 768px) 100vw, 768px\" \/><\/figure>\n\n\n\n<figure class=\"wp-block-image size-large is-style-default\"><img loading=\"lazy\" decoding=\"async\" width=\"768\" height=\"1024\" data-id=\"11296\" src=\"https:\/\/bojornal.pt\/wp-content\/uploads\/2022\/05\/Semana-Astronomia-6-768x1024.jpeg\" alt=\"\" class=\"wp-image-11296\" srcset=\"https:\/\/bojornal.pt\/wp-content\/uploads\/2022\/05\/Semana-Astronomia-6-768x1024.jpeg 768w, https:\/\/bojornal.pt\/wp-content\/uploads\/2022\/05\/Semana-Astronomia-6-225x300.jpeg 225w, https:\/\/bojornal.pt\/wp-content\/uploads\/2022\/05\/Semana-Astronomia-6-113x150.jpeg 113w, https:\/\/bojornal.pt\/wp-content\/uploads\/2022\/05\/Semana-Astronomia-6-1152x1536.jpeg 1152w, https:\/\/bojornal.pt\/wp-content\/uploads\/2022\/05\/Semana-Astronomia-6.jpeg 1536w\" sizes=\"auto, (max-width: 768px) 100vw, 768px\" \/><\/figure>\n\n\n\n<figure class=\"wp-block-image size-large is-style-default\"><img loading=\"lazy\" decoding=\"async\" width=\"1024\" height=\"768\" data-id=\"11297\" src=\"https:\/\/bojornal.pt\/wp-content\/uploads\/2022\/05\/Semana-Astronomia-7-1024x768.jpeg\" alt=\"\" class=\"wp-image-11297\" srcset=\"https:\/\/bojornal.pt\/wp-content\/uploads\/2022\/05\/Semana-Astronomia-7-1024x768.jpeg 1024w, https:\/\/bojornal.pt\/wp-content\/uploads\/2022\/05\/Semana-Astronomia-7-300x225.jpeg 300w, https:\/\/bojornal.pt\/wp-content\/uploads\/2022\/05\/Semana-Astronomia-7-150x113.jpeg 150w, https:\/\/bojornal.pt\/wp-content\/uploads\/2022\/05\/Semana-Astronomia-7-768x576.jpeg 768w, https:\/\/bojornal.pt\/wp-content\/uploads\/2022\/05\/Semana-Astronomia-7-1536x1152.jpeg 1536w, https:\/\/bojornal.pt\/wp-content\/uploads\/2022\/05\/Semana-Astronomia-7.jpeg 2048w\" sizes=\"auto, (max-width: 1024px) 100vw, 1024px\" \/><\/figure>\n\n\n\n<figure class=\"wp-block-image size-large is-style-default\"><img loading=\"lazy\" decoding=\"async\" width=\"1024\" height=\"768\" data-id=\"11305\" src=\"https:\/\/bojornal.pt\/wp-content\/uploads\/2022\/05\/Semana-Astronomia-3-1-1024x768.jpeg\" alt=\"\" class=\"wp-image-11305\" srcset=\"https:\/\/bojornal.pt\/wp-content\/uploads\/2022\/05\/Semana-Astronomia-3-1-1024x768.jpeg 1024w, https:\/\/bojornal.pt\/wp-content\/uploads\/2022\/05\/Semana-Astronomia-3-1-300x225.jpeg 300w, https:\/\/bojornal.pt\/wp-content\/uploads\/2022\/05\/Semana-Astronomia-3-1-150x113.jpeg 150w, https:\/\/bojornal.pt\/wp-content\/uploads\/2022\/05\/Semana-Astronomia-3-1-768x576.jpeg 768w, https:\/\/bojornal.pt\/wp-content\/uploads\/2022\/05\/Semana-Astronomia-3-1-1536x1152.jpeg 1536w, https:\/\/bojornal.pt\/wp-content\/uploads\/2022\/05\/Semana-Astronomia-3-1.jpeg 2048w\" sizes=\"auto, (max-width: 1024px) 100vw, 1024px\" \/><\/figure>\n<\/figure>\n\n\n\n<p>A Escola Secund\u00e1ria Em\u00eddio Garcia acolheu a 1\u00aa Semana da Astronomia, iniciativa inserida no projeto Clubes Ci\u00eancia Viva na Escola e que contou com o apoio da Editora <em>Leya e <\/em>da Associa\u00e7\u00e3o de Estudantes<em>.<\/em> Durante a semana entre 5 e 8 de abril, v\u00e1rios alunos de 7\u00baano puderam expor os seus trabalhos relacionados com a \u201cExplora\u00e7\u00e3o Espacial\u201d. Os trabalhos estiveram sujeitos, durante dois dias, a uma vota\u00e7\u00e3o organizada pela Associa\u00e7\u00e3o de Estudantes da Escola na qual votaram professores, alunos e funcion\u00e1rios.<\/p>\n\n\n\n<p>No final da semana o subdiretor do Agrupamento, Carlos Fernandes, entregou os pr\u00e9mios e os certificados aos tr\u00eas melhores classificados e felicitou todos os participantes pelos excelentes trabalhos desenvolvidos.<\/p>\n\n\n\n<p>Os trabalhos vencedores da I Semana da Astronomia foram:<\/p>\n\n\n\n<p><strong>1\u00ba lugar<\/strong> \u2013 <em>Rover Opportunity, <\/em>realizado pelos alunos: Jo\u00e3o Torres, Andr\u00e9 Bemposta e Ces\u00e1rio Borges<\/p>\n\n\n\n<p><strong>2\u00ba Lugar<\/strong> \u2013 <em>Lunar Starship da SpaceX<\/em>, realizado pelos alunos Miguel Rodrigues, Martim Cruz e Eduardo Costa<\/p>\n\n\n\n<p><strong>3\u00ba Lugar<\/strong> \u2013 <em>Space Shuttle<\/em>, realizado pelas alunas Leonor Vaz e Iara S\u00e1<\/p>\n\n\n\n<p>De acordo com os docentes de F\u00edsica e Qu\u00edmica do Agrupamento, a escola n\u00e3o pode ignorar os avan\u00e7os cient\u00edficos e tecnol\u00f3gicos dos \u00faltimos anos. A&nbsp;pr\u00f3xima d\u00e9cada&nbsp;promete anos emocionantes de&nbsp;explora\u00e7\u00e3o espacial.<\/p>\n\n\n\n<p>No final do ano de 2021 o mundo inteiro teve oportunidade de assistir ao lan\u00e7amento do telesc\u00f3pio espacial <em>James Webb<\/em> em direto pela televis\u00e3o ou atrav\u00e9s de plataformas virtuais. Este telesc\u00f3pio \u00e9 extremamente importante, pois revelar\u00e1 novas e inesperadas descobertas que ajudar\u00e3o a Humanidade a entender as origens do Universo e o nosso lugar nele.<\/p>\n\n\n\n<p>Durante o ano de 2022 vai iniciar-se tamb\u00e9m o programa <em>Artemis.<\/em> Um programa de voo espacial tripulado, que tem como objetivo pousar a primeira mulher e o pr\u00f3ximo homem na lua em 2025. De acordo com a mitologia grega <em>Artemis<\/em> \u00e9 a deusa da lua e tamb\u00e9m a irm\u00e3 g\u00e9mea de <em>Apollo.<\/em> Numa altura em que a igualdade de g\u00e9nero \u00e9 um assunto t\u00e3o discutido em grande parte do mundo, este programa visa tamb\u00e9m relembrar e real\u00e7ar o valor das mulheres na Ci\u00eancia e na Sociedade!<\/p>\n\n\n\n<p>Realizada pela NASA em julho de 1969, a miss\u00e3o <em>Apollo 11<\/em> teve como objetivo levar o Homem at\u00e9 \u00e0 lua e traz\u00ea-lo de volta em seguran\u00e7a.<\/p>\n\n\n\n<p>Mais de 50 anos depois, chegou o momento de regressar\u2026<\/p>\n","protected":false},"excerpt":{"rendered":"<p>A Escola Secund\u00e1ria Em\u00eddio Garcia acolheu a 1\u00aa Semana da Astronomia, iniciativa inserida no projeto Clubes Ci\u00eancia Viva na Escola e que contou com o apoio da Editora Leya e da Associa\u00e7\u00e3o de Estudantes.&#46;&#46;&#46;<\/p>\n","protected":false},"author":2,"featured_media":11303,"comment_status":"closed","ping_status":"open","sticky":false,"template":"","format":"standard","meta":{"footnotes":""},"categories":[2,9,16],"tags":[],"class_list":["post-11292","post","type-post","status-publish","format-standard","has-post-thumbnail","hentry","category-atualidade","category-em-foco","category-escola-secundaria-emidio-garcia"],"_links":{"self":[{"href":"https:\/\/bojornal.pt\/index.php?rest_route=\/wp\/v2\/posts\/11292","targetHints":{"allow":["GET"]}}],"collection":[{"href":"https:\/\/bojornal.pt\/index.php?rest_route=\/wp\/v2\/posts"}],"about":[{"href":"https:\/\/bojornal.pt\/index.php?rest_route=\/wp\/v2\/types\/post"}],"author":[{"embeddable":true,"href":"https:\/\/bojornal.pt\/index.php?rest_route=\/wp\/v2\/users\/2"}],"replies":[{"embeddable":true,"href":"https:\/\/bojornal.pt\/index.php?rest_route=%2Fwp%2Fv2%2Fcomments&post=11292"}],"version-history":[{"count":0,"href":"https:\/\/bojornal.pt\/index.php?rest_route=\/wp\/v2\/posts\/11292\/revisions"}],"wp:featuredmedia":[{"embeddable":true,"href":"https:\/\/bojornal.pt\/index.php?rest_route=\/wp\/v2\/media\/11303"}],"wp:attachment":[{"href":"https:\/\/bojornal.pt\/index.php?rest_route=%2Fwp%2Fv2%2Fmedia&parent=11292"}],"wp:term":[{"taxonomy":"category","embeddable":true,"href":"https:\/\/bojornal.pt\/index.php?rest_route=%2Fwp%2Fv2%2Fcategories&post=11292"},{"taxonomy":"post_tag","embeddable":true,"href":"https:\/\/bojornal.pt\/index.php?rest_route=%2Fwp%2Fv2%2Ftags&post=11292"}],"curies":[{"name":"wp","href":"https:\/\/api.w.org\/{rel}","templated":true}]}}