{"id":11258,"date":"2022-04-30T21:25:18","date_gmt":"2022-04-30T20:25:18","guid":{"rendered":"https:\/\/bojornal.pt\/?p=11258"},"modified":"2022-04-30T21:25:21","modified_gmt":"2022-04-30T20:25:21","slug":"aluna-do-liceu-discursa-nas-comemoracoes-do-25-de-abril","status":"publish","type":"post","link":"https:\/\/bojornal.pt\/?p=11258","title":{"rendered":"Aluna do Liceu discursa nas comemora\u00e7\u00f5es do 25 de abril"},"content":{"rendered":"\n<p><strong><em>Yelyzabeta Piskunova, aluna do 8\u00ba ano do Agrupamento de Escolas Em\u00eddio Garcia, fez uma interven\u00e7\u00e3o na Sess\u00e3o da Assembleia Municipal de Bragan\u00e7a<\/em><\/strong>.<\/p>\n\n\n\n<figure class=\"wp-block-image size-large is-style-default\"><img loading=\"lazy\" decoding=\"async\" width=\"1024\" height=\"683\" src=\"https:\/\/bojornal.pt\/wp-content\/uploads\/2022\/04\/25-de-abril-20022_Discurso-Liza-1024x683.jpg\" alt=\"\" class=\"wp-image-11259\" srcset=\"https:\/\/bojornal.pt\/wp-content\/uploads\/2022\/04\/25-de-abril-20022_Discurso-Liza-1024x683.jpg 1024w, https:\/\/bojornal.pt\/wp-content\/uploads\/2022\/04\/25-de-abril-20022_Discurso-Liza-300x200.jpg 300w, https:\/\/bojornal.pt\/wp-content\/uploads\/2022\/04\/25-de-abril-20022_Discurso-Liza-150x100.jpg 150w, https:\/\/bojornal.pt\/wp-content\/uploads\/2022\/04\/25-de-abril-20022_Discurso-Liza-768x512.jpg 768w, https:\/\/bojornal.pt\/wp-content\/uploads\/2022\/04\/25-de-abril-20022_Discurso-Liza-1536x1024.jpg 1536w, https:\/\/bojornal.pt\/wp-content\/uploads\/2022\/04\/25-de-abril-20022_Discurso-Liza.jpg 2048w\" sizes=\"auto, (max-width: 1024px) 100vw, 1024px\" \/><\/figure>\n\n\n\n<p>Este ano, o Agrupamento de Escolas Em\u00eddio Garcia participou ativamente na Celebra\u00e7\u00e3o Comemorativa dos 48 anos do 25 de abril, em Sess\u00e3o da Assembleia Municipal de Bragan\u00e7a. Yelyzabeta Piskunova, aluna do 8\u00ba C, emigrante ucraniana a residir h\u00e1 sete anos em Portugal, foi convidada para discursar sobre a Liberdade e a atual situa\u00e7\u00e3o da Ucr\u00e2nia. A nossa jovem aluna esteve ao mais alto n\u00edvel, dando o seu testemunho \u201cbreve, mas sentido\u201d, no qual destacou que o seu pa\u00eds \u201cperdeu a liberdade por causa da guerra\u201d e que anseia que \u201cum cravo, um girassol ou outra flor qualquer substitua as armas e os tanques na Ucr\u00e2nia\u201d. <\/p>\n\n\n\n<p><br \/><\/p>\n","protected":false},"excerpt":{"rendered":"<p>Yelyzabeta Piskunova, aluna do 8\u00ba ano do Agrupamento de Escolas Em\u00eddio Garcia, fez uma interven\u00e7\u00e3o na Sess\u00e3o da Assembleia Municipal de Bragan\u00e7a. Este ano, o Agrupamento de Escolas Em\u00eddio Garcia participou ativamente na Celebra\u00e7\u00e3o&#46;&#46;&#46;<\/p>\n","protected":false},"author":2,"featured_media":11259,"comment_status":"closed","ping_status":"open","sticky":false,"template":"","format":"standard","meta":{"footnotes":""},"categories":[2,9,16],"tags":[],"class_list":["post-11258","post","type-post","status-publish","format-standard","has-post-thumbnail","hentry","category-atualidade","category-em-foco","category-escola-secundaria-emidio-garcia"],"_links":{"self":[{"href":"https:\/\/bojornal.pt\/index.php?rest_route=\/wp\/v2\/posts\/11258","targetHints":{"allow":["GET"]}}],"collection":[{"href":"https:\/\/bojornal.pt\/index.php?rest_route=\/wp\/v2\/posts"}],"about":[{"href":"https:\/\/bojornal.pt\/index.php?rest_route=\/wp\/v2\/types\/post"}],"author":[{"embeddable":true,"href":"https:\/\/bojornal.pt\/index.php?rest_route=\/wp\/v2\/users\/2"}],"replies":[{"embeddable":true,"href":"https:\/\/bojornal.pt\/index.php?rest_route=%2Fwp%2Fv2%2Fcomments&post=11258"}],"version-history":[{"count":0,"href":"https:\/\/bojornal.pt\/index.php?rest_route=\/wp\/v2\/posts\/11258\/revisions"}],"wp:featuredmedia":[{"embeddable":true,"href":"https:\/\/bojornal.pt\/index.php?rest_route=\/wp\/v2\/media\/11259"}],"wp:attachment":[{"href":"https:\/\/bojornal.pt\/index.php?rest_route=%2Fwp%2Fv2%2Fmedia&parent=11258"}],"wp:term":[{"taxonomy":"category","embeddable":true,"href":"https:\/\/bojornal.pt\/index.php?rest_route=%2Fwp%2Fv2%2Fcategories&post=11258"},{"taxonomy":"post_tag","embeddable":true,"href":"https:\/\/bojornal.pt\/index.php?rest_route=%2Fwp%2Fv2%2Ftags&post=11258"}],"curies":[{"name":"wp","href":"https:\/\/api.w.org\/{rel}","templated":true}]}}